{"id":45699,"date":"2023-06-15T18:00:39","date_gmt":"2023-06-16T00:00:39","guid":{"rendered":"https:\/\/informativoelvalledeaguascalientes.online\/?p=45699"},"modified":"2023-06-15T18:00:39","modified_gmt":"2023-06-16T00:00:39","slug":"reitera-tere-jimenez-su-compromiso-de-fortalecer-y-apoyar-a-todos-los-municipios-del-estado","status":"publish","type":"post","link":"https:\/\/informativoelvalledeaguascalientes.online\/?p=45699","title":{"rendered":"REITERA TERE JIM\u00c9NEZ SU COMPROMISO DE FORTALECER Y APOYAR A TODOS LOS MUNICIPIOS DEL ESTADO"},"content":{"rendered":"<div id=\"bgLayers_comp-l7sjppch\" class=\"MW5IWV\" data-hook=\"bgLayers\">\n<div id=\"bgMedia_comp-l7sjppch\" class=\"VgO9Yg\">\n<p><strong><a href=\"https:\/\/www.facebook.com\/hashtag\/informativoelvalledeaguascalientes\">#informativoelvalledeaguascalientes<\/a> <\/strong><\/p>\n<p><strong><a href=\"https:\/\/www.facebook.com\/hashtag\/novaradioaguascalientes\">#novaradioaguascalientes<\/a><\/strong><\/p>\n<p><strong><a href=\"https:\/\/www.facebook.com\/GobiernodeAguascalientes\">#ElGiganteDeMexico<\/a><\/strong><\/p>\n<\/div>\n<\/div>\n<div class=\"\" data-mesh-id=\"comp-l7sjppchinlineContent\" data-testid=\"inline-content\">\n<div data-mesh-id=\"comp-l7sjppchinlineContent-gridContainer\" data-testid=\"mesh-container-content\">\n<section id=\"comp-l7sh9ubq\" class=\"comp-l7sh9ubq CohWsy wixui-column-strip\">\n<div class=\"V5AUxf\" data-testid=\"columns\">\n<div id=\"comp-l7sh9ubr2\" class=\"comp-l7sh9ubr2 YzqVVZ wixui-column-strip__column\">\n<div class=\"\" data-mesh-id=\"comp-l7sh9ubr2inlineContent\" data-testid=\"inline-content\">\n<div data-mesh-id=\"comp-l7sh9ubr2inlineContent-gridContainer\" data-testid=\"mesh-container-content\">\n<div id=\"comp-l7sh9ubx\" class=\"TWFxr5\">\n<div class=\"comp-l7sh9ubx\">\n<div class=\"s1IW4bz comp-l7sh9ubx\" data-hook=\"ricosviewer-wrapper\">\n<div class=\"kvdbP _1O7aH\" dir=\"ltr\" data-id=\"rich-content-viewer\">\n<div class=\"_1hN1O _3EPBy\">\n<p id=\"viewer-foo\" class=\"mm8Nw _1j-51 _1FoOD _78FBa public-DraftStyleDefault-block-depth0 fixed-tab-size public-DraftStyleDefault-text-ltr\"><span class=\"_2PHJq public-DraftStyleDefault-ltr\">En el marco de las reuniones que la gobernadora Tere Jim\u00e9nez sostiene mensualmente con presidentas y presidentes municipales, les present\u00f3 algunos proyectos estrat\u00e9gicos y programas para fortalecer el desarrollo de estos puntos.<\/span><\/p>\n<div id=\"viewer-ii8n0128\" class=\"mm8Nw _1j-51 _1FoOD _78FBa public-DraftStyleDefault-block-depth0 fixed-tab-size public-DraftStyleDefault-text-ltr\"><span class=\"_2PHJq public-DraftStyleDefault-ltr\">\u00a0<\/span><\/div>\n<p id=\"viewer-2zd4f129\" class=\"mm8Nw _1j-51 _1FoOD _78FBa public-DraftStyleDefault-block-depth0 fixed-tab-size public-DraftStyleDefault-text-ltr\"><span class=\"_2PHJq public-DraftStyleDefault-ltr\">\u201cSoy una gobernadora municipalista y siempre tendr\u00e1n todo mi apoyo y respaldo para que las familias de los municipios salgan adelante y mejoren su calidad de vida; vamos a trabajar junto con ustedes para darles respuestas y soluciones a nuestra gente\u201d, les dijo Tere Jim\u00e9nez a los alcaldes.<\/span><\/p>\n<div id=\"viewer-xhadd131\" class=\"mm8Nw _1j-51 _1FoOD _78FBa public-DraftStyleDefault-block-depth0 fixed-tab-size public-DraftStyleDefault-text-ltr\"><span class=\"_2PHJq public-DraftStyleDefault-ltr\">\u00a0<\/span><\/div>\n<p id=\"viewer-eqkco132\" class=\"mm8Nw _1j-51 _1FoOD _78FBa public-DraftStyleDefault-block-depth0 fixed-tab-size public-DraftStyleDefault-text-ltr\"><span class=\"_2PHJq public-DraftStyleDefault-ltr\">Asimismo, les present\u00f3 los programas que impulsa el Gobierno del Estado a favor del campo de Aguascalientes y los llam\u00f3 a hacer uso de los mismos en este momento, especialmente aquellos orientados a contrarrestar los efectos de la sequ\u00eda severa que actualmente afecta a la entidad.<\/span><\/p>\n<div id=\"viewer-o4mq4134\" class=\"mm8Nw _1j-51 _1FoOD _78FBa public-DraftStyleDefault-block-depth0 fixed-tab-size public-DraftStyleDefault-text-ltr\"><span class=\"_2PHJq public-DraftStyleDefault-ltr\">\u00a0<\/span><\/div>\n<p id=\"viewer-vbxkg135\" class=\"mm8Nw _1j-51 _1FoOD _78FBa public-DraftStyleDefault-block-depth0 fixed-tab-size public-DraftStyleDefault-text-ltr\"><span class=\"_2PHJq public-DraftStyleDefault-ltr\">\u201cEl campo es donde se genera vida y por eso es tan importante para mi administraci\u00f3n; queremos que nuestro campo sea cada vez m\u00e1s rentable y que los productores cuenten con todo el respaldo para que mejoren su calidad de vida\u201d, destac\u00f3 la gobernadora ante los alcaldes.<\/span><\/p>\n<div id=\"viewer-bdmu5137\" class=\"mm8Nw _1j-51 _1FoOD _78FBa public-DraftStyleDefault-block-depth0 fixed-tab-size public-DraftStyleDefault-text-ltr\"><span class=\"_2PHJq public-DraftStyleDefault-ltr\">\u00a0<\/span><\/div>\n<p id=\"viewer-rshg1138\" class=\"mm8Nw _1j-51 _1FoOD _78FBa public-DraftStyleDefault-block-depth0 fixed-tab-size public-DraftStyleDefault-text-ltr\"><span class=\"_2PHJq public-DraftStyleDefault-ltr\">Tere Jim\u00e9nez record\u00f3 que en este momento est\u00e1 en marcha el Programa de Previsi\u00f3n y Atenci\u00f3n a la Sequ\u00eda y Uso \u00d3ptimo del Agua, que con una inversi\u00f3n de 150 millones de pesos, contempla la entrega de diversos apoyos como forrajes, semilla de riego y temporal, cisternas, motobombas, suplementos alimenticios; adem\u00e1s del mantenimiento de infraestructura para la cosecha de agua, tecnificaci\u00f3n de riego, seguro agr\u00edcola catastr\u00f3fico, estimulaci\u00f3n de las nubes, equipamiento de pozos y m\u00e1s.<\/span><\/p>\n<div id=\"viewer-8yw08178\" class=\"mm8Nw _1j-51 _1FoOD _78FBa public-DraftStyleDefault-block-depth0 fixed-tab-size public-DraftStyleDefault-text-ltr\"><span class=\"_2PHJq public-DraftStyleDefault-ltr\">\u00a0<\/span><\/div>\n<p id=\"viewer-ge6np184\" class=\"mm8Nw _1j-51 _1FoOD _78FBa public-DraftStyleDefault-block-depth0 fixed-tab-size public-DraftStyleDefault-text-ltr\"><span class=\"_2PHJq public-DraftStyleDefault-ltr\">Asimismo, dijo que est\u00e1 vigente el Programa de Apoyo a la Palabra, a trav\u00e9s del cual se respalda a los peque\u00f1os productores para que mejoren sus sistemas de producci\u00f3n.<\/span><\/p>\n<div id=\"viewer-oc1ie205\" class=\"mm8Nw _1j-51 _1FoOD _78FBa public-DraftStyleDefault-block-depth0 fixed-tab-size public-DraftStyleDefault-text-ltr\"><span class=\"_2PHJq public-DraftStyleDefault-ltr\">\u00a0<\/span><\/div>\n<p id=\"viewer-ykidw191\" class=\"mm8Nw _1j-51 _1FoOD _78FBa public-DraftStyleDefault-block-depth0 fixed-tab-size public-DraftStyleDefault-text-ltr\"><span class=\"_2PHJq public-DraftStyleDefault-ltr\">\u201cCon su apoyo y trabajando de forma coordinada, gobierno y municipios haremos que los apoyos lleguen hasta el \u00faltimo rinc\u00f3n del estado; que nadie se quede fuera de estos programas\u201d, subray\u00f3.<\/span><\/p>\n<div id=\"viewer-zvfcd177\" class=\"mm8Nw _1j-51 _1FoOD _78FBa public-DraftStyleDefault-block-depth0 fixed-tab-size public-DraftStyleDefault-text-ltr\"><span class=\"_2PHJq public-DraftStyleDefault-ltr\">\u00a0<\/span><\/div>\n<p id=\"viewer-ku5ku193\" class=\"mm8Nw _1j-51 _1FoOD _78FBa public-DraftStyleDefault-block-depth0 fixed-tab-size public-DraftStyleDefault-text-ltr\"><span class=\"_2PHJq public-DraftStyleDefault-ltr\">Durante el encuentro que se realiz\u00f3 en el municipio de San Francisco de los Romo, con su alcaldesa Margarita Gallegos como anfitriona, el secretario de Desarrollo Rural y Agroempresarial del Estado (Sedrae), Isidoro Armend\u00e1riz, agradeci\u00f3 la colaboraci\u00f3n de los ayuntamientos en programas como el de Desazolve de Bordos y Presas, mediante el cual se realizaron trabajos de mantenimiento en m\u00e1s de 800 bordos que est\u00e1n listos para la cosecha de agua.<\/span><\/p>\n<div id=\"viewer-1v1xz218\" class=\"mm8Nw _1j-51 _1FoOD _78FBa public-DraftStyleDefault-block-depth0 fixed-tab-size public-DraftStyleDefault-text-ltr\"><span class=\"_2PHJq public-DraftStyleDefault-ltr\">\u00a0<\/span><\/div>\n<p id=\"viewer-7whtd195\" class=\"mm8Nw _1j-51 _1FoOD _78FBa public-DraftStyleDefault-block-depth0 fixed-tab-size public-DraftStyleDefault-text-ltr\"><span class=\"_2PHJq public-DraftStyleDefault-ltr\">En la reuni\u00f3n tambi\u00e9n se present\u00f3 el Programa para el Fortalecimiento y Desarrollo Municipal (PRODEMUN), a trav\u00e9s del cual se realizar\u00e1n diagn\u00f3sticos con base en varios indicadores, a fin de tomar las mejores decisiones en materia presupuestal para cada uno de los 11 ayuntamientos.<\/span><\/p>\n<div id=\"viewer-woght230\" class=\"mm8Nw _1j-51 _1FoOD _78FBa public-DraftStyleDefault-block-depth0 fixed-tab-size public-DraftStyleDefault-text-ltr\"><span class=\"_2PHJq public-DraftStyleDefault-ltr\">\u00a0<\/span><\/div>\n<p id=\"viewer-hha74197\" class=\"mm8Nw _1j-51 _1FoOD _78FBa public-DraftStyleDefault-block-depth0 fixed-tab-size public-DraftStyleDefault-text-ltr\"><span class=\"_2PHJq public-DraftStyleDefault-ltr\">En el encuentro participaron las y los alcaldes, as\u00ed como el secretario de Seguridad P\u00fablica del Estado, secretario de Planeaci\u00f3n, Participaci\u00f3n y Desarrollo, Guillermo de la Torre Sifuentes; adem\u00e1s del Secretario de Finanzas del Estado, Alfredo Mart\u00edn Cervantes Garc\u00eda, entre otras autoridades.<\/span><\/p>\n<\/div>\n<\/div>\n<\/div>\n<\/div>\n<\/div>\n<\/div>\n<\/div>\n<\/div>\n<\/div>\n<\/section>\n<\/div>\n<\/div>\n","protected":false},"excerpt":{"rendered":"<p>#informativoelvalledeaguascalientes #novaradioaguascalientes #ElGiganteDeMexico En el marco de las reuniones que la gobernadora Tere Jim\u00e9nez sostiene mensualmente con presidentas y presidentes municipales, les present\u00f3 algunos proyectos estrat\u00e9gicos y programas para fortalecer el desarrollo de estos puntos. \u00a0 \u201cSoy una gobernadora municipalista y siempre tendr\u00e1n todo mi apoyo y respaldo para que las familias de los municipios [&hellip;]<\/p>\n","protected":false},"author":1,"featured_media":45700,"comment_status":"closed","ping_status":"open","sticky":false,"template":"","format":"standard","meta":{"advanced_seo_description":"","jetpack_seo_html_title":"","jetpack_seo_noindex":false,"_jetpack_memberships_contains_paid_content":false,"footnotes":"","jetpack_publicize_message":"","jetpack_publicize_feature_enabled":true,"jetpack_social_post_already_shared":true,"jetpack_social_options":{"image_generator_settings":{"template":"highway","default_image_id":0,"font":"","enabled":false},"version":2}},"categories":[21,4],"tags":[22,161,615,320],"class_list":["post-45699","post","type-post","status-publish","format-standard","has-post-thumbnail","hentry","category-aguascalientes","category-gobierno-del-estado-aguascalientes","tag-aguascalientes","tag-gobierno-del-estado-aguascalientes","tag-gobierno-del-estado-de-aguascalientes","tag-tere-jimenez"],"jetpack_publicize_connections":[],"jetpack_featured_media_url":"https:\/\/i0.wp.com\/informativoelvalledeaguascalientes.online\/wp-content\/uploads\/2023\/06\/REUNION-ALCALDES-2.jpg?fit=1440%2C1016&ssl=1","jetpack-related-posts":[],"jetpack_sharing_enabled":true,"jetpack_likes_enabled":true,"_links":{"self":[{"href":"https:\/\/informativoelvalledeaguascalientes.online\/index.php?rest_route=\/wp\/v2\/posts\/45699","targetHints":{"allow":["GET"]}}],"collection":[{"href":"https:\/\/informativoelvalledeaguascalientes.online\/index.php?rest_route=\/wp\/v2\/posts"}],"about":[{"href":"https:\/\/informativoelvalledeaguascalientes.online\/index.php?rest_route=\/wp\/v2\/types\/post"}],"author":[{"embeddable":true,"href":"https:\/\/informativoelvalledeaguascalientes.online\/index.php?rest_route=\/wp\/v2\/users\/1"}],"replies":[{"embeddable":true,"href":"https:\/\/informativoelvalledeaguascalientes.online\/index.php?rest_route=%2Fwp%2Fv2%2Fcomments&post=45699"}],"version-history":[{"count":1,"href":"https:\/\/informativoelvalledeaguascalientes.online\/index.php?rest_route=\/wp\/v2\/posts\/45699\/revisions"}],"predecessor-version":[{"id":45701,"href":"https:\/\/informativoelvalledeaguascalientes.online\/index.php?rest_route=\/wp\/v2\/posts\/45699\/revisions\/45701"}],"wp:featuredmedia":[{"embeddable":true,"href":"https:\/\/informativoelvalledeaguascalientes.online\/index.php?rest_route=\/wp\/v2\/media\/45700"}],"wp:attachment":[{"href":"https:\/\/informativoelvalledeaguascalientes.online\/index.php?rest_route=%2Fwp%2Fv2%2Fmedia&parent=45699"}],"wp:term":[{"taxonomy":"category","embeddable":true,"href":"https:\/\/informativoelvalledeaguascalientes.online\/index.php?rest_route=%2Fwp%2Fv2%2Fcategories&post=45699"},{"taxonomy":"post_tag","embeddable":true,"href":"https:\/\/informativoelvalledeaguascalientes.online\/index.php?rest_route=%2Fwp%2Fv2%2Ftags&post=45699"}],"curies":[{"name":"wp","href":"https:\/\/api.w.org\/{rel}","templated":true}]}}