{"id":45696,"date":"2023-06-15T18:03:29","date_gmt":"2023-06-16T00:03:29","guid":{"rendered":"https:\/\/informativoelvalledeaguascalientes.online\/?p=45696"},"modified":"2023-06-15T18:03:29","modified_gmt":"2023-06-16T00:03:29","slug":"comenzamos-los-preparativos-para-la-fnsm-2024","status":"publish","type":"post","link":"https:\/\/informativoelvalledeaguascalientes.online\/?p=45696","title":{"rendered":"COMENZAMOS LOS PREPARATIVOS PARA LA FNSM 2024"},"content":{"rendered":"<p><strong><a href=\"https:\/\/www.facebook.com\/hashtag\/informativoelvalledeaguascalientes\">#informativoelvalledeaguascalientes<\/a><\/strong><\/p>\n<p><strong><a href=\"https:\/\/www.facebook.com\/hashtag\/novaradioaguascalientes\">#novaradioaguascalientes<\/a><\/strong><\/p>\n<p><strong><a href=\"https:\/\/www.facebook.com\/GobiernodeAguascalientes\">#ElGiganteDeMexico<\/a><\/strong><\/p>\n<p>&nbsp;<\/p>\n<div class=\"xdj266r x11i5rnm xat24cr x1mh8g0r x1vvkbs x126k92a\">\n<div dir=\"auto\"><\/div>\n<\/div>\n<div class=\"x11i5rnm xat24cr x1mh8g0r x1vvkbs xtlvy1s x126k92a\">\n<div dir=\"auto\">En el marco de la 2\u00aa Sesi\u00f3n Ordinaria del Consejo Consultivo del Patronato de la Feria Nacional de San Marcos, integrado por el presidente del organismo Jos\u00e9 \u00c1ngel Gonz\u00e1lez Serna, \u201cPaqu\u00edn\u201d, la secretaria de Turismo, Gloria Romo Cuesta, el director general del Instituto Cultural de Aguascalientes, Alejandro V\u00e1zquez Z\u00fa\u00f1iga, el presidente de la CANACO, Miguel Breceda Sol\u00eds, la presidenta de la Asociaci\u00f3n de Hoteles y Moteles de Aguascalientes, Elizabeth Sucre, la diputada Alma Hilda Medina en representaci\u00f3n del Congreso del Estado y la regidora Mar\u00eda Dolores Verd\u00edn Almanza, se rindi\u00f3 el informe de resultados de la FNSM 2023 y se inform\u00f3 que los trabajos de preparaci\u00f3n de la pr\u00f3xima verbena abrile\u00f1a han comenzado.<\/div>\n<div dir=\"auto\"><\/div>\n<\/div>\n<div class=\"x11i5rnm xat24cr x1mh8g0r x1vvkbs xtlvy1s x126k92a\">\n<div dir=\"auto\">Paqu\u00edn Gonz\u00e1lez puntualiz\u00f3 que el PFNSM cuenta con el Consejo Consultivo y desde aqu\u00ed es que emanan las ideas, formas de trabajo y proyectos para la realizaci\u00f3n de la Feria Nacional de San Marcos 2024, por lo que convoc\u00f3 a sus integrantes a que, como hasta ahora, presenten sus ideas e innovaciones que pudieran ser aplicadas para la pr\u00f3xima verbena, porque desde ahora se tiene que reforzar el trabajo para que la pr\u00f3xima feria sea mejor que la lograda en este 2023.<\/div>\n<\/div>\n","protected":false},"excerpt":{"rendered":"<p>#informativoelvalledeaguascalientes #novaradioaguascalientes #ElGiganteDeMexico &nbsp; En el marco de la 2\u00aa Sesi\u00f3n Ordinaria del Consejo Consultivo del Patronato de la Feria Nacional de San Marcos, integrado por el presidente del organismo Jos\u00e9 \u00c1ngel Gonz\u00e1lez Serna, \u201cPaqu\u00edn\u201d, la secretaria de Turismo, Gloria Romo Cuesta, el director general del Instituto Cultural de Aguascalientes, Alejandro V\u00e1zquez Z\u00fa\u00f1iga, el presidente [&hellip;]<\/p>\n","protected":false},"author":1,"featured_media":45702,"comment_status":"closed","ping_status":"open","sticky":false,"template":"","format":"standard","meta":{"advanced_seo_description":"","jetpack_seo_html_title":"","jetpack_seo_noindex":false,"_jetpack_memberships_contains_paid_content":false,"footnotes":"","jetpack_publicize_message":"","jetpack_publicize_feature_enabled":true,"jetpack_social_post_already_shared":true,"jetpack_social_options":{"image_generator_settings":{"template":"highway","default_image_id":0,"font":"","enabled":false},"version":2}},"categories":[21,4],"tags":[22,615,693,34],"class_list":["post-45696","post","type-post","status-publish","format-standard","has-post-thumbnail","hentry","category-aguascalientes","category-gobierno-del-estado-aguascalientes","tag-aguascalientes","tag-gobierno-del-estado-de-aguascalientes","tag-pfnsm-2024","tag-sectur"],"jetpack_publicize_connections":[],"jetpack_featured_media_url":"https:\/\/i0.wp.com\/informativoelvalledeaguascalientes.online\/wp-content\/uploads\/2023\/06\/patronato-2024.jpg?fit=2048%2C998&ssl=1","jetpack-related-posts":[],"jetpack_sharing_enabled":true,"jetpack_likes_enabled":true,"_links":{"self":[{"href":"https:\/\/informativoelvalledeaguascalientes.online\/index.php?rest_route=\/wp\/v2\/posts\/45696","targetHints":{"allow":["GET"]}}],"collection":[{"href":"https:\/\/informativoelvalledeaguascalientes.online\/index.php?rest_route=\/wp\/v2\/posts"}],"about":[{"href":"https:\/\/informativoelvalledeaguascalientes.online\/index.php?rest_route=\/wp\/v2\/types\/post"}],"author":[{"embeddable":true,"href":"https:\/\/informativoelvalledeaguascalientes.online\/index.php?rest_route=\/wp\/v2\/users\/1"}],"replies":[{"embeddable":true,"href":"https:\/\/informativoelvalledeaguascalientes.online\/index.php?rest_route=%2Fwp%2Fv2%2Fcomments&post=45696"}],"version-history":[{"count":1,"href":"https:\/\/informativoelvalledeaguascalientes.online\/index.php?rest_route=\/wp\/v2\/posts\/45696\/revisions"}],"predecessor-version":[{"id":45703,"href":"https:\/\/informativoelvalledeaguascalientes.online\/index.php?rest_route=\/wp\/v2\/posts\/45696\/revisions\/45703"}],"wp:featuredmedia":[{"embeddable":true,"href":"https:\/\/informativoelvalledeaguascalientes.online\/index.php?rest_route=\/wp\/v2\/media\/45702"}],"wp:attachment":[{"href":"https:\/\/informativoelvalledeaguascalientes.online\/index.php?rest_route=%2Fwp%2Fv2%2Fmedia&parent=45696"}],"wp:term":[{"taxonomy":"category","embeddable":true,"href":"https:\/\/informativoelvalledeaguascalientes.online\/index.php?rest_route=%2Fwp%2Fv2%2Fcategories&post=45696"},{"taxonomy":"post_tag","embeddable":true,"href":"https:\/\/informativoelvalledeaguascalientes.online\/index.php?rest_route=%2Fwp%2Fv2%2Ftags&post=45696"}],"curies":[{"name":"wp","href":"https:\/\/api.w.org\/{rel}","templated":true}]}}