{"id":45693,"date":"2023-06-15T17:56:38","date_gmt":"2023-06-15T23:56:38","guid":{"rendered":"https:\/\/informativoelvalledeaguascalientes.online\/?p=45693"},"modified":"2023-06-15T17:56:38","modified_gmt":"2023-06-15T23:56:38","slug":"jueves-de-bolsa-de-trabajo-arroja-resultados-positivos-en-el-primer-semestre","status":"publish","type":"post","link":"https:\/\/informativoelvalledeaguascalientes.online\/?p=45693","title":{"rendered":"JUEVES DE BOLSA DE TRABAJO ARROJA RESULTADOS POSITIVOS EN EL PRIMER SEMESTRE"},"content":{"rendered":"<div class=\"VgO9Yg\">\n<p><strong><a href=\"https:\/\/www.facebook.com\/hashtag\/informativoelvalledeaguascalientes\">#informativoelvalledeaguascalientes<\/a> <\/strong><\/p>\n<p><strong><a href=\"https:\/\/www.facebook.com\/hashtag\/novaradioaguascalientes\">#novaradioaguascalientes<\/a><\/strong><\/p>\n<p><strong><a href=\"https:\/\/www.facebook.com\/GobiernodeAguascalientes\">#ElGiganteDeMexico<\/a><\/strong><\/p>\n<\/div>\n<div class=\"\" data-mesh-id=\"comp-l7sh9ubr2inlineContent\" data-testid=\"inline-content\">\n<div data-mesh-id=\"comp-l7sh9ubr2inlineContent-gridContainer\" data-testid=\"mesh-container-content\">\n<div id=\"comp-l7sh9ubx\" class=\"TWFxr5\">\n<div class=\"comp-l7sh9ubx\">\n<div class=\"s1IW4bz comp-l7sh9ubx\" data-hook=\"ricosviewer-wrapper\">\n<div class=\"kvdbP _1O7aH\" dir=\"ltr\" data-id=\"rich-content-viewer\">\n<div class=\"_1hN1O _3EPBy\">\n<ul class=\"public-DraftStyleDefault-ul\">\n<li id=\"viewer-foo\" class=\"_3Kjjs _78FBa public-DraftStyleDefault-unorderedListItem public-DraftStyleDefault-depth0 public-DraftStyleDefault-list-ltr fixed-tab-size public-DraftStyleDefault-reset _1FoOD _78FBa\">\n<p class=\"_1j-51 _1FoOD _78FBa undefined\"><strong><em>Tan solo en el primer semestre de la administraci\u00f3n de Tere Jim\u00e9nez, un promedio de 27 personas al d\u00eda han encontrado un empleo formal<\/em><\/strong><\/p>\n<\/li>\n<li id=\"viewer-jln2q188\" class=\"_3Kjjs _78FBa public-DraftStyleDefault-unorderedListItem public-DraftStyleDefault-depth0 public-DraftStyleDefault-list-ltr fixed-tab-size _1FoOD _78FBa\">\n<p class=\"_1j-51 _1FoOD _78FBa undefined\"><strong><em>La gobernadora refrend\u00f3 su compromiso de seguir trabajando para que Aguascalientes sea el primer lugar a nivel nacional en generaci\u00f3n de empleos\u00a0<\/em><\/strong><\/p>\n<\/li>\n<\/ul>\n<div id=\"viewer-qyzdp190\" class=\"mm8Nw _1j-51 _1FoOD _3M0Fe public-DraftStyleDefault-block-depth0 fixed-tab-size public-DraftStyleDefault-text-ltr\"><span class=\"_2PHJq public-DraftStyleDefault-ltr\">\u00a0<\/span><\/div>\n<div id=\"viewer-7zkh0191\" class=\"mm8Nw _1j-51 _1FoOD _3M0Fe public-DraftStyleDefault-block-depth0 fixed-tab-size public-DraftStyleDefault-text-ltr\"><span class=\"_2PHJq public-DraftStyleDefault-ltr\">\u00a0<\/span><\/div>\n<p id=\"viewer-6jwh5192\" class=\"mm8Nw _1j-51 _1FoOD _78FBa public-DraftStyleDefault-block-depth0 fixed-tab-size public-DraftStyleDefault-text-ltr\"><span class=\"_2PHJq public-DraftStyleDefault-ltr\">La gobernadora de Aguascalientes, Tere Jim\u00e9nez, dio a conocer los resultados del programa <em>Jueves de Bolsa de Trabajo,<\/em> que tan solo en el primer semestre de su administraci\u00f3n logr\u00f3 colocar a 4,917 personas, lo que representar\u00eda un promedio de 27 personas al d\u00eda encontrando un empleo formal.<\/span><\/p>\n<div id=\"viewer-7dvjc196\" class=\"mm8Nw _1j-51 _1FoOD _78FBa public-DraftStyleDefault-block-depth0 fixed-tab-size public-DraftStyleDefault-text-ltr\"><span class=\"_2PHJq public-DraftStyleDefault-ltr\">\u00a0<\/span><\/div>\n<p id=\"viewer-ti9v2197\" class=\"mm8Nw _1j-51 _1FoOD _78FBa public-DraftStyleDefault-block-depth0 fixed-tab-size public-DraftStyleDefault-text-ltr\"><span class=\"_2PHJq public-DraftStyleDefault-ltr\">Tere Jim\u00e9nez precis\u00f3 que su administraci\u00f3n buscar\u00e1 ser la n\u00famero uno en generaci\u00f3n de empleo, por lo tanto, se trabaja para que Aguascalientes siga siendo un objetivo para inversionistas de otras partes del mundo.<\/span><\/p>\n<div id=\"viewer-xkc3n199\" class=\"mm8Nw _1j-51 _1FoOD _78FBa public-DraftStyleDefault-block-depth0 fixed-tab-size public-DraftStyleDefault-text-ltr\"><span class=\"_2PHJq public-DraftStyleDefault-ltr\">\u00a0<\/span><\/div>\n<p id=\"viewer-5wm7d200\" class=\"mm8Nw _1j-51 _1FoOD _78FBa public-DraftStyleDefault-block-depth0 fixed-tab-size public-DraftStyleDefault-text-ltr\"><span class=\"_2PHJq public-DraftStyleDefault-ltr\">\u201cNo es casualidad que est\u00e9n llegando muchas empresas, porque las plantas m\u00e1s productivas del mundo son de Aguascalientes, por su gente, porque estamos mejor capacitados; por eso los invito a que se registren, a que sigan adelante y toquen puertas\u201d, dijo la gobernadora.\u00a0<\/span><\/p>\n<div id=\"viewer-2v7xd202\" class=\"mm8Nw _1j-51 _1FoOD _78FBa public-DraftStyleDefault-block-depth0 fixed-tab-size public-DraftStyleDefault-text-ltr\"><span class=\"_2PHJq public-DraftStyleDefault-ltr\">\u00a0<\/span><\/div>\n<p id=\"viewer-ub3ee203\" class=\"mm8Nw _1j-51 _1FoOD _78FBa public-DraftStyleDefault-block-depth0 fixed-tab-size public-DraftStyleDefault-text-ltr\"><span class=\"_2PHJq public-DraftStyleDefault-ltr\">Abund\u00f3 que en el primer semestre del a\u00f1o se han impulsado 27 <em>Jueves de Bolsa de Trabajo<\/em>; acercando adem\u00e1s la posibilidad a colonias de la capital con 10 <em>Brigadas de Empleo,<\/em> enfocadas principalmente al oriente de la capital; asimismo, las oportunidades laborales se han llevado tambi\u00e9n a los ayuntamientos del interior con 10 <em>Brigadas de Empleo en Municipios<\/em>; adicionalmente, se han realizado cinco Ferias de Empleo.<\/span><\/p>\n<div id=\"viewer-a20ux211\" class=\"mm8Nw _1j-51 _1FoOD _78FBa public-DraftStyleDefault-block-depth0 fixed-tab-size public-DraftStyleDefault-text-ltr\"><span class=\"_2PHJq public-DraftStyleDefault-ltr\">\u00a0<\/span><\/div>\n<p id=\"viewer-osbg2212\" class=\"mm8Nw _1j-51 _1FoOD _78FBa public-DraftStyleDefault-block-depth0 fixed-tab-size public-DraftStyleDefault-text-ltr\"><span class=\"_2PHJq public-DraftStyleDefault-ltr\">Por su parte, Manuel Alejandro Gonz\u00e1lez Mart\u00ednez, titular de la Secretar\u00eda de Desarrollo Econ\u00f3mico, Ciencia y Tecnolog\u00eda (Sedecyt), agradeci\u00f3 la colaboraci\u00f3n de las empresas para acercar oportunidades laborales; detall\u00f3 que la meta para este a\u00f1o es generar 12 mil empleos formales, y a la fecha van 9,500 empleos registrados, \u201cestoy seguro de que vamos\u00a0 a superar por mucho este objetivo que nos hab\u00edamos planteado\u201d, destac\u00f3.\u00a0<\/span><\/p>\n<div id=\"viewer-iw6vy214\" class=\"mm8Nw _1j-51 _1FoOD _78FBa public-DraftStyleDefault-block-depth0 fixed-tab-size public-DraftStyleDefault-text-ltr\"><span class=\"_2PHJq public-DraftStyleDefault-ltr\">\u00a0<\/span><\/div>\n<p id=\"viewer-iexgy215\" class=\"mm8Nw _1j-51 _1FoOD _78FBa public-DraftStyleDefault-block-depth0 fixed-tab-size public-DraftStyleDefault-text-ltr\"><span class=\"_2PHJq public-DraftStyleDefault-ltr\">Aurora Jim\u00e9nez Esquivel, primera voluntaria y presidenta del Sistema DIF Estatal, anunci\u00f3 que la dependencia que encabeza se suma al <em>Jueves de Bolsa de Trabajo<\/em> con la instalaci\u00f3n de un \u00e1rea de estancia infantil para que las madres y padres de familia que buscan un empleo puedan tener a sus hijos en un lugar seguro mientras ellos realizan sus entrevistas, y el cual ser\u00e1 atendido por maestras y enfermeras del Centro de Atenci\u00f3n Infantil (CAI) San Marcos.<\/span><\/p>\n<div id=\"viewer-lt59c219\" class=\"mm8Nw _1j-51 _1FoOD _78FBa public-DraftStyleDefault-block-depth0 fixed-tab-size public-DraftStyleDefault-text-ltr\"><span class=\"_2PHJq public-DraftStyleDefault-ltr\">\u00a0<\/span><\/div>\n<p id=\"viewer-2m2cc220\" class=\"mm8Nw _1j-51 _1FoOD _78FBa public-DraftStyleDefault-block-depth0 fixed-tab-size public-DraftStyleDefault-text-ltr\"><span class=\"_2PHJq public-DraftStyleDefault-ltr\">Cabe destacar que a partir de esta jornada tambi\u00e9n se incorporar\u00e1 un \u00e1rea de capacitaci\u00f3n para las y los buscadores de empleo, un m\u00f3dulo de la Coordinaci\u00f3n General de Movilidad (CMOV) que brindar\u00e1 informaci\u00f3n y ofrecer\u00e1 la nueva Tarjeta Soluciones YoVoy y actividades culturales dentro de la zona de estands para amenizar el espacio.<\/span><\/p>\n<div id=\"viewer-xetjh222\" class=\"mm8Nw _1j-51 _1FoOD _78FBa public-DraftStyleDefault-block-depth0 fixed-tab-size public-DraftStyleDefault-text-ltr\"><span class=\"_2PHJq public-DraftStyleDefault-ltr\">\u00a0<\/span><\/div>\n<p id=\"viewer-2vqrq223\" class=\"mm8Nw _1j-51 _1FoOD _78FBa public-DraftStyleDefault-block-depth0 fixed-tab-size public-DraftStyleDefault-text-ltr\"><span class=\"_2PHJq public-DraftStyleDefault-ltr\">Durante el evento tambi\u00e9n estuvieron presentes Paulo Gonzalo Mart\u00ednez L\u00f3pez, diputado Federal por Aguascalientes; Alma Hilda Medina Mac\u00edas, presidenta de la Comisi\u00f3n de Desarrollo Econ\u00f3mico, Fomento Cooperativo y Turismo del H. Congreso del Estado; Lorena Mart\u00ednez Rodr\u00edguez, directora del Instituto de Educaci\u00f3n de Aguascalientes; Irma D\u00edaz Marmolejo, directora del Servicio Estatal y Nacional de Empleo Aguascalientes; Janeth de Lira Cruz, coordinadora de Reclutamiento y Selecci\u00f3n de la Empresa Valle Redondo, y M\u00f3nica Castillo Sierra, beneficiaria del programa.<\/span><\/p>\n<\/div>\n<\/div>\n<\/div>\n<\/div>\n<\/div>\n<\/div>\n<\/div>\n","protected":false},"excerpt":{"rendered":"<p>#informativoelvalledeaguascalientes #novaradioaguascalientes #ElGiganteDeMexico Tan solo en el primer semestre de la administraci\u00f3n de Tere Jim\u00e9nez, un promedio de 27 personas al d\u00eda han encontrado un empleo formal La gobernadora refrend\u00f3 su compromiso de seguir trabajando para que Aguascalientes sea el primer lugar a nivel nacional en generaci\u00f3n de empleos\u00a0 \u00a0 \u00a0 La gobernadora de Aguascalientes, [&hellip;]<\/p>\n","protected":false},"author":1,"featured_media":45697,"comment_status":"closed","ping_status":"open","sticky":false,"template":"","format":"standard","meta":{"advanced_seo_description":"","jetpack_seo_html_title":"","jetpack_seo_noindex":false,"_jetpack_memberships_contains_paid_content":false,"footnotes":"","jetpack_publicize_message":"","jetpack_publicize_feature_enabled":true,"jetpack_social_post_already_shared":true,"jetpack_social_options":{"image_generator_settings":{"template":"highway","default_image_id":0,"font":"","enabled":false},"version":2}},"categories":[21,4],"tags":[22,161,615,610,320],"class_list":["post-45693","post","type-post","status-publish","format-standard","has-post-thumbnail","hentry","category-aguascalientes","category-gobierno-del-estado-aguascalientes","tag-aguascalientes","tag-gobierno-del-estado-aguascalientes","tag-gobierno-del-estado-de-aguascalientes","tag-sedecyt","tag-tere-jimenez"],"jetpack_publicize_connections":[],"jetpack_featured_media_url":"https:\/\/i0.wp.com\/informativoelvalledeaguascalientes.online\/wp-content\/uploads\/2023\/06\/2.JPG-2.jpg?fit=2400%2C1600&ssl=1","jetpack-related-posts":[],"jetpack_sharing_enabled":true,"jetpack_likes_enabled":true,"_links":{"self":[{"href":"https:\/\/informativoelvalledeaguascalientes.online\/index.php?rest_route=\/wp\/v2\/posts\/45693","targetHints":{"allow":["GET"]}}],"collection":[{"href":"https:\/\/informativoelvalledeaguascalientes.online\/index.php?rest_route=\/wp\/v2\/posts"}],"about":[{"href":"https:\/\/informativoelvalledeaguascalientes.online\/index.php?rest_route=\/wp\/v2\/types\/post"}],"author":[{"embeddable":true,"href":"https:\/\/informativoelvalledeaguascalientes.online\/index.php?rest_route=\/wp\/v2\/users\/1"}],"replies":[{"embeddable":true,"href":"https:\/\/informativoelvalledeaguascalientes.online\/index.php?rest_route=%2Fwp%2Fv2%2Fcomments&post=45693"}],"version-history":[{"count":1,"href":"https:\/\/informativoelvalledeaguascalientes.online\/index.php?rest_route=\/wp\/v2\/posts\/45693\/revisions"}],"predecessor-version":[{"id":45698,"href":"https:\/\/informativoelvalledeaguascalientes.online\/index.php?rest_route=\/wp\/v2\/posts\/45693\/revisions\/45698"}],"wp:featuredmedia":[{"embeddable":true,"href":"https:\/\/informativoelvalledeaguascalientes.online\/index.php?rest_route=\/wp\/v2\/media\/45697"}],"wp:attachment":[{"href":"https:\/\/informativoelvalledeaguascalientes.online\/index.php?rest_route=%2Fwp%2Fv2%2Fmedia&parent=45693"}],"wp:term":[{"taxonomy":"category","embeddable":true,"href":"https:\/\/informativoelvalledeaguascalientes.online\/index.php?rest_route=%2Fwp%2Fv2%2Fcategories&post=45693"},{"taxonomy":"post_tag","embeddable":true,"href":"https:\/\/informativoelvalledeaguascalientes.online\/index.php?rest_route=%2Fwp%2Fv2%2Ftags&post=45693"}],"curies":[{"name":"wp","href":"https:\/\/api.w.org\/{rel}","templated":true}]}}