{"id":45645,"date":"2023-06-14T19:38:54","date_gmt":"2023-06-15T01:38:54","guid":{"rendered":"https:\/\/informativoelvalledeaguascalientes.online\/?p=45645"},"modified":"2023-06-14T19:38:54","modified_gmt":"2023-06-15T01:38:54","slug":"sueldos-de-hasta-60-mil-pesos-este-jueves-de-bolsa-de-trabajo-snea","status":"publish","type":"post","link":"https:\/\/informativoelvalledeaguascalientes.online\/?p=45645","title":{"rendered":"SUELDOS DE HASTA 60 MIL PESOS ESTE JUEVES DE BOLSA DE TRABAJO: SNEA"},"content":{"rendered":"<p><strong><a href=\"https:\/\/www.facebook.com\/hashtag\/informativoelvalledeaguascalientes\">#informativoelvalledeaguascalientes<\/a><\/strong><\/p>\n<p><strong><a href=\"https:\/\/www.facebook.com\/hashtag\/novaradioaguascalientes\">#novaradioaguascalientes<\/a><\/strong><\/p>\n<p><strong><a href=\"https:\/\/www.facebook.com\/GobiernodeAguascalientes\">#ElGiganteDeMexico<\/a><\/strong><\/p>\n<div class=\"\" data-mesh-id=\"comp-l7sh9ubr2inlineContent\" data-testid=\"inline-content\">\n<div data-mesh-id=\"comp-l7sh9ubr2inlineContent-gridContainer\" data-testid=\"mesh-container-content\">\n<div id=\"comp-l7sh9ubx\" class=\"TWFxr5\">\n<div class=\"comp-l7sh9ubx\">\n<div class=\"s1IW4bz comp-l7sh9ubx\" data-hook=\"ricosviewer-wrapper\">\n<div class=\"kvdbP _1O7aH\" dir=\"ltr\" data-id=\"rich-content-viewer\">\n<div class=\"_1hN1O _3EPBy\">\n<p id=\"viewer-foo\" class=\"mm8Nw _1j-51 _1FoOD _78FBa public-DraftStyleDefault-block-depth0 fixed-tab-size public-DraftStyleDefault-text-ltr\">\n<p id=\"viewer-ue0a61447\" class=\"mm8Nw _1j-51 _1FoOD _78FBa public-DraftStyleDefault-block-depth0 fixed-tab-size public-DraftStyleDefault-text-ltr\"><span class=\"_2PHJq public-DraftStyleDefault-ltr\">\u00a1Encuentra empleo! La gobernadora de Aguascalientes, Tere Jim\u00e9nez, te invita al <em>Jueves de Bolsa de Trabajo,<\/em> donde se ofertar\u00e1n m\u00e1s de mil oportunidades laborales para profesionistas, t\u00e9cnicos y operativos con sueldos que oscilan entre los 8 mil y los 60 mil pesos mensuales.\u00a0<\/span><\/p>\n<div id=\"viewer-3dgoj1451\" class=\"mm8Nw _1j-51 _1FoOD _78FBa public-DraftStyleDefault-block-depth0 fixed-tab-size public-DraftStyleDefault-text-ltr\"><span class=\"_2PHJq public-DraftStyleDefault-ltr\">\u00a0<\/span><\/div>\n<p id=\"viewer-a0s071452\" class=\"mm8Nw _1j-51 _1FoOD _78FBa public-DraftStyleDefault-block-depth0 fixed-tab-size public-DraftStyleDefault-text-ltr\"><span class=\"_2PHJq public-DraftStyleDefault-ltr\">Te esperamos este 15 de junio de 9:00 a 15:00 horas en los patios del Palacio de Gobierno; en esta jornada participar\u00e1n 26 empresas locales.\u00a0<\/span><\/p>\n<div id=\"viewer-0hqoz1454\" class=\"mm8Nw _1j-51 _1FoOD _78FBa public-DraftStyleDefault-block-depth0 fixed-tab-size public-DraftStyleDefault-text-ltr\"><span class=\"_2PHJq public-DraftStyleDefault-ltr\">\u00a0<\/span><\/div>\n<p id=\"viewer-cyobs1455\" class=\"mm8Nw _1j-51 _1FoOD _78FBa public-DraftStyleDefault-block-depth0 fixed-tab-size public-DraftStyleDefault-text-ltr\"><span class=\"_2PHJq public-DraftStyleDefault-ltr\">Algunas de las compa\u00f1\u00edas que se suman a esta iniciativa son Cl\u00ednica Familiar S\u00edguemed, Xinquan, Jatco, ARIAAC,\u00a0 Kola Loka, Leche San Marcos, Grupo Lala, Valle Redondo, Dilusa, entre otras.\u00a0<\/span><\/p>\n<div id=\"viewer-sc77d1479\" class=\"mm8Nw _1j-51 _1FoOD _78FBa public-DraftStyleDefault-block-depth0 fixed-tab-size public-DraftStyleDefault-text-ltr\"><span class=\"_2PHJq public-DraftStyleDefault-ltr\">\u00a0<\/span><\/div>\n<p id=\"viewer-fuvfr1458\" class=\"mm8Nw _1j-51 _1FoOD _78FBa public-DraftStyleDefault-block-depth0 fixed-tab-size public-DraftStyleDefault-text-ltr\"><span class=\"_2PHJq public-DraftStyleDefault-ltr\">Adem\u00e1s, por primera vez se instalar\u00e1 un m\u00f3dulo de la Coordinaci\u00f3n General de Movilidad (CMOV), que brindar\u00e1 informaci\u00f3n y ofrecer\u00e1 la nueva Tarjeta Soluciones YoVoy, as\u00ed como la recarga de saldo para los usuarios que ya cuentan con ella.<\/span><\/p>\n<div id=\"viewer-li1521497\" class=\"mm8Nw _1j-51 _1FoOD _78FBa public-DraftStyleDefault-block-depth0 fixed-tab-size public-DraftStyleDefault-text-ltr\"><span class=\"_2PHJq public-DraftStyleDefault-ltr\">\u00a0<\/span><\/div>\n<p id=\"viewer-dsov91460\" class=\"mm8Nw _1j-51 _1FoOD _78FBa public-DraftStyleDefault-block-depth0 fixed-tab-size public-DraftStyleDefault-text-ltr\"><span class=\"_2PHJq public-DraftStyleDefault-ltr\">Igualmente, el Servicio Estatal y Nacional de Empleo Aguascalientes (SNEA) tendr\u00e1 un m\u00f3dulo donde se dar\u00e1 orientaci\u00f3n sobre algunas otras vacantes de empleo en Aguascalientes, e incluso en el extranjero para trabajar en Canad\u00e1, Estados Unidos y Alemania.\u00a0<\/span><\/p>\n<div id=\"viewer-f35pr1517\" class=\"mm8Nw _1j-51 _1FoOD _78FBa public-DraftStyleDefault-block-depth0 fixed-tab-size public-DraftStyleDefault-text-ltr\"><span class=\"_2PHJq public-DraftStyleDefault-ltr\">\u00a0<\/span><\/div>\n<p id=\"viewer-4dqw91464\" class=\"mm8Nw _1j-51 _1FoOD _78FBa public-DraftStyleDefault-block-depth0 fixed-tab-size public-DraftStyleDefault-text-ltr\"><span class=\"_2PHJq public-DraftStyleDefault-ltr\">Adem\u00e1s, en esta ocasi\u00f3n el SNEA tendr\u00e1 un espacio donde se impartir\u00e1n talleres para buscadores de empleo con temas como: estrategias para buscar empleo, c\u00f3mo realizar un curriculum vitae, consejos para presentarse a una entrevista de trabajo, as\u00ed como m\u00e9todos para el crecimiento personal y laboral.<\/span><\/p>\n<div id=\"viewer-1bz1o1537\" class=\"mm8Nw _1j-51 _1FoOD _78FBa public-DraftStyleDefault-block-depth0 fixed-tab-size public-DraftStyleDefault-text-ltr\"><span class=\"_2PHJq public-DraftStyleDefault-ltr\">\u00a0<\/span><\/div>\n<p id=\"viewer-ly6111468\" class=\"mm8Nw _1j-51 _1FoOD _78FBa public-DraftStyleDefault-block-depth0 fixed-tab-size public-DraftStyleDefault-text-ltr\"><span class=\"_2PHJq public-DraftStyleDefault-ltr\">Para facilitar su tr\u00e1mite, las y los interesados deber\u00e1n presentarse a la jornada con credencial de elector vigente, CURP, solicitud de empleo o curriculum vitae.<\/span><\/p>\n<div id=\"viewer-k7jqc1555\" class=\"mm8Nw _1j-51 _1FoOD _78FBa public-DraftStyleDefault-block-depth0 fixed-tab-size public-DraftStyleDefault-text-ltr\"><span class=\"_2PHJq public-DraftStyleDefault-ltr\">\u00a0<\/span><\/div>\n<p id=\"viewer-s9nma1470\" class=\"mm8Nw _1j-51 _1FoOD _78FBa public-DraftStyleDefault-block-depth0 fixed-tab-size public-DraftStyleDefault-text-ltr\"><span class=\"_2PHJq public-DraftStyleDefault-ltr\">Quienes requieran mayores informes, pueden visitar las oficinas del SNEA en el Complejo Ficotrece, Av. Manuel G\u00f3mez Mor\u00edn s\/n, Nave 55, Col. Ferronales, con atenci\u00f3n de lunes a viernes de 8:00 a 15:30 horas; o bien, comunicarse al 449 910 25 89.<\/span><\/p>\n<\/div>\n<\/div>\n<\/div>\n<\/div>\n<\/div>\n<\/div>\n<\/div>\n","protected":false},"excerpt":{"rendered":"<p>#informativoelvalledeaguascalientes #novaradioaguascalientes #ElGiganteDeMexico \u00a1Encuentra empleo! La gobernadora de Aguascalientes, Tere Jim\u00e9nez, te invita al Jueves de Bolsa de Trabajo, donde se ofertar\u00e1n m\u00e1s de mil oportunidades laborales para profesionistas, t\u00e9cnicos y operativos con sueldos que oscilan entre los 8 mil y los 60 mil pesos mensuales.\u00a0 \u00a0 Te esperamos este 15 de junio de 9:00 [&hellip;]<\/p>\n","protected":false},"author":1,"featured_media":45646,"comment_status":"closed","ping_status":"open","sticky":false,"template":"","format":"standard","meta":{"_monsterinsights_skip_tracking":false,"advanced_seo_description":"","jetpack_seo_html_title":"","jetpack_seo_noindex":false,"jetpack_seo_schema_type":"","_jetpack_newsletter_access":"","_jetpack_dont_email_post_to_subs":false,"_jetpack_newsletter_tier_id":0,"_jetpack_memberships_contains_paywalled_content":false,"_jetpack_feature_clip_id":0,"_jetpack_memberships_contains_paid_content":false,"footnotes":"","jetpack_publicize_message":"","jetpack_publicize_feature_enabled":true,"jetpack_social_post_already_shared":true,"jetpack_social_options":{"image_generator_settings":{"template":"highway","default_image_id":0,"font":"","enabled":false},"version":2},"jetpack_post_was_ever_published":false},"categories":[21,4],"tags":[22,615,236],"class_list":["post-45645","post","type-post","status-publish","format-standard","has-post-thumbnail","hentry","category-aguascalientes","category-gobierno-del-estado-aguascalientes","tag-aguascalientes","tag-gobierno-del-estado-de-aguascalientes","tag-sne-aguascalientes"],"jetpack_publicize_connections":[],"jetpack_featured_media_url":"https:\/\/i0.wp.com\/informativoelvalledeaguascalientes.online\/wp-content\/uploads\/2023\/06\/gob-edo-snea.jpg?fit=1024%2C683&ssl=1","jetpack-related-posts":[],"jetpack_sharing_enabled":true,"jetpack_likes_enabled":true,"_links":{"self":[{"href":"https:\/\/informativoelvalledeaguascalientes.online\/index.php?rest_route=\/wp\/v2\/posts\/45645","targetHints":{"allow":["GET"]}}],"collection":[{"href":"https:\/\/informativoelvalledeaguascalientes.online\/index.php?rest_route=\/wp\/v2\/posts"}],"about":[{"href":"https:\/\/informativoelvalledeaguascalientes.online\/index.php?rest_route=\/wp\/v2\/types\/post"}],"author":[{"embeddable":true,"href":"https:\/\/informativoelvalledeaguascalientes.online\/index.php?rest_route=\/wp\/v2\/users\/1"}],"replies":[{"embeddable":true,"href":"https:\/\/informativoelvalledeaguascalientes.online\/index.php?rest_route=%2Fwp%2Fv2%2Fcomments&post=45645"}],"version-history":[{"count":1,"href":"https:\/\/informativoelvalledeaguascalientes.online\/index.php?rest_route=\/wp\/v2\/posts\/45645\/revisions"}],"predecessor-version":[{"id":45647,"href":"https:\/\/informativoelvalledeaguascalientes.online\/index.php?rest_route=\/wp\/v2\/posts\/45645\/revisions\/45647"}],"wp:featuredmedia":[{"embeddable":true,"href":"https:\/\/informativoelvalledeaguascalientes.online\/index.php?rest_route=\/wp\/v2\/media\/45646"}],"wp:attachment":[{"href":"https:\/\/informativoelvalledeaguascalientes.online\/index.php?rest_route=%2Fwp%2Fv2%2Fmedia&parent=45645"}],"wp:term":[{"taxonomy":"category","embeddable":true,"href":"https:\/\/informativoelvalledeaguascalientes.online\/index.php?rest_route=%2Fwp%2Fv2%2Fcategories&post=45645"},{"taxonomy":"post_tag","embeddable":true,"href":"https:\/\/informativoelvalledeaguascalientes.online\/index.php?rest_route=%2Fwp%2Fv2%2Ftags&post=45645"}],"curies":[{"name":"wp","href":"https:\/\/api.w.org\/{rel}","templated":true}]}}