{"id":45614,"date":"2023-06-14T18:13:37","date_gmt":"2023-06-15T00:13:37","guid":{"rendered":"https:\/\/informativoelvalledeaguascalientes.online\/?p=45614"},"modified":"2023-06-14T18:13:37","modified_gmt":"2023-06-15T00:13:37","slug":"un-menor-que-conducia-una-motocicleta-resulto-lesionado-tras-ser-impactado-por-un-vehiculo-sspe-ags","status":"publish","type":"post","link":"https:\/\/informativoelvalledeaguascalientes.online\/?p=45614","title":{"rendered":"Un menor que conduc\u00eda una motocicleta result\u00f3 lesionado tras ser impactado por un veh\u00edculo: SSPE Ags."},"content":{"rendered":"<p><strong><a href=\"https:\/\/www.facebook.com\/hashtag\/informativoelvalledeaguascalientes\">#informativoelvalledeaguascalientes<\/a><\/strong><\/p>\n<p><strong><a href=\"https:\/\/www.facebook.com\/hashtag\/novaradioaguascalientes\">#novaradioaguascalientes<\/a><\/strong><\/p>\n<p><strong><a href=\"https:\/\/www.facebook.com\/GobiernodeAguascalientes\">#ElGiganteDeMexico<\/a><\/strong><\/p>\n<p>&nbsp;<\/p>\n<p>Un menor de 13 a\u00f1os que viajaba en una motocicleta result\u00f3 lesionado tras ser impactado por una camioneta en calles del municipio de El Llano, por lo que el conductor de la otra unidad involucrada fue asegurado y llevado ante las autoridades correspondientes.<\/p>\n<p>Alrededor de las 21:16 horas, los elementos estatales y municipales recorr\u00edan las calles de la comunidad La Loma del Refugio cuando en determinado momento, al circular por la calle Romero, fueron abordados por los vecinos, quienes les se\u00f1alaron que se acababa de registrar un choque.<\/p>\n<p>Por ello detuvieron la marcha de las unidades, percat\u00e1ndose de la presencia de una motocicleta marca Italika, color gris, modelo 2021, con placas de circulaci\u00f3n del estado de Aguascalientes y a unos metros de distancia una menor tirada. Al acercarse para brindarle los primeros auxilios, se percataron de que Juan Alberto, de 13 a\u00f1os, presentaba golpes en diversas partes del cuerpo y una probable fractura en la pierna izquierda.<\/p>\n<p>Por tal motivo procedieron a solicitar el apoyo de una ambulancia en la cual fue trasladado a recibir atenci\u00f3n m\u00e9dica a las instalaciones del Hospital General de Zona 2 del IMSS, asimismo, en el lugar se encontraba Isa\u00edas Guadalupe, tambi\u00e9n de 13 a\u00f1os, quien conduc\u00eda la motocicleta, por lo que fue asegurado.<\/p>\n<p>De la misma forma fue detenido Carlos, de 59 a\u00f1os, quien manejaba una camioneta marca Nissan pickup, modelo 1994, color verde, con placas de circulaci\u00f3n del estado de Jalisco, quienes fueron llevados a las instalaciones de la Fiscal\u00eda General del Estado, donde se deslindar\u00e1n las responsabilidades del caso.<\/p>\n<p>De acuerdo a los indicios, los menores se desplazaban a bordo de la motocicleta y no se percataron de la presencia de la camioneta, por lo que se atravesaron a su paso, provocando el impacto con los resultados ya descritos.<\/p>\n","protected":false},"excerpt":{"rendered":"<p>#informativoelvalledeaguascalientes #novaradioaguascalientes #ElGiganteDeMexico &nbsp; Un menor de 13 a\u00f1os que viajaba en una motocicleta result\u00f3 lesionado tras ser impactado por una camioneta en calles del municipio de El Llano, por lo que el conductor de la otra unidad involucrada fue asegurado y llevado ante las autoridades correspondientes. Alrededor de las 21:16 horas, los elementos estatales [&hellip;]<\/p>\n","protected":false},"author":1,"featured_media":45615,"comment_status":"closed","ping_status":"open","sticky":false,"template":"","format":"standard","meta":{"_monsterinsights_skip_tracking":false,"advanced_seo_description":"","jetpack_seo_html_title":"","jetpack_seo_noindex":false,"jetpack_seo_schema_type":"","_jetpack_newsletter_access":"","_jetpack_dont_email_post_to_subs":false,"_jetpack_newsletter_tier_id":0,"_jetpack_memberships_contains_paywalled_content":false,"_jetpack_feature_clip_id":0,"_jetpack_memberships_contains_paid_content":false,"footnotes":"","jetpack_publicize_message":"","jetpack_publicize_feature_enabled":true,"jetpack_social_post_already_shared":true,"jetpack_social_options":{"image_generator_settings":{"template":"highway","default_image_id":0,"font":"","enabled":false},"version":2},"jetpack_post_was_ever_published":false},"categories":[21,4],"tags":[22,615,122],"class_list":["post-45614","post","type-post","status-publish","format-standard","has-post-thumbnail","hentry","category-aguascalientes","category-gobierno-del-estado-aguascalientes","tag-aguascalientes","tag-gobierno-del-estado-de-aguascalientes","tag-sspe-aguascalientes"],"jetpack_publicize_connections":[],"jetpack_featured_media_url":"https:\/\/i0.wp.com\/informativoelvalledeaguascalientes.online\/wp-content\/uploads\/2023\/06\/sspe-ags-el-llano-accidente-menor.jpg?fit=1200%2C863&ssl=1","jetpack-related-posts":[],"jetpack_sharing_enabled":true,"jetpack_likes_enabled":true,"_links":{"self":[{"href":"https:\/\/informativoelvalledeaguascalientes.online\/index.php?rest_route=\/wp\/v2\/posts\/45614","targetHints":{"allow":["GET"]}}],"collection":[{"href":"https:\/\/informativoelvalledeaguascalientes.online\/index.php?rest_route=\/wp\/v2\/posts"}],"about":[{"href":"https:\/\/informativoelvalledeaguascalientes.online\/index.php?rest_route=\/wp\/v2\/types\/post"}],"author":[{"embeddable":true,"href":"https:\/\/informativoelvalledeaguascalientes.online\/index.php?rest_route=\/wp\/v2\/users\/1"}],"replies":[{"embeddable":true,"href":"https:\/\/informativoelvalledeaguascalientes.online\/index.php?rest_route=%2Fwp%2Fv2%2Fcomments&post=45614"}],"version-history":[{"count":1,"href":"https:\/\/informativoelvalledeaguascalientes.online\/index.php?rest_route=\/wp\/v2\/posts\/45614\/revisions"}],"predecessor-version":[{"id":45616,"href":"https:\/\/informativoelvalledeaguascalientes.online\/index.php?rest_route=\/wp\/v2\/posts\/45614\/revisions\/45616"}],"wp:featuredmedia":[{"embeddable":true,"href":"https:\/\/informativoelvalledeaguascalientes.online\/index.php?rest_route=\/wp\/v2\/media\/45615"}],"wp:attachment":[{"href":"https:\/\/informativoelvalledeaguascalientes.online\/index.php?rest_route=%2Fwp%2Fv2%2Fmedia&parent=45614"}],"wp:term":[{"taxonomy":"category","embeddable":true,"href":"https:\/\/informativoelvalledeaguascalientes.online\/index.php?rest_route=%2Fwp%2Fv2%2Fcategories&post=45614"},{"taxonomy":"post_tag","embeddable":true,"href":"https:\/\/informativoelvalledeaguascalientes.online\/index.php?rest_route=%2Fwp%2Fv2%2Ftags&post=45614"}],"curies":[{"name":"wp","href":"https:\/\/api.w.org\/{rel}","templated":true}]}}