{"id":45602,"date":"2023-06-14T17:44:44","date_gmt":"2023-06-14T23:44:44","guid":{"rendered":"https:\/\/informativoelvalledeaguascalientes.online\/?p=45602"},"modified":"2023-06-14T17:44:44","modified_gmt":"2023-06-14T23:44:44","slug":"continuan-las-actividades-de-la-semana-del-deporte-femenil-universitario","status":"publish","type":"post","link":"https:\/\/informativoelvalledeaguascalientes.online\/?p=45602","title":{"rendered":"CONTIN\u00daAN LAS ACTIVIDADES DE LA SEMANA DEL DEPORTE FEMENIL UNIVERSITARIO"},"content":{"rendered":"<p><strong><a href=\"https:\/\/www.facebook.com\/hashtag\/informativoelvalledeaguascalientes\">#informativoelvalledeaguascalientes<\/a><\/strong><\/p>\n<p><strong><a href=\"https:\/\/www.facebook.com\/hashtag\/novaradioaguascalientes\">#novaradioaguascalientes<\/a><\/strong><\/p>\n<p><strong><a href=\"https:\/\/www.facebook.com\/GobiernodeAguascalientes\">#ElGiganteDeMexico<\/a><\/strong><\/p>\n<p><strong>\u00a0<\/strong><\/p>\n<p><strong>\u00a0<\/strong>Con el objetivo de promover\u00a0 y dar reconocimiento al deporte femenil es que en esta jornada de actividades se realizaron pl\u00e1ticas y conferencias, as\u00ed como diferentes competencias en las disciplinas de basquetbol, voleibol\u00a0 y f\u00fatbol con la participaci\u00f3n de decenas de deportistas de la comunidad universitaria de todo el estado.<\/p>\n<p>&nbsp;<\/p>\n<p>Una de las actividades a realizarse durante esta tarde es el Juego de Estrellas de voleibol el cual se jugar\u00e1 en punto de las 17:00 horas en la Universidad Tecnol\u00f3gica de Aguascalientes, donde el comit\u00e9 organizador y el Instituto del Estado de Aguascalientes invita a toda la comunidad estudiantil y p\u00fablico en general a asistir de este gran encuentro deportivo.<\/p>\n<p>&nbsp;<\/p>\n<p>Otra actividad de gran valor que se realizar\u00e1 en el marco de esta Semana del Deporte Femenil, con el objetivo de impulsar a las j\u00f3venes deportistas a desarrollar una carrera deportiva profesional es la conferencia \u201cDe la Universidad a la Selecci\u00f3n Nacional\u201d la cual se llevar\u00e1 a cabo el d\u00eda de ma\u00f1ana jueves 15 de junio en la Universidad Santa F\u00e9 en punto de las 10:00 de la ma\u00f1ana, invitando de igual manera a todo aquel que desee asistir pues este evento est\u00e1 abierto a toda la poblaci\u00f3n de Aguascalientes.<\/p>\n<p>Cabe mencionar que otras de las actividades que ya se han realizado en esta Semana del Deporte Femenil fue la convivencia entre la sociedad universitaria y p\u00fablico en general y la escuadra del equipo femenil de Panteras en el Gimnasio Hermanos Carre\u00f3n donde adem\u00e1s, las jugadoras tuvieron una \u201ccascarita\u201d con el equipo de la Liga Universitaria.<\/p>\n","protected":false},"excerpt":{"rendered":"<p>#informativoelvalledeaguascalientes #novaradioaguascalientes #ElGiganteDeMexico \u00a0 \u00a0Con el objetivo de promover\u00a0 y dar reconocimiento al deporte femenil es que en esta jornada de actividades se realizaron pl\u00e1ticas y conferencias, as\u00ed como diferentes competencias en las disciplinas de basquetbol, voleibol\u00a0 y f\u00fatbol con la participaci\u00f3n de decenas de deportistas de la comunidad universitaria de todo el estado. &nbsp; [&hellip;]<\/p>\n","protected":false},"author":1,"featured_media":45603,"comment_status":"closed","ping_status":"open","sticky":false,"template":"","format":"standard","meta":{"_monsterinsights_skip_tracking":false,"advanced_seo_description":"","jetpack_seo_html_title":"","jetpack_seo_noindex":false,"jetpack_seo_schema_type":"","_jetpack_newsletter_access":"","_jetpack_dont_email_post_to_subs":false,"_jetpack_newsletter_tier_id":0,"_jetpack_memberships_contains_paywalled_content":false,"_jetpack_feature_clip_id":0,"_jetpack_memberships_contains_paid_content":false,"footnotes":"","jetpack_publicize_message":"","jetpack_publicize_feature_enabled":true,"jetpack_social_post_already_shared":true,"jetpack_social_options":{"image_generator_settings":{"template":"highway","default_image_id":0,"font":"","enabled":false},"version":2},"jetpack_post_was_ever_published":false},"categories":[21,4],"tags":[22,615,113],"class_list":["post-45602","post","type-post","status-publish","format-standard","has-post-thumbnail","hentry","category-aguascalientes","category-gobierno-del-estado-aguascalientes","tag-aguascalientes","tag-gobierno-del-estado-de-aguascalientes","tag-idea"],"jetpack_publicize_connections":[],"jetpack_featured_media_url":"https:\/\/i0.wp.com\/informativoelvalledeaguascalientes.online\/wp-content\/uploads\/2023\/06\/gob-edo-idea-panteras-femenil.jpg?fit=1600%2C900&ssl=1","jetpack-related-posts":[],"jetpack_sharing_enabled":true,"jetpack_likes_enabled":true,"_links":{"self":[{"href":"https:\/\/informativoelvalledeaguascalientes.online\/index.php?rest_route=\/wp\/v2\/posts\/45602","targetHints":{"allow":["GET"]}}],"collection":[{"href":"https:\/\/informativoelvalledeaguascalientes.online\/index.php?rest_route=\/wp\/v2\/posts"}],"about":[{"href":"https:\/\/informativoelvalledeaguascalientes.online\/index.php?rest_route=\/wp\/v2\/types\/post"}],"author":[{"embeddable":true,"href":"https:\/\/informativoelvalledeaguascalientes.online\/index.php?rest_route=\/wp\/v2\/users\/1"}],"replies":[{"embeddable":true,"href":"https:\/\/informativoelvalledeaguascalientes.online\/index.php?rest_route=%2Fwp%2Fv2%2Fcomments&post=45602"}],"version-history":[{"count":1,"href":"https:\/\/informativoelvalledeaguascalientes.online\/index.php?rest_route=\/wp\/v2\/posts\/45602\/revisions"}],"predecessor-version":[{"id":45604,"href":"https:\/\/informativoelvalledeaguascalientes.online\/index.php?rest_route=\/wp\/v2\/posts\/45602\/revisions\/45604"}],"wp:featuredmedia":[{"embeddable":true,"href":"https:\/\/informativoelvalledeaguascalientes.online\/index.php?rest_route=\/wp\/v2\/media\/45603"}],"wp:attachment":[{"href":"https:\/\/informativoelvalledeaguascalientes.online\/index.php?rest_route=%2Fwp%2Fv2%2Fmedia&parent=45602"}],"wp:term":[{"taxonomy":"category","embeddable":true,"href":"https:\/\/informativoelvalledeaguascalientes.online\/index.php?rest_route=%2Fwp%2Fv2%2Fcategories&post=45602"},{"taxonomy":"post_tag","embeddable":true,"href":"https:\/\/informativoelvalledeaguascalientes.online\/index.php?rest_route=%2Fwp%2Fv2%2Ftags&post=45602"}],"curies":[{"name":"wp","href":"https:\/\/api.w.org\/{rel}","templated":true}]}}