{"id":456,"date":"2019-12-02T00:24:12","date_gmt":"2019-12-02T06:24:12","guid":{"rendered":"http:\/\/informativoelvalledeaguascalientes.online\/?p=456"},"modified":"2019-12-02T00:24:12","modified_gmt":"2019-12-02T06:24:12","slug":"asiste-mos-a-la-presentacion-del-libro-de-otto-granados","status":"publish","type":"post","link":"https:\/\/informativoelvalledeaguascalientes.online\/?p=456","title":{"rendered":"ASISTE MOS A LA PRESENTACI\u00d3N DEL LIBRO DE OTTO GRANADOS\u00a0"},"content":{"rendered":"<ul>\n<li dir=\"ltr\">\n<p dir=\"ltr\">El ex gobernador Otto Granados Rold\u00e1n present\u00f3 su m\u00e1s reciente obra,\u00a0 El recuerdo y las heridas: el asesinato de mi abuelo<\/p>\n<\/li>\n<\/ul>\n<p dir=\"ltr\">Mart\u00edn Orozco Sandoval acudi\u00f3 a la presentaci\u00f3n del m\u00e1s reciente t\u00edtulo del ex gobernador de Aguascalientes, Otto Granados Rold\u00e1n, quien a trav\u00e9s de su obra\u00a0 El recuerdo y las heridas: el asesinato de mi abuelo, exhibe un viejo orden pol\u00edtico que cobr\u00f3 muchas vidas a causa de las disputas de poder.<\/p>\n<p>&nbsp;<\/p>\n<p dir=\"ltr\">El gobernador del Estado de Aguascalientes, Mart\u00edn Orozco Sandoval, refiri\u00f3 sobre el libro, que expone una realidad que lamentablemente sigue estando presente en la pol\u00edtica actual.<\/p>\n<p>&nbsp;<\/p>\n<p dir=\"ltr\">En este relato historiogr\u00e1fico, Granados Rold\u00e1n le permite al lector un recorrido por el contexto pol\u00edtico del periodo final de la Revoluci\u00f3n Mexicana, narrado como una cr\u00f3nica familiar que, como dijo el autor, se propone no endulzar los hechos que golpearon a su familia en 1925, y entonces se apega a los datos; a lo fidedigno de un acontecimiento que logra captar valores intangibles en nuestra sociedad.<\/p>\n<p>&nbsp;<\/p>\n<p dir=\"ltr\">La presentaci\u00f3n de El recuerdo y las heridas: el asesinato de mi abuelo, estuvo a cargo de Enrique Rodr\u00edguez Varela, Mart\u00edn Vivanco y Luis Gonzalo Padilla Gallardo; quienes coincidieron en que la virtud de \u00e9sta cr\u00f3nica radica en c\u00f3mo, a trav\u00e9s de los recuerdos y las memorias, se puede crear identidad y entender por medio de los hechos del pasado, el porqu\u00e9 del futuro.<\/p>\n","protected":false},"excerpt":{"rendered":"<p>El ex gobernador Otto Granados Rold\u00e1n present\u00f3 su m\u00e1s reciente obra,\u00a0 El recuerdo y las heridas: el asesinato de mi abuelo Mart\u00edn Orozco Sandoval acudi\u00f3 a la presentaci\u00f3n del m\u00e1s reciente t\u00edtulo del ex gobernador de Aguascalientes, Otto Granados Rold\u00e1n, quien a trav\u00e9s de su obra\u00a0 El recuerdo y las heridas: el asesinato de mi [&hellip;]<\/p>\n","protected":false},"author":1,"featured_media":457,"comment_status":"open","ping_status":"open","sticky":false,"template":"","format":"standard","meta":{"advanced_seo_description":"","jetpack_seo_html_title":"","jetpack_seo_noindex":false,"_jetpack_memberships_contains_paid_content":false,"footnotes":"","jetpack_publicize_message":"","jetpack_publicize_feature_enabled":true,"jetpack_social_post_already_shared":false,"jetpack_social_options":{"image_generator_settings":{"template":"highway","default_image_id":0,"font":"","enabled":false},"version":2}},"categories":[21,4],"tags":[22,31],"class_list":["post-456","post","type-post","status-publish","format-standard","has-post-thumbnail","hentry","category-aguascalientes","category-gobierno-del-estado-aguascalientes","tag-aguascalientes","tag-mos"],"jetpack_publicize_connections":[],"jetpack_featured_media_url":"https:\/\/i0.wp.com\/informativoelvalledeaguascalientes.online\/wp-content\/uploads\/2019\/12\/mos_libro_30112019.jpg?fit=873%2C582&ssl=1","jetpack-related-posts":[],"jetpack_sharing_enabled":true,"jetpack_likes_enabled":true,"_links":{"self":[{"href":"https:\/\/informativoelvalledeaguascalientes.online\/index.php?rest_route=\/wp\/v2\/posts\/456","targetHints":{"allow":["GET"]}}],"collection":[{"href":"https:\/\/informativoelvalledeaguascalientes.online\/index.php?rest_route=\/wp\/v2\/posts"}],"about":[{"href":"https:\/\/informativoelvalledeaguascalientes.online\/index.php?rest_route=\/wp\/v2\/types\/post"}],"author":[{"embeddable":true,"href":"https:\/\/informativoelvalledeaguascalientes.online\/index.php?rest_route=\/wp\/v2\/users\/1"}],"replies":[{"embeddable":true,"href":"https:\/\/informativoelvalledeaguascalientes.online\/index.php?rest_route=%2Fwp%2Fv2%2Fcomments&post=456"}],"version-history":[{"count":1,"href":"https:\/\/informativoelvalledeaguascalientes.online\/index.php?rest_route=\/wp\/v2\/posts\/456\/revisions"}],"predecessor-version":[{"id":458,"href":"https:\/\/informativoelvalledeaguascalientes.online\/index.php?rest_route=\/wp\/v2\/posts\/456\/revisions\/458"}],"wp:featuredmedia":[{"embeddable":true,"href":"https:\/\/informativoelvalledeaguascalientes.online\/index.php?rest_route=\/wp\/v2\/media\/457"}],"wp:attachment":[{"href":"https:\/\/informativoelvalledeaguascalientes.online\/index.php?rest_route=%2Fwp%2Fv2%2Fmedia&parent=456"}],"wp:term":[{"taxonomy":"category","embeddable":true,"href":"https:\/\/informativoelvalledeaguascalientes.online\/index.php?rest_route=%2Fwp%2Fv2%2Fcategories&post=456"},{"taxonomy":"post_tag","embeddable":true,"href":"https:\/\/informativoelvalledeaguascalientes.online\/index.php?rest_route=%2Fwp%2Fv2%2Ftags&post=456"}],"curies":[{"name":"wp","href":"https:\/\/api.w.org\/{rel}","templated":true}]}}