{"id":45490,"date":"2023-06-12T21:27:01","date_gmt":"2023-06-13T03:27:01","guid":{"rendered":"https:\/\/informativoelvalledeaguascalientes.online\/?p=45490"},"modified":"2023-06-12T21:27:01","modified_gmt":"2023-06-13T03:27:01","slug":"inicia-tere-jimenez-programa-patrulla-ambiental-en-la-escuela-primaria-macuilxochitzin","status":"publish","type":"post","link":"https:\/\/informativoelvalledeaguascalientes.online\/?p=45490","title":{"rendered":"INICIA TERE JIM\u00c9NEZ PROGRAMA PATRULLA AMBIENTAL EN LA ESCUELA PRIMARIA \u201cMACUILXOCHITZIN\u201d"},"content":{"rendered":"<p><strong><a href=\"https:\/\/www.facebook.com\/hashtag\/informativoelvalledeaguascalientes\">#informativoelvalledeaguascalientes<\/a><\/strong><\/p>\n<p><strong><a href=\"https:\/\/www.facebook.com\/hashtag\/novaradioaguascalientes\">#novaradioaguascalientes<\/a><\/strong><\/p>\n<p><strong><a href=\"https:\/\/www.facebook.com\/GobiernodeAguascalientes\">#ElGiganteDeMexico<\/a><\/strong><\/p>\n<p>&nbsp;<\/p>\n<div id=\"bgLayers_comp-l7sh9ubr2\" class=\"MW5IWV\" data-hook=\"bgLayers\"><\/div>\n<div class=\"\" data-mesh-id=\"comp-l7sh9ubr2inlineContent\" data-testid=\"inline-content\">\n<div data-mesh-id=\"comp-l7sh9ubr2inlineContent-gridContainer\" data-testid=\"mesh-container-content\">\n<div id=\"comp-l7yvxqnz\" class=\"MazNVa comp-l7yvxqnz wixui-image rYiAuL\"><\/div>\n<div id=\"comp-l7sh9ubx\" class=\"TWFxr5\">\n<div class=\"comp-l7sh9ubx\">\n<div class=\"s1IW4bz comp-l7sh9ubx\" data-hook=\"ricosviewer-wrapper\">\n<div class=\"kvdbP _1O7aH\" dir=\"ltr\" data-id=\"rich-content-viewer\">\n<div class=\"_1hN1O _3EPBy\">\n<p id=\"viewer-foo\" class=\"mm8Nw _1j-51 _1FoOD _78FBa public-DraftStyleDefault-block-depth0 fixed-tab-size public-DraftStyleDefault-text-ltr\"><span class=\"_2PHJq public-DraftStyleDefault-ltr\">La gobernadora de Aguascalientes, Tere Jim\u00e9nez, encabez\u00f3 la ceremonia de Honores a la Bandera en la Escuela Primaria \u201cMacuilxochitzin\u201d del municipio de Jes\u00fas Mar\u00eda, donde puso en marcha el programa Patrulla Ambiental, que tiene como objetivo fomentar el cuidado del medio ambiente; adem\u00e1s inaugur\u00f3 un laboratorio de c\u00f3mputo en beneficio de m\u00e1s de 650 alumnos.\u00a0<\/span><\/p>\n<div id=\"viewer-5h1ik128\" class=\"mm8Nw _1j-51 _1FoOD _78FBa public-DraftStyleDefault-block-depth0 fixed-tab-size public-DraftStyleDefault-text-ltr\"><span class=\"_2PHJq public-DraftStyleDefault-ltr\">\u00a0<\/span><\/div>\n<p id=\"viewer-rjjln129\" class=\"mm8Nw _1j-51 _1FoOD _78FBa public-DraftStyleDefault-block-depth0 fixed-tab-size public-DraftStyleDefault-text-ltr\"><span class=\"_2PHJq public-DraftStyleDefault-ltr\">La gobernadora detall\u00f3 que esta es la primera de muchas escuelas que se unir\u00e1n al programa Patrulla Ambiental, a trav\u00e9s del cual se integrar\u00e1n grupos de alumnos como guardianes del medio ambiente, que ser\u00e1n los encargados de vigilar que se respete a los animales y el entorno, as\u00ed como de fomentar el cuidado del agua; adem\u00e1s mencion\u00f3 que estas acciones beneficiar\u00e1n al estado a corto y largo plazo.\u00a0<\/span><\/p>\n<div id=\"viewer-9agq1131\" class=\"mm8Nw _1j-51 _1FoOD _78FBa public-DraftStyleDefault-block-depth0 fixed-tab-size public-DraftStyleDefault-text-ltr\"><span class=\"_2PHJq public-DraftStyleDefault-ltr\">\u00a0<\/span><\/div>\n<p id=\"viewer-7xs8z132\" class=\"mm8Nw _1j-51 _1FoOD _78FBa public-DraftStyleDefault-block-depth0 fixed-tab-size public-DraftStyleDefault-text-ltr\"><span class=\"_2PHJq public-DraftStyleDefault-ltr\">\u201cLos invito a que cuiden su entorno y que contin\u00faen prepar\u00e1ndose para que tengan un mejor futuro; recuerden que todos los sue\u00f1os se cumplen con esfuerzo, disciplina y dedicaci\u00f3n\u201d, resalt\u00f3 la gobernadora.\u00a0<\/span><\/p>\n<div id=\"viewer-5fa1y134\" class=\"mm8Nw _1j-51 _1FoOD _78FBa public-DraftStyleDefault-block-depth0 fixed-tab-size public-DraftStyleDefault-text-ltr\"><span class=\"_2PHJq public-DraftStyleDefault-ltr\">\u00a0<\/span><\/div>\n<p id=\"viewer-etkja135\" class=\"mm8Nw _1j-51 _1FoOD _78FBa public-DraftStyleDefault-block-depth0 fixed-tab-size public-DraftStyleDefault-text-ltr\"><span class=\"_2PHJq public-DraftStyleDefault-ltr\">Tere Jim\u00e9nez tambi\u00e9n invit\u00f3 a los estudiantes a inscribirse en la Copa Aguascalientes, en la que los uniformes y las inscripciones ser\u00e1n completamente gratuitas; asimismo les pidi\u00f3 consultar las diferentes convocatorias de becas educativas que el Gobierno del Estado les ofrece, a fin de que puedan participar y continuar con sus estudios.\u00a0<\/span><\/p>\n<div id=\"viewer-n9m8h137\" class=\"mm8Nw _1j-51 _1FoOD _78FBa public-DraftStyleDefault-block-depth0 fixed-tab-size public-DraftStyleDefault-text-ltr\"><span class=\"_2PHJq public-DraftStyleDefault-ltr\">\u00a0<\/span><\/div>\n<p id=\"viewer-wkcjh138\" class=\"mm8Nw _1j-51 _1FoOD _78FBa public-DraftStyleDefault-block-depth0 fixed-tab-size public-DraftStyleDefault-text-ltr\"><span class=\"_2PHJq public-DraftStyleDefault-ltr\">Por su parte, Josefina Garc\u00eda Romo, directora de la escuela primaria, agradeci\u00f3 a la gobernadora por su visita; dijo que gracias al apoyo de su administraci\u00f3n, los estudiantes contar\u00e1n con espacios dignos donde se fomente el uso de las tecnolog\u00edas y se contin\u00faen preparando los gigantes de M\u00e9xico.\u00a0<\/span><\/p>\n<div id=\"viewer-h7zem140\" class=\"mm8Nw _1j-51 _1FoOD _78FBa public-DraftStyleDefault-block-depth0 fixed-tab-size public-DraftStyleDefault-text-ltr\"><span class=\"_2PHJq public-DraftStyleDefault-ltr\">\u00a0<\/span><\/div>\n<p id=\"viewer-nuych141\" class=\"mm8Nw _1j-51 _1FoOD _78FBa public-DraftStyleDefault-block-depth0 fixed-tab-size public-DraftStyleDefault-text-ltr\"><span class=\"_2PHJq public-DraftStyleDefault-ltr\">En el marco del acto c\u00edvico, la gobernadora entreg\u00f3 reconocimientos, tabletas y bicicletas a las y los alumnos con mejores promedios.\u00a0<\/span><\/p>\n<div id=\"viewer-m57rt143\" class=\"mm8Nw _1j-51 _1FoOD _78FBa public-DraftStyleDefault-block-depth0 fixed-tab-size public-DraftStyleDefault-text-ltr\"><span class=\"_2PHJq public-DraftStyleDefault-ltr\">\u00a0<\/span><\/div>\n<p id=\"viewer-vihow144\" class=\"mm8Nw _1j-51 _1FoOD _78FBa public-DraftStyleDefault-block-depth0 fixed-tab-size public-DraftStyleDefault-text-ltr\"><span class=\"_2PHJq public-DraftStyleDefault-ltr\">Al evento asistieron tambi\u00e9n Jos\u00e9 Antonio Ar\u00e1mbula L\u00f3pez, presidente municipal de Jes\u00fas Mar\u00eda; Ra\u00fal Silva Perezchica, presidente de la Comisi\u00f3n de Educaci\u00f3n y Cultura del H. Congreso del Estado; Vicente P\u00e9rez Almanza, encargado del Proyecto Cultura del Agua; Mart\u00edn Alejandro B\u00e1rcenas Paredes, titular del SISAAE Jes\u00fas Mar\u00eda; Jos\u00e9 Antonio Muro Herrera, supervisor de la Zona Escolar No. 041; Elia Berenice Montantes Moreno, presidenta de la Mesa de Padres de Familia y Estefan Alessandro V\u00e1zquez S\u00e1nchez, alumno del plantel.<\/span><\/p>\n<\/div>\n<\/div>\n<\/div>\n<\/div>\n<\/div>\n<\/div>\n<\/div>\n","protected":false},"excerpt":{"rendered":"<p>#informativoelvalledeaguascalientes #novaradioaguascalientes #ElGiganteDeMexico &nbsp; La gobernadora de Aguascalientes, Tere Jim\u00e9nez, encabez\u00f3 la ceremonia de Honores a la Bandera en la Escuela Primaria \u201cMacuilxochitzin\u201d del municipio de Jes\u00fas Mar\u00eda, donde puso en marcha el programa Patrulla Ambiental, que tiene como objetivo fomentar el cuidado del medio ambiente; adem\u00e1s inaugur\u00f3 un laboratorio de c\u00f3mputo en beneficio de [&hellip;]<\/p>\n","protected":false},"author":1,"featured_media":45491,"comment_status":"closed","ping_status":"open","sticky":false,"template":"","format":"standard","meta":{"advanced_seo_description":"","jetpack_seo_html_title":"","jetpack_seo_noindex":false,"_jetpack_memberships_contains_paid_content":false,"footnotes":"","jetpack_publicize_message":"","jetpack_publicize_feature_enabled":true,"jetpack_social_post_already_shared":true,"jetpack_social_options":{"image_generator_settings":{"template":"highway","default_image_id":0,"font":"","enabled":false},"version":2}},"categories":[21,4],"tags":[22,615,39,320],"class_list":["post-45490","post","type-post","status-publish","format-standard","has-post-thumbnail","hentry","category-aguascalientes","category-gobierno-del-estado-aguascalientes","tag-aguascalientes","tag-gobierno-del-estado-de-aguascalientes","tag-iea","tag-tere-jimenez"],"jetpack_publicize_connections":[],"jetpack_featured_media_url":"https:\/\/i0.wp.com\/informativoelvalledeaguascalientes.online\/wp-content\/uploads\/2023\/06\/gob-edo-tj-iea.webp?fit=630%2C420&ssl=1","jetpack-related-posts":[],"jetpack_sharing_enabled":true,"jetpack_likes_enabled":true,"_links":{"self":[{"href":"https:\/\/informativoelvalledeaguascalientes.online\/index.php?rest_route=\/wp\/v2\/posts\/45490","targetHints":{"allow":["GET"]}}],"collection":[{"href":"https:\/\/informativoelvalledeaguascalientes.online\/index.php?rest_route=\/wp\/v2\/posts"}],"about":[{"href":"https:\/\/informativoelvalledeaguascalientes.online\/index.php?rest_route=\/wp\/v2\/types\/post"}],"author":[{"embeddable":true,"href":"https:\/\/informativoelvalledeaguascalientes.online\/index.php?rest_route=\/wp\/v2\/users\/1"}],"replies":[{"embeddable":true,"href":"https:\/\/informativoelvalledeaguascalientes.online\/index.php?rest_route=%2Fwp%2Fv2%2Fcomments&post=45490"}],"version-history":[{"count":1,"href":"https:\/\/informativoelvalledeaguascalientes.online\/index.php?rest_route=\/wp\/v2\/posts\/45490\/revisions"}],"predecessor-version":[{"id":45492,"href":"https:\/\/informativoelvalledeaguascalientes.online\/index.php?rest_route=\/wp\/v2\/posts\/45490\/revisions\/45492"}],"wp:featuredmedia":[{"embeddable":true,"href":"https:\/\/informativoelvalledeaguascalientes.online\/index.php?rest_route=\/wp\/v2\/media\/45491"}],"wp:attachment":[{"href":"https:\/\/informativoelvalledeaguascalientes.online\/index.php?rest_route=%2Fwp%2Fv2%2Fmedia&parent=45490"}],"wp:term":[{"taxonomy":"category","embeddable":true,"href":"https:\/\/informativoelvalledeaguascalientes.online\/index.php?rest_route=%2Fwp%2Fv2%2Fcategories&post=45490"},{"taxonomy":"post_tag","embeddable":true,"href":"https:\/\/informativoelvalledeaguascalientes.online\/index.php?rest_route=%2Fwp%2Fv2%2Ftags&post=45490"}],"curies":[{"name":"wp","href":"https:\/\/api.w.org\/{rel}","templated":true}]}}