{"id":45451,"date":"2023-06-10T18:52:27","date_gmt":"2023-06-11T00:52:27","guid":{"rendered":"https:\/\/informativoelvalledeaguascalientes.online\/?p=45451"},"modified":"2023-06-10T18:52:27","modified_gmt":"2023-06-11T00:52:27","slug":"inaugura-tere-jimenez-oficina-de-atencion-al-migrante-en-chicago","status":"publish","type":"post","link":"https:\/\/informativoelvalledeaguascalientes.online\/?p=45451","title":{"rendered":"INAUGURA TERE JIM\u00c9NEZ OFICINA DE ATENCI\u00d3N AL MIGRANTE EN CHICAGO"},"content":{"rendered":"<p><strong><a href=\"https:\/\/www.facebook.com\/hashtag\/informativoelvalledeaguascalientes\">#informativoelvalledeaguascalientes<\/a> <\/strong><\/p>\n<p><strong><a href=\"https:\/\/www.facebook.com\/hashtag\/novaradioaguascalientes\">#novaradioaguascalientes<\/a><\/strong><\/p>\n<p><strong><a href=\"https:\/\/www.facebook.com\/GobiernodeAguascalientes\">#ElGiganteDeMexico<\/a><\/strong><\/p>\n<ul class=\"public-DraftStyleDefault-ul\">\n<li id=\"viewer-foo\" class=\"_3Kjjs _78FBa public-DraftStyleDefault-unorderedListItem public-DraftStyleDefault-depth0 public-DraftStyleDefault-list-ltr fixed-tab-size public-DraftStyleDefault-reset _1FoOD _78FBa\">\n<p class=\"_1j-51 _1FoOD _78FBa undefined\"><strong><em>Brindar\u00e1 atenci\u00f3n a los 153 mil migrantes aguascalentenses que se encuentran en Estados Unidos<\/em><\/strong><\/p>\n<\/li>\n<li id=\"viewer-lsr0r159\" class=\"_3Kjjs _78FBa public-DraftStyleDefault-unorderedListItem public-DraftStyleDefault-depth0 public-DraftStyleDefault-list-ltr fixed-tab-size _1FoOD _78FBa\">\n<p class=\"_1j-51 _1FoOD _78FBa undefined\"><strong><em>Esta oficina se suma a la que ya opera desde el mes de diciembre en Los \u00c1ngeles, California\u00a0<\/em><\/strong><\/p>\n<\/li>\n<\/ul>\n<div id=\"viewer-1vbpt161\" class=\"mm8Nw _1j-51 _1FoOD _78FBa public-DraftStyleDefault-block-depth0 fixed-tab-size public-DraftStyleDefault-text-ltr\"><span class=\"_2PHJq public-DraftStyleDefault-ltr\">\u00a0<\/span><\/div>\n<p id=\"viewer-mixaw162\" class=\"mm8Nw _1j-51 _1FoOD _78FBa public-DraftStyleDefault-block-depth0 fixed-tab-size public-DraftStyleDefault-text-ltr\"><span class=\"_2PHJq public-DraftStyleDefault-ltr\">La gobernadora de Aguascalientes, Tere Jim\u00e9nez, inaugur\u00f3 una Oficina de Atenci\u00f3n al Migrante en Chicago, un espacio creado para atender las necesidades de las y los 153 mil hidroc\u00e1lidos que se encuentran en la Uni\u00f3n Americana.<\/span><\/p>\n<div id=\"viewer-91371164\" class=\"mm8Nw _1j-51 _1FoOD _78FBa public-DraftStyleDefault-block-depth0 fixed-tab-size public-DraftStyleDefault-text-ltr\"><span class=\"_2PHJq public-DraftStyleDefault-ltr\">\u00a0<\/span><\/div>\n<p id=\"viewer-pk89y165\" class=\"mm8Nw _1j-51 _1FoOD _78FBa public-DraftStyleDefault-block-depth0 fixed-tab-size public-DraftStyleDefault-text-ltr\"><span class=\"_2PHJq public-DraftStyleDefault-ltr\">\u201cHoy abrimos las puertas de este espacio para atender a nuestros hermanos migrantes por el esfuerzo que realizan todos los d\u00edas; sepan que esta oficina est\u00e1 para apoyarlos, vamos a estar trabajando muy fuerte por ustedes y sus familias\u201d, les dijo la gobernadora.<\/span><\/p>\n<div id=\"viewer-9jf14167\" class=\"mm8Nw _1j-51 _1FoOD _78FBa public-DraftStyleDefault-block-depth0 fixed-tab-size public-DraftStyleDefault-text-ltr\"><span class=\"_2PHJq public-DraftStyleDefault-ltr\">\u00a0<\/span><\/div>\n<p id=\"viewer-8gahu168\" class=\"mm8Nw _1j-51 _1FoOD _78FBa public-DraftStyleDefault-block-depth0 fixed-tab-size public-DraftStyleDefault-text-ltr\"><span class=\"_2PHJq public-DraftStyleDefault-ltr\">Tere Jim\u00e9nez mencion\u00f3 algunos de los servicios que brindar\u00e1 esta oficina, como el tr\u00e1mite de la doble nacionalidad, inscripci\u00f3n al Registro Civil, asesor\u00eda legal y orientaci\u00f3n en temas de migraci\u00f3n; a\u00f1adi\u00f3 que tambi\u00e9n se promover\u00e1n eventos culturales y art\u00edsticos relacionados con las tradiciones de Aguascalientes, como el ferial de la Feria Nacional de San Marcos 2023.<\/span><\/p>\n<div id=\"viewer-m6ko4170\" class=\"mm8Nw _1j-51 _1FoOD _78FBa public-DraftStyleDefault-block-depth0 fixed-tab-size public-DraftStyleDefault-text-ltr\"><span class=\"_2PHJq public-DraftStyleDefault-ltr\">\u00a0<\/span><\/div>\n<p id=\"viewer-jbh7q171\" class=\"mm8Nw _1j-51 _1FoOD _78FBa public-DraftStyleDefault-block-depth0 fixed-tab-size public-DraftStyleDefault-text-ltr\"><span class=\"_2PHJq public-DraftStyleDefault-ltr\">El Centro de Atenci\u00f3n que encabeza Angie Garc\u00eda se ubica en 3478 S Archer Ave, Chicago, Illinois, 60608. Las y los interesados pueden acudir directamente a recibir informes o llamar al tel\u00e9fono 630 456 59 75 para aclarar cualquier duda.<\/span><\/p>\n<div id=\"viewer-82kla173\" class=\"mm8Nw _1j-51 _1FoOD _78FBa public-DraftStyleDefault-block-depth0 fixed-tab-size public-DraftStyleDefault-text-ltr\"><span class=\"_2PHJq public-DraftStyleDefault-ltr\">\u00a0<\/span><\/div>\n<p id=\"viewer-wimqp174\" class=\"mm8Nw _1j-51 _1FoOD _78FBa public-DraftStyleDefault-block-depth0 fixed-tab-size public-DraftStyleDefault-text-ltr\"><span class=\"_2PHJq public-DraftStyleDefault-ltr\">Esta oficina se suma a la que desde el mes de diciembre opera en Los \u00c1ngeles, California.<\/span><\/p>\n<div id=\"viewer-xq99k176\" class=\"mm8Nw _1j-51 _1FoOD _78FBa public-DraftStyleDefault-block-depth0 fixed-tab-size public-DraftStyleDefault-text-ltr\"><span class=\"_2PHJq public-DraftStyleDefault-ltr\">\u00a0<\/span><\/div>\n<p id=\"viewer-qbdqt177\" class=\"mm8Nw _1j-51 _1FoOD _78FBa public-DraftStyleDefault-block-depth0 fixed-tab-size public-DraftStyleDefault-text-ltr\"><span class=\"_2PHJq public-DraftStyleDefault-ltr\">Como parte de las acciones en beneficio de los migrantes y sus familias, la gobernadora Tere Jim\u00e9nez realiz\u00f3 un donativo de 5 mil d\u00f3lares al Club Rayito de Esperanza en Oklahoma, encabezado por migrantes calvillenses que residen en Estados Unidos, con lo que se beneficiar\u00e1 a los enfermos renales de Calvillo.\u00a0<\/span><\/p>\n<div id=\"viewer-vi7sq179\" class=\"mm8Nw _1j-51 _1FoOD _78FBa public-DraftStyleDefault-block-depth0 fixed-tab-size public-DraftStyleDefault-text-ltr\"><span class=\"_2PHJq public-DraftStyleDefault-ltr\">\u00a0<\/span><\/div>\n<p id=\"viewer-y0d9y180\" class=\"mm8Nw _1j-51 _1FoOD _78FBa public-DraftStyleDefault-block-depth0 fixed-tab-size public-DraftStyleDefault-text-ltr\"><span class=\"_2PHJq public-DraftStyleDefault-ltr\">Natzielly Teresita Rodr\u00edguez Calzada, titular del Instituto Aguascalentense de las Personas Migrantes (IAMPEMI), fue quien entreg\u00f3 el cheque que envi\u00f3 la gobernadora al personal de dicha asociaci\u00f3n civil.<\/span><\/p>\n<div id=\"viewer-fngu2182\" class=\"mm8Nw _1j-51 _1FoOD _78FBa public-DraftStyleDefault-block-depth0 fixed-tab-size public-DraftStyleDefault-text-ltr\"><span class=\"_2PHJq public-DraftStyleDefault-ltr\">\u00a0<\/span><\/div>\n<p id=\"viewer-chbxq183\" class=\"mm8Nw _1j-51 _1FoOD _78FBa public-DraftStyleDefault-block-depth0 fixed-tab-size public-DraftStyleDefault-text-ltr\"><span class=\"_2PHJq public-DraftStyleDefault-ltr\">\u201cReciban un saludo muy cari\u00f1oso de parte de la gobernadora; me encarg\u00f3 que les informe sobre los programas que tenemos en el IAPEMI para todos los aguascalentenses que viven en Estados Unidos. Ustedes saben que Tere Jim\u00e9nez tiene una gran visi\u00f3n en el tema de los migrantes, por ello ha entrado con el pie derecho para resolver las problem\u00e1ticas que los aquejan\u201d, mencion\u00f3 Rodr\u00edguez Calzada.<\/span><\/p>\n<div id=\"viewer-n5750185\" class=\"mm8Nw _1j-51 _1FoOD _78FBa public-DraftStyleDefault-block-depth0 fixed-tab-size public-DraftStyleDefault-text-ltr\"><span class=\"_2PHJq public-DraftStyleDefault-ltr\">\u00a0<\/span><\/div>\n<p id=\"viewer-c61n7186\" class=\"mm8Nw _1j-51 _1FoOD _78FBa public-DraftStyleDefault-block-depth0 fixed-tab-size public-DraftStyleDefault-text-ltr\"><span class=\"_2PHJq public-DraftStyleDefault-ltr\">Adem\u00e1s, mencion\u00f3 algunos de los logros que se han obtenido a favor de los migrantes gracias a los proyectos que impulsa la gobernadora, como <em>Reencontrando Corazones <\/em>que ha permitido que m\u00e1s de 100 familias se vuelvan a ver despu\u00e9s de muchos a\u00f1os; la matr\u00edcula consular, que ya funciona como identificaci\u00f3n oficial en Aguascalientes; as\u00ed como el programa 2&#215;1, en el que por cada peso que los migrantes env\u00eden a su familia, el gobierno pondr\u00e1 otro.<\/span><\/p>\n<div id=\"viewer-r1of4190\" class=\"mm8Nw _1j-51 _1FoOD _3M0Fe public-DraftStyleDefault-block-depth0 fixed-tab-size public-DraftStyleDefault-text-ltr\"><\/div>\n","protected":false},"excerpt":{"rendered":"<p>#informativoelvalledeaguascalientes #novaradioaguascalientes #ElGiganteDeMexico Brindar\u00e1 atenci\u00f3n a los 153 mil migrantes aguascalentenses que se encuentran en Estados Unidos Esta oficina se suma a la que ya opera desde el mes de diciembre en Los \u00c1ngeles, California\u00a0 \u00a0 La gobernadora de Aguascalientes, Tere Jim\u00e9nez, inaugur\u00f3 una Oficina de Atenci\u00f3n al Migrante en Chicago, un espacio creado para [&hellip;]<\/p>\n","protected":false},"author":1,"featured_media":45452,"comment_status":"closed","ping_status":"open","sticky":false,"template":"","format":"standard","meta":{"advanced_seo_description":"","jetpack_seo_html_title":"","jetpack_seo_noindex":false,"_jetpack_memberships_contains_paid_content":false,"footnotes":"","jetpack_publicize_message":"","jetpack_publicize_feature_enabled":true,"jetpack_social_post_already_shared":true,"jetpack_social_options":{"image_generator_settings":{"template":"highway","default_image_id":0,"font":"","enabled":false},"version":2}},"categories":[21,4],"tags":[22,161,615,688,320],"class_list":["post-45451","post","type-post","status-publish","format-standard","has-post-thumbnail","hentry","category-aguascalientes","category-gobierno-del-estado-aguascalientes","tag-aguascalientes","tag-gobierno-del-estado-aguascalientes","tag-gobierno-del-estado-de-aguascalientes","tag-iampemi","tag-tere-jimenez"],"jetpack_publicize_connections":[],"jetpack_featured_media_url":"https:\/\/i0.wp.com\/informativoelvalledeaguascalientes.online\/wp-content\/uploads\/2023\/06\/WhatsApp-Image-2023-06-10-at-12.50.18-PM.jpeg?fit=1024%2C485&ssl=1","jetpack-related-posts":[],"jetpack_sharing_enabled":true,"jetpack_likes_enabled":true,"_links":{"self":[{"href":"https:\/\/informativoelvalledeaguascalientes.online\/index.php?rest_route=\/wp\/v2\/posts\/45451","targetHints":{"allow":["GET"]}}],"collection":[{"href":"https:\/\/informativoelvalledeaguascalientes.online\/index.php?rest_route=\/wp\/v2\/posts"}],"about":[{"href":"https:\/\/informativoelvalledeaguascalientes.online\/index.php?rest_route=\/wp\/v2\/types\/post"}],"author":[{"embeddable":true,"href":"https:\/\/informativoelvalledeaguascalientes.online\/index.php?rest_route=\/wp\/v2\/users\/1"}],"replies":[{"embeddable":true,"href":"https:\/\/informativoelvalledeaguascalientes.online\/index.php?rest_route=%2Fwp%2Fv2%2Fcomments&post=45451"}],"version-history":[{"count":1,"href":"https:\/\/informativoelvalledeaguascalientes.online\/index.php?rest_route=\/wp\/v2\/posts\/45451\/revisions"}],"predecessor-version":[{"id":45453,"href":"https:\/\/informativoelvalledeaguascalientes.online\/index.php?rest_route=\/wp\/v2\/posts\/45451\/revisions\/45453"}],"wp:featuredmedia":[{"embeddable":true,"href":"https:\/\/informativoelvalledeaguascalientes.online\/index.php?rest_route=\/wp\/v2\/media\/45452"}],"wp:attachment":[{"href":"https:\/\/informativoelvalledeaguascalientes.online\/index.php?rest_route=%2Fwp%2Fv2%2Fmedia&parent=45451"}],"wp:term":[{"taxonomy":"category","embeddable":true,"href":"https:\/\/informativoelvalledeaguascalientes.online\/index.php?rest_route=%2Fwp%2Fv2%2Fcategories&post=45451"},{"taxonomy":"post_tag","embeddable":true,"href":"https:\/\/informativoelvalledeaguascalientes.online\/index.php?rest_route=%2Fwp%2Fv2%2Ftags&post=45451"}],"curies":[{"name":"wp","href":"https:\/\/api.w.org\/{rel}","templated":true}]}}