{"id":4518,"date":"2020-03-23T21:26:19","date_gmt":"2020-03-24T03:26:19","guid":{"rendered":"https:\/\/informativoelvalledeaguascalientes.online\/?p=4518"},"modified":"2020-03-23T21:26:19","modified_gmt":"2020-03-24T03:26:19","slug":"el-gobierno-municipal-de-calvillo-inicio-un-programa-de-sanitizacion-de-plazas-y-edificios-publicos","status":"publish","type":"post","link":"https:\/\/informativoelvalledeaguascalientes.online\/?p=4518","title":{"rendered":"El gobierno municipal de Calvillo inici\u00f3 un programa de sanitizaci\u00f3n de plazas y edificios p\u00fablicos"},"content":{"rendered":"<p style=\"font-weight: 400;\">El Gobierno Municipal de Calvillo en coordinaci\u00f3n con las autoridades del Sector Salud, con el objetivo de proteger a la ciudadania y para enfrentar oportunamente la contingencia sanitaria derivada de la presencia en el pa\u00eds y en el estado del COVID-19 (Coronavirus) comenz\u00f3 este lunes 23 de marzo con diversas acciones de sanitizaci\u00f3n de espacios p\u00fablicos, informaci\u00f3n a la ciudadan\u00eda y distribuci\u00f3n de gel antibacterial.<\/p>\n<p style=\"font-weight: 400;\">Personal de la Secretar\u00eda de Servicios P\u00fablicos comenz\u00f3 on un programa de sanitizaci\u00f3n de las plazas principales y los edificios p\u00fablicos del municipio de Calvillo. La medida de prevenci\u00f3n consiste en la aplicaci\u00f3n de una soluci\u00f3n de cloro al 20 por ciento y jab\u00f3n.<\/p>\n<p style=\"font-weight: 400;\">El proceso de limpieza se realiz\u00f3 ya en la Plaza Principal Porfirio D\u00edaz de Calvillo y continuar\u00e1 en las plazas de las delegaciones municipales y en edificios p\u00fablicos; se espera que a mas tardar en tres d\u00edas se hayan sanitizado la mayor\u00eda de los espacios p\u00fablicos, inform\u00f3 el titular del \u00e1rea, Emmanuel Contreras Loera.<\/p>\n<p style=\"font-weight: 400;\">Tambi\u00e9n, para enterar a los ciudadanos de las medidas de prevenci\u00f3n que pueden realizar para evitar el contagio de #COVID19 #coronavirus, se realiza en edificios p\u00fablicos y diversos establecimientos comerciales una intensa campa\u00f1a informativa para enterar a los ciudadanos de las medidas de prevenci\u00f3n, entre las que est\u00e1n lavarse las manos frecuentemente con agua y jab\u00f3n; usar gel antibacterial, no saludar de mano, de beso o de abrazo; y estornudar en la parte interna del codo.<\/p>\n<p style=\"font-weight: 400;\">Tambi\u00e9n se colocaron dispensadores de gel antibacterial en edificios p\u00fablicos para que las personas mantengan sus manos desinfectadas.<\/p>\n","protected":false},"excerpt":{"rendered":"<p>El Gobierno Municipal de Calvillo en coordinaci\u00f3n con las autoridades del Sector Salud, con el objetivo de proteger a la ciudadania y para enfrentar oportunamente la contingencia sanitaria derivada de la presencia en el pa\u00eds y en el estado del COVID-19 (Coronavirus) comenz\u00f3 este lunes 23 de marzo con diversas acciones de sanitizaci\u00f3n de espacios [&hellip;]<\/p>\n","protected":false},"author":1,"featured_media":4519,"comment_status":"closed","ping_status":"open","sticky":false,"template":"","format":"standard","meta":{"advanced_seo_description":"","jetpack_seo_html_title":"","jetpack_seo_noindex":false,"_jetpack_memberships_contains_paid_content":false,"footnotes":"","jetpack_publicize_message":"","jetpack_publicize_feature_enabled":true,"jetpack_social_post_already_shared":true,"jetpack_social_options":{"image_generator_settings":{"template":"highway","default_image_id":0,"font":"","enabled":false},"version":2}},"categories":[21,13],"tags":[22,29],"class_list":["post-4518","post","type-post","status-publish","format-standard","has-post-thumbnail","hentry","category-aguascalientes","category-calvillo-aguascalientes","tag-aguascalientes","tag-calvillo-aguascalientes"],"jetpack_publicize_connections":[],"jetpack_featured_media_url":"https:\/\/i0.wp.com\/informativoelvalledeaguascalientes.online\/wp-content\/uploads\/2020\/03\/calvillo_ags_23032020.jpg?fit=946%2C631&ssl=1","jetpack-related-posts":[],"jetpack_sharing_enabled":true,"jetpack_likes_enabled":true,"_links":{"self":[{"href":"https:\/\/informativoelvalledeaguascalientes.online\/index.php?rest_route=\/wp\/v2\/posts\/4518","targetHints":{"allow":["GET"]}}],"collection":[{"href":"https:\/\/informativoelvalledeaguascalientes.online\/index.php?rest_route=\/wp\/v2\/posts"}],"about":[{"href":"https:\/\/informativoelvalledeaguascalientes.online\/index.php?rest_route=\/wp\/v2\/types\/post"}],"author":[{"embeddable":true,"href":"https:\/\/informativoelvalledeaguascalientes.online\/index.php?rest_route=\/wp\/v2\/users\/1"}],"replies":[{"embeddable":true,"href":"https:\/\/informativoelvalledeaguascalientes.online\/index.php?rest_route=%2Fwp%2Fv2%2Fcomments&post=4518"}],"version-history":[{"count":1,"href":"https:\/\/informativoelvalledeaguascalientes.online\/index.php?rest_route=\/wp\/v2\/posts\/4518\/revisions"}],"predecessor-version":[{"id":4520,"href":"https:\/\/informativoelvalledeaguascalientes.online\/index.php?rest_route=\/wp\/v2\/posts\/4518\/revisions\/4520"}],"wp:featuredmedia":[{"embeddable":true,"href":"https:\/\/informativoelvalledeaguascalientes.online\/index.php?rest_route=\/wp\/v2\/media\/4519"}],"wp:attachment":[{"href":"https:\/\/informativoelvalledeaguascalientes.online\/index.php?rest_route=%2Fwp%2Fv2%2Fmedia&parent=4518"}],"wp:term":[{"taxonomy":"category","embeddable":true,"href":"https:\/\/informativoelvalledeaguascalientes.online\/index.php?rest_route=%2Fwp%2Fv2%2Fcategories&post=4518"},{"taxonomy":"post_tag","embeddable":true,"href":"https:\/\/informativoelvalledeaguascalientes.online\/index.php?rest_route=%2Fwp%2Fv2%2Ftags&post=4518"}],"curies":[{"name":"wp","href":"https:\/\/api.w.org\/{rel}","templated":true}]}}