{"id":4509,"date":"2020-03-23T21:13:01","date_gmt":"2020-03-24T03:13:01","guid":{"rendered":"https:\/\/informativoelvalledeaguascalientes.online\/?p=4509"},"modified":"2020-03-23T21:13:01","modified_gmt":"2020-03-24T03:13:01","slug":"registra-cmov-en-bitacoras-la-limpieza-y-desinfeccion-de-las-unidades-de-transporte-urbano","status":"publish","type":"post","link":"https:\/\/informativoelvalledeaguascalientes.online\/?p=4509","title":{"rendered":"REGISTRA CMOV EN BIT\u00c1CORAS LA LIMPIEZA Y DESINFECCI\u00d3N DE  LAS UNIDADES DE TRANSPORTE URBANO"},"content":{"rendered":"<ul>\n<li><strong><em>Concesionarios exhiben disposici\u00f3n al aplicar las medidas proporcionadas de prevenci\u00f3n ante la fase I del Covid-19<\/em><\/strong><\/li>\n<\/ul>\n<p><strong><em>\u00a0<\/em><\/strong><\/p>\n<ul>\n<li><strong><em>Los operadores limpian \u00e1reas comunes y se aplican gel antibacterial durante los recorridos y al llegar a terminal<\/em><\/strong><\/li>\n<\/ul>\n<p><strong><em>\u00a0<\/em><\/strong><\/p>\n<p>La Coordinaci\u00f3n General de Movilidad (Cmov) contin\u00faa supervisando que las unidades de transporte p\u00fablico en modalidad de colectivo urbano est\u00e9n limpias y desinfectadas, as\u00ed lo expres\u00f3 el encargado de despacho, Gustavo Guti\u00e9rrez de la Torre.<\/p>\n<p>&nbsp;<\/p>\n<p>A\u00f1adi\u00f3 que con apoyo de personal en campo, la Cmov registra a trav\u00e9s de bit\u00e1coras el programa de limpieza y desinfecci\u00f3n que se le realiza a cada unidad al inicio de la operaci\u00f3n y al t\u00e9rmino de sus primeros dos ciclos de servicio.<\/p>\n<p>&nbsp;<\/p>\n<p>Guti\u00e9rrez de la Torre reconoci\u00f3 que los concesionarios y permisionarios est\u00e1n aplicando las medidas proporcionadas por la Coordinaci\u00f3n ante la fase 1 de prevenci\u00f3n del Covid-19: \u201cEst\u00e1n comprometidos y mostrando toda la disposici\u00f3n de proteger a sus trabajadores y a los usuarios de transporte urbano, ya que est\u00e1n dotando a su personal con los productos necesarios para realizar la limpieza\u201d, dijo.<\/p>\n<p>&nbsp;<\/p>\n<p>El funcionario mencion\u00f3 algunas de las medidas emitidas para los operadores, entre las que destacan: aplicarse gel antibacterial al menos cada 30 minutos durante los recorridos, evitar en medida de lo posible el contacto f\u00edsico con los usuarios, verificar que las ventanas est\u00e9n abiertas y, como lo marca la Ley, no llevar acompa\u00f1antes.<\/p>\n<p>&nbsp;<\/p>\n<p>Subray\u00f3 que se les hizo hincapi\u00e9 en que no se permita laborar a ning\u00fan operador que presenta alg\u00fan s\u00edntoma de fiebre mayor a 38\u00b0, fatiga, dolor de cabeza, dolor de garganta o tos seca.<\/p>\n<p>&nbsp;<\/p>\n<p>Por otra parte, exhort\u00f3 a los usuarios a utilizar el transporte p\u00fablico para viajes que son sumamente necesarios: \u201csi vamos a usar el transporte urbano, hay que usar tambi\u00e9n gel antibacterial antes y despu\u00e9s de entregar el pago del viaje y al ascender y descender de la unidad, y no viajar si hay s\u00edntomas de enfermedad respiratoria. &#8220;<\/p>\n","protected":false},"excerpt":{"rendered":"<p>Concesionarios exhiben disposici\u00f3n al aplicar las medidas proporcionadas de prevenci\u00f3n ante la fase I del Covid-19 \u00a0 Los operadores limpian \u00e1reas comunes y se aplican gel antibacterial durante los recorridos y al llegar a terminal \u00a0 La Coordinaci\u00f3n General de Movilidad (Cmov) contin\u00faa supervisando que las unidades de transporte p\u00fablico en modalidad de colectivo urbano [&hellip;]<\/p>\n","protected":false},"author":1,"featured_media":4510,"comment_status":"closed","ping_status":"open","sticky":false,"template":"","format":"standard","meta":{"advanced_seo_description":"","jetpack_seo_html_title":"","jetpack_seo_noindex":false,"_jetpack_memberships_contains_paid_content":false,"footnotes":"","jetpack_publicize_message":"","jetpack_publicize_feature_enabled":true,"jetpack_social_post_already_shared":true,"jetpack_social_options":{"image_generator_settings":{"template":"highway","default_image_id":0,"font":"","enabled":false},"version":2}},"categories":[21,4],"tags":[22,53],"class_list":["post-4509","post","type-post","status-publish","format-standard","has-post-thumbnail","hentry","category-aguascalientes","category-gobierno-del-estado-aguascalientes","tag-aguascalientes","tag-cmov"],"jetpack_publicize_connections":[],"jetpack_featured_media_url":"https:\/\/i0.wp.com\/informativoelvalledeaguascalientes.online\/wp-content\/uploads\/2020\/03\/cmov_23032020.jpg?fit=841%2C631&ssl=1","jetpack-related-posts":[],"jetpack_sharing_enabled":true,"jetpack_likes_enabled":true,"_links":{"self":[{"href":"https:\/\/informativoelvalledeaguascalientes.online\/index.php?rest_route=\/wp\/v2\/posts\/4509","targetHints":{"allow":["GET"]}}],"collection":[{"href":"https:\/\/informativoelvalledeaguascalientes.online\/index.php?rest_route=\/wp\/v2\/posts"}],"about":[{"href":"https:\/\/informativoelvalledeaguascalientes.online\/index.php?rest_route=\/wp\/v2\/types\/post"}],"author":[{"embeddable":true,"href":"https:\/\/informativoelvalledeaguascalientes.online\/index.php?rest_route=\/wp\/v2\/users\/1"}],"replies":[{"embeddable":true,"href":"https:\/\/informativoelvalledeaguascalientes.online\/index.php?rest_route=%2Fwp%2Fv2%2Fcomments&post=4509"}],"version-history":[{"count":1,"href":"https:\/\/informativoelvalledeaguascalientes.online\/index.php?rest_route=\/wp\/v2\/posts\/4509\/revisions"}],"predecessor-version":[{"id":4511,"href":"https:\/\/informativoelvalledeaguascalientes.online\/index.php?rest_route=\/wp\/v2\/posts\/4509\/revisions\/4511"}],"wp:featuredmedia":[{"embeddable":true,"href":"https:\/\/informativoelvalledeaguascalientes.online\/index.php?rest_route=\/wp\/v2\/media\/4510"}],"wp:attachment":[{"href":"https:\/\/informativoelvalledeaguascalientes.online\/index.php?rest_route=%2Fwp%2Fv2%2Fmedia&parent=4509"}],"wp:term":[{"taxonomy":"category","embeddable":true,"href":"https:\/\/informativoelvalledeaguascalientes.online\/index.php?rest_route=%2Fwp%2Fv2%2Fcategories&post=4509"},{"taxonomy":"post_tag","embeddable":true,"href":"https:\/\/informativoelvalledeaguascalientes.online\/index.php?rest_route=%2Fwp%2Fv2%2Ftags&post=4509"}],"curies":[{"name":"wp","href":"https:\/\/api.w.org\/{rel}","templated":true}]}}