{"id":45050,"date":"2023-06-02T19:18:15","date_gmt":"2023-06-03T01:18:15","guid":{"rendered":"https:\/\/informativoelvalledeaguascalientes.online\/?p=45050"},"modified":"2023-06-02T19:18:15","modified_gmt":"2023-06-03T01:18:15","slug":"en-aguascalientes-estamos-preparados-para-afrontar-los-nuevos-retos-de-la-industria-4-0-tere-jimenez","status":"publish","type":"post","link":"https:\/\/informativoelvalledeaguascalientes.online\/?p=45050","title":{"rendered":"EN AGUASCALIENTES ESTAMOS PREPARADOS PARA AFRONTAR LOS NUEVOS RETOS DE LA INDUSTRIA 4.0: TERE JIM\u00c9NEZ"},"content":{"rendered":"<p><strong><a href=\"https:\/\/www.facebook.com\/hashtag\/informativoelvalledeaguascalientes\">#informativoelvalledeaguascalientes<\/a><\/strong><\/p>\n<p><strong><a href=\"https:\/\/www.facebook.com\/hashtag\/novaradioaguascalientes\">#novaradioaguascalientes<\/a><\/strong><\/p>\n<p><strong><a href=\"https:\/\/www.facebook.com\/GobiernodeAguascalientes\">#ElGiganteDeMexico<\/a><\/strong><\/p>\n<p>&nbsp;<\/p>\n<ul class=\"public-DraftStyleDefault-ul\">\n<li id=\"viewer-sxd9t149\" class=\"_3Kjjs _78FBa public-DraftStyleDefault-unorderedListItem public-DraftStyleDefault-depth0 public-DraftStyleDefault-list-ltr fixed-tab-size public-DraftStyleDefault-reset _1FoOD _78FBa\">\n<p class=\"_1j-51 _1FoOD _78FBa undefined\"><strong><em>Preparamos a nuestros j\u00f3venes para el nuevo mercado laboral<\/em><\/strong><\/p>\n<\/li>\n<li id=\"viewer-v6v5l152\" class=\"_3Kjjs _78FBa public-DraftStyleDefault-unorderedListItem public-DraftStyleDefault-depth0 public-DraftStyleDefault-list-ltr fixed-tab-size _1FoOD _78FBa\">\n<p class=\"_1j-51 _1FoOD _78FBa undefined\"><strong><em>El Gobierno del Estado y Capgemini firmaron un convenio de colaboraci\u00f3n para capacitar a estudiantes y docentes de las universidades estatales<\/em><\/strong><\/p>\n<\/li>\n<li id=\"viewer-o3wp8155\" class=\"_3Kjjs _78FBa public-DraftStyleDefault-unorderedListItem public-DraftStyleDefault-depth0 public-DraftStyleDefault-list-ltr fixed-tab-size _1FoOD _78FBa\">\n<p class=\"_1j-51 _1FoOD _78FBa undefined\"><strong><em>Con este acuerdo se desarrollar\u00e1n competencias digitales y tecnol\u00f3gicas que les permitan enfrentar los retos del mundo actual<\/em><\/strong><\/p>\n<\/li>\n<\/ul>\n<div id=\"viewer-lunwo157\" class=\"mm8Nw _1j-51 _1FoOD _78FBa public-DraftStyleDefault-block-depth0 fixed-tab-size public-DraftStyleDefault-text-ltr\"><span class=\"_2PHJq public-DraftStyleDefault-ltr\">\u00a0<\/span><\/div>\n<p id=\"viewer-tntes158\" class=\"mm8Nw _1j-51 _1FoOD _78FBa public-DraftStyleDefault-block-depth0 fixed-tab-size public-DraftStyleDefault-text-ltr\"><span class=\"_2PHJq public-DraftStyleDefault-ltr\">Aguascalientes est\u00e1 preparado para sumarse a los retos de la nueva era, la industria 4.0; listo para consolidarse como un estado de clase mundial, asegur\u00f3 la gobernadora Tere Jim\u00e9nez al firmar un convenio de colaboraci\u00f3n con la empresa Capgemini para capacitar a estudiantes y docentes de las seis universidades estatales.<\/span><\/p>\n<div id=\"viewer-c2hbl160\" class=\"mm8Nw _1j-51 _1FoOD _78FBa public-DraftStyleDefault-block-depth0 fixed-tab-size public-DraftStyleDefault-text-ltr\"><span class=\"_2PHJq public-DraftStyleDefault-ltr\">\u00a0<\/span><\/div>\n<p id=\"viewer-4khei161\" class=\"mm8Nw _1j-51 _1FoOD _78FBa public-DraftStyleDefault-block-depth0 fixed-tab-size public-DraftStyleDefault-text-ltr\"><span class=\"_2PHJq public-DraftStyleDefault-ltr\">\u201cEstamos formando recursos humanos que respondan a los requerimientos del mundo actual; queremos que nuestros j\u00f3venes est\u00e9n a la altura de lo que piden las empresas y pongan en alto el nombre de Aguascalientes a nivel mundial\u201d, indic\u00f3 la gobernadora.<\/span><\/p>\n<div id=\"viewer-6uie3163\" class=\"mm8Nw _1j-51 _1FoOD _78FBa public-DraftStyleDefault-block-depth0 fixed-tab-size public-DraftStyleDefault-text-ltr\"><span class=\"_2PHJq public-DraftStyleDefault-ltr\">\u00a0<\/span><\/div>\n<p id=\"viewer-m5nbf164\" class=\"mm8Nw _1j-51 _1FoOD _78FBa public-DraftStyleDefault-block-depth0 fixed-tab-size public-DraftStyleDefault-text-ltr\"><span class=\"_2PHJq public-DraftStyleDefault-ltr\">De ah\u00ed, dijo Tere Jim\u00e9nez, la importancia de impulsar el modelo dual en las universidades del estado y ofrecer a los j\u00f3venes una educaci\u00f3n completa en la que est\u00e9n familiarizados con los retos del mundo laboral.<\/span><\/p>\n<div id=\"viewer-bk7jt166\" class=\"mm8Nw _1j-51 _1FoOD _78FBa public-DraftStyleDefault-block-depth0 fixed-tab-size public-DraftStyleDefault-text-ltr\"><span class=\"_2PHJq public-DraftStyleDefault-ltr\">\u00a0<\/span><\/div>\n<p id=\"viewer-dax7n167\" class=\"mm8Nw _1j-51 _1FoOD _78FBa public-DraftStyleDefault-block-depth0 fixed-tab-size public-DraftStyleDefault-text-ltr\"><span class=\"_2PHJq public-DraftStyleDefault-ltr\">Durante la firma del convenio, la gobernadora agradeci\u00f3 a los directivos de Capgemini por la confianza para colaborar con las universidades del Gigante de M\u00e9xico.<\/span><\/p>\n<div id=\"viewer-5k4m9169\" class=\"mm8Nw _1j-51 _1FoOD _78FBa public-DraftStyleDefault-block-depth0 fixed-tab-size public-DraftStyleDefault-text-ltr\"><span class=\"_2PHJq public-DraftStyleDefault-ltr\">\u00a0<\/span><\/div>\n<p id=\"viewer-pajwu170\" class=\"mm8Nw _1j-51 _1FoOD _78FBa public-DraftStyleDefault-block-depth0 fixed-tab-size public-DraftStyleDefault-text-ltr\"><span class=\"_2PHJq public-DraftStyleDefault-ltr\">Lorena Mart\u00ednez, directora general del Instituto de Educaci\u00f3n de Aguascalientes (IEA), explic\u00f3 que a trav\u00e9s de dicho convenio se capacitar\u00e1 a estudiantes y maestros de las universidades p\u00fablicas en competencias digitales y tecnol\u00f3gicas.<\/span><\/p>\n<div id=\"viewer-69ppg172\" class=\"mm8Nw _1j-51 _1FoOD _78FBa public-DraftStyleDefault-block-depth0 fixed-tab-size public-DraftStyleDefault-text-ltr\"><span class=\"_2PHJq public-DraftStyleDefault-ltr\">\u00a0<\/span><\/div>\n<p id=\"viewer-3jath173\" class=\"mm8Nw _1j-51 _1FoOD _78FBa public-DraftStyleDefault-block-depth0 fixed-tab-size public-DraftStyleDefault-text-ltr\"><span class=\"_2PHJq public-DraftStyleDefault-ltr\">Detall\u00f3 que entre las acciones que se promover\u00e1n est\u00e1 la actualizaci\u00f3n de los programas educativos alineados a las necesidades de la industria 4.0, es decir, aquella cuya productividad mejora con tecnolog\u00edas aplicadas.<\/span><\/p>\n<div id=\"viewer-giltm175\" class=\"mm8Nw _1j-51 _1FoOD _78FBa public-DraftStyleDefault-block-depth0 fixed-tab-size public-DraftStyleDefault-text-ltr\"><span class=\"_2PHJq public-DraftStyleDefault-ltr\">\u00a0<\/span><\/div>\n<p id=\"viewer-6p7c9176\" class=\"mm8Nw _1j-51 _1FoOD _78FBa public-DraftStyleDefault-block-depth0 fixed-tab-size public-DraftStyleDefault-text-ltr\"><span class=\"_2PHJq public-DraftStyleDefault-ltr\">Destac\u00f3 que el acuerdo beneficiar\u00e1 a 10 mil personas, entre profesores, tutores, alumnos y egresados de las instituciones p\u00fablicas de educaci\u00f3n superior.<\/span><\/p>\n<div id=\"viewer-zyq9j178\" class=\"mm8Nw _1j-51 _1FoOD _78FBa public-DraftStyleDefault-block-depth0 fixed-tab-size public-DraftStyleDefault-text-ltr\"><span class=\"_2PHJq public-DraftStyleDefault-ltr\">\u00a0<\/span><\/div>\n<p id=\"viewer-g9vdu179\" class=\"mm8Nw _1j-51 _1FoOD _78FBa public-DraftStyleDefault-block-depth0 fixed-tab-size public-DraftStyleDefault-text-ltr\"><span class=\"_2PHJq public-DraftStyleDefault-ltr\">Por \u00faltimo, Ram\u00f3n \u00c1lvarez Abreu, presidente de la regi\u00f3n North Latam Capgemini Americas, dijo que la empresa que representa tiene presencia en 50 pa\u00edses y cuenta con 350 mil consultores que dan asesor\u00eda y soporte a compa\u00f1\u00edas de todo el mundo; coment\u00f3 que en Aguascalientes est\u00e1 establecido uno de sus principales centros de atenci\u00f3n.\u00a0<\/span><\/p>\n<div id=\"viewer-jy9vr181\" class=\"mm8Nw _1j-51 _1FoOD _78FBa public-DraftStyleDefault-block-depth0 fixed-tab-size public-DraftStyleDefault-text-ltr\"><span class=\"_2PHJq public-DraftStyleDefault-ltr\">\u00a0<\/span><\/div>\n<p id=\"viewer-f5rt7182\" class=\"mm8Nw _1j-51 _1FoOD _78FBa public-DraftStyleDefault-block-depth0 fixed-tab-size public-DraftStyleDefault-text-ltr\"><span class=\"_2PHJq public-DraftStyleDefault-ltr\">En el evento tambi\u00e9n estuvieron presentes el diputado local Ra\u00fal Silva Perezchica; Tagosam Salazar Imamura, subsecretario de Inversi\u00f3n y Desarrollo de la Secretar\u00eda de Desarrollo Econ\u00f3mico, Ciencia y Tecnolog\u00eda del Estado; Adriana Elizabeth Torres Nava, apoderada legal de Capgemini M\u00e9xico; Francisco Javier C\u00e1ceres, director de Educaci\u00f3n Superior del IEA; as\u00ed como los rectores de las seis universidades estatales.<\/span><\/p>\n<div id=\"viewer-rzhk4184\" class=\"mm8Nw _1j-51 _1FoOD _78FBa public-DraftStyleDefault-block-depth0 fixed-tab-size public-DraftStyleDefault-text-ltr\"><\/div>\n","protected":false},"excerpt":{"rendered":"<p>#informativoelvalledeaguascalientes #novaradioaguascalientes #ElGiganteDeMexico &nbsp; Preparamos a nuestros j\u00f3venes para el nuevo mercado laboral El Gobierno del Estado y Capgemini firmaron un convenio de colaboraci\u00f3n para capacitar a estudiantes y docentes de las universidades estatales Con este acuerdo se desarrollar\u00e1n competencias digitales y tecnol\u00f3gicas que les permitan enfrentar los retos del mundo actual \u00a0 Aguascalientes est\u00e1 [&hellip;]<\/p>\n","protected":false},"author":1,"featured_media":45051,"comment_status":"closed","ping_status":"open","sticky":false,"template":"","format":"standard","meta":{"advanced_seo_description":"","jetpack_seo_html_title":"","jetpack_seo_noindex":false,"_jetpack_memberships_contains_paid_content":false,"footnotes":"","jetpack_publicize_message":"","jetpack_publicize_feature_enabled":true,"jetpack_social_post_already_shared":true,"jetpack_social_options":{"image_generator_settings":{"template":"highway","default_image_id":0,"font":"","enabled":false},"version":2}},"categories":[21,4],"tags":[22,615,39],"class_list":["post-45050","post","type-post","status-publish","format-standard","has-post-thumbnail","hentry","category-aguascalientes","category-gobierno-del-estado-aguascalientes","tag-aguascalientes","tag-gobierno-del-estado-de-aguascalientes","tag-iea"],"jetpack_publicize_connections":[],"jetpack_featured_media_url":"https:\/\/i0.wp.com\/informativoelvalledeaguascalientes.online\/wp-content\/uploads\/2023\/06\/gob-edo-iea-tj-convenio.webp?fit=720%2C420&ssl=1","jetpack-related-posts":[],"jetpack_sharing_enabled":true,"jetpack_likes_enabled":true,"_links":{"self":[{"href":"https:\/\/informativoelvalledeaguascalientes.online\/index.php?rest_route=\/wp\/v2\/posts\/45050","targetHints":{"allow":["GET"]}}],"collection":[{"href":"https:\/\/informativoelvalledeaguascalientes.online\/index.php?rest_route=\/wp\/v2\/posts"}],"about":[{"href":"https:\/\/informativoelvalledeaguascalientes.online\/index.php?rest_route=\/wp\/v2\/types\/post"}],"author":[{"embeddable":true,"href":"https:\/\/informativoelvalledeaguascalientes.online\/index.php?rest_route=\/wp\/v2\/users\/1"}],"replies":[{"embeddable":true,"href":"https:\/\/informativoelvalledeaguascalientes.online\/index.php?rest_route=%2Fwp%2Fv2%2Fcomments&post=45050"}],"version-history":[{"count":1,"href":"https:\/\/informativoelvalledeaguascalientes.online\/index.php?rest_route=\/wp\/v2\/posts\/45050\/revisions"}],"predecessor-version":[{"id":45052,"href":"https:\/\/informativoelvalledeaguascalientes.online\/index.php?rest_route=\/wp\/v2\/posts\/45050\/revisions\/45052"}],"wp:featuredmedia":[{"embeddable":true,"href":"https:\/\/informativoelvalledeaguascalientes.online\/index.php?rest_route=\/wp\/v2\/media\/45051"}],"wp:attachment":[{"href":"https:\/\/informativoelvalledeaguascalientes.online\/index.php?rest_route=%2Fwp%2Fv2%2Fmedia&parent=45050"}],"wp:term":[{"taxonomy":"category","embeddable":true,"href":"https:\/\/informativoelvalledeaguascalientes.online\/index.php?rest_route=%2Fwp%2Fv2%2Fcategories&post=45050"},{"taxonomy":"post_tag","embeddable":true,"href":"https:\/\/informativoelvalledeaguascalientes.online\/index.php?rest_route=%2Fwp%2Fv2%2Ftags&post=45050"}],"curies":[{"name":"wp","href":"https:\/\/api.w.org\/{rel}","templated":true}]}}