{"id":4503,"date":"2020-03-23T21:06:40","date_gmt":"2020-03-24T03:06:40","guid":{"rendered":"https:\/\/informativoelvalledeaguascalientes.online\/?p=4503"},"modified":"2020-03-23T21:06:40","modified_gmt":"2020-03-24T03:06:40","slug":"jovenes-deben-asumir-su-responsabilidad-ante-esta-situacion-rgc","status":"publish","type":"post","link":"https:\/\/informativoelvalledeaguascalientes.online\/?p=4503","title":{"rendered":"J\u00d3VENES DEBEN ASUMIR SU RESPONSABILIDAD ANTE ESTA SITUACI\u00d3N: RGC"},"content":{"rendered":"<ul>\n<li dir=\"ltr\">\n<p dir=\"ltr\">Ruth Guzm\u00e1n insta a los j\u00f3venes a tomar la situaci\u00f3n actual con responsabilidad, pues tambi\u00e9n son propensos a padecer enfermedades<\/p>\n<\/li>\n<\/ul>\n<p>&nbsp;<\/p>\n<p dir=\"ltr\">Los j\u00f3venes deben asumir su responsabilidad social y acatar las indicaciones de las autoridades sanitarias, ya que tambi\u00e9n son vulnerables a contraer COVID-19, por lo que necesitan estar alerta y pendientes, as\u00ed lo indic\u00f3 Ruth Guzm\u00e1n Cuevas, directora del Instituto Aguascalentense de la Juventud (IAJU).<\/p>\n<p>&nbsp;<\/p>\n<p dir=\"ltr\">La titular del instituto se\u00f1al\u00f3 que aunque la atenci\u00f3n se centra principalmente en grupos vulnerables, ya sea por edad o por patolog\u00edas previas, los j\u00f3venes sanos tambi\u00e9n son propensos a contraer la enfermedad.<\/p>\n<p>&nbsp;<\/p>\n<p dir=\"ltr\">Asimismo destac\u00f3 que es importante que las y los j\u00f3venes acaten las medidas preventivas no s\u00f3lo para protegerse a s\u00ed mismos, sino tambi\u00e9n para tomar una postura responsable ante la protecci\u00f3n de familiares adultos y adultos mayores, o personas que pertenecen a los grupos vulnerables de la sociedad.<\/p>\n<p>&nbsp;<\/p>\n<p dir=\"ltr\">Ruth Guzm\u00e1n tambi\u00e9n hizo un llamado a las y los j\u00f3venes a ser solidarios con sus familiares y asistirlos en la medida de lo posible, para evitar que ellos se expongan a contagiarse.<\/p>\n<p>&nbsp;<\/p>\n<p dir=\"ltr\">La titular record\u00f3 que esta contingencia puede representar una oportunidad de demostrar responsabilidad, buscando mantener la paz y el desarrollo econ\u00f3mico que ha permeado hist\u00f3ricamente en este estado.<\/p>\n<p>&nbsp;<\/p>\n<p dir=\"ltr\">Finalmente, Guzm\u00e1n Cuevas se\u00f1al\u00f3 que por un periodo de tiempo y ante\u00a0 la actual situaci\u00f3n, se han tenido que posponer amplio n\u00famero de actividades, como cursos y talleres que gozan de una ocupaci\u00f3n cerca del 85% en sus instalaciones, as\u00ed como las jornadas en planteles educativos Iaju en tu Escuela, las cuales atacaban problem\u00e1ticas y situaciones de riesgo entre el alumnado.<\/p>\n","protected":false},"excerpt":{"rendered":"<p>Ruth Guzm\u00e1n insta a los j\u00f3venes a tomar la situaci\u00f3n actual con responsabilidad, pues tambi\u00e9n son propensos a padecer enfermedades &nbsp; Los j\u00f3venes deben asumir su responsabilidad social y acatar las indicaciones de las autoridades sanitarias, ya que tambi\u00e9n son vulnerables a contraer COVID-19, por lo que necesitan estar alerta y pendientes, as\u00ed lo indic\u00f3 [&hellip;]<\/p>\n","protected":false},"author":1,"featured_media":4504,"comment_status":"closed","ping_status":"open","sticky":false,"template":"","format":"standard","meta":{"advanced_seo_description":"","jetpack_seo_html_title":"","jetpack_seo_noindex":false,"_jetpack_memberships_contains_paid_content":false,"footnotes":"","jetpack_publicize_message":"","jetpack_publicize_feature_enabled":true,"jetpack_social_post_already_shared":true,"jetpack_social_options":{"image_generator_settings":{"template":"highway","default_image_id":0,"font":"","enabled":false},"version":2}},"categories":[21,4],"tags":[22,35],"class_list":["post-4503","post","type-post","status-publish","format-standard","has-post-thumbnail","hentry","category-aguascalientes","category-gobierno-del-estado-aguascalientes","tag-aguascalientes","tag-iaju"],"jetpack_publicize_connections":[],"jetpack_featured_media_url":"https:\/\/i0.wp.com\/informativoelvalledeaguascalientes.online\/wp-content\/uploads\/2020\/03\/iaju_23032020.jpg?fit=922%2C473&ssl=1","jetpack-related-posts":[],"jetpack_sharing_enabled":true,"jetpack_likes_enabled":true,"_links":{"self":[{"href":"https:\/\/informativoelvalledeaguascalientes.online\/index.php?rest_route=\/wp\/v2\/posts\/4503","targetHints":{"allow":["GET"]}}],"collection":[{"href":"https:\/\/informativoelvalledeaguascalientes.online\/index.php?rest_route=\/wp\/v2\/posts"}],"about":[{"href":"https:\/\/informativoelvalledeaguascalientes.online\/index.php?rest_route=\/wp\/v2\/types\/post"}],"author":[{"embeddable":true,"href":"https:\/\/informativoelvalledeaguascalientes.online\/index.php?rest_route=\/wp\/v2\/users\/1"}],"replies":[{"embeddable":true,"href":"https:\/\/informativoelvalledeaguascalientes.online\/index.php?rest_route=%2Fwp%2Fv2%2Fcomments&post=4503"}],"version-history":[{"count":1,"href":"https:\/\/informativoelvalledeaguascalientes.online\/index.php?rest_route=\/wp\/v2\/posts\/4503\/revisions"}],"predecessor-version":[{"id":4505,"href":"https:\/\/informativoelvalledeaguascalientes.online\/index.php?rest_route=\/wp\/v2\/posts\/4503\/revisions\/4505"}],"wp:featuredmedia":[{"embeddable":true,"href":"https:\/\/informativoelvalledeaguascalientes.online\/index.php?rest_route=\/wp\/v2\/media\/4504"}],"wp:attachment":[{"href":"https:\/\/informativoelvalledeaguascalientes.online\/index.php?rest_route=%2Fwp%2Fv2%2Fmedia&parent=4503"}],"wp:term":[{"taxonomy":"category","embeddable":true,"href":"https:\/\/informativoelvalledeaguascalientes.online\/index.php?rest_route=%2Fwp%2Fv2%2Fcategories&post=4503"},{"taxonomy":"post_tag","embeddable":true,"href":"https:\/\/informativoelvalledeaguascalientes.online\/index.php?rest_route=%2Fwp%2Fv2%2Ftags&post=4503"}],"curies":[{"name":"wp","href":"https:\/\/api.w.org\/{rel}","templated":true}]}}