{"id":4500,"date":"2020-03-23T20:28:52","date_gmt":"2020-03-24T02:28:52","guid":{"rendered":"https:\/\/informativoelvalledeaguascalientes.online\/?p=4500"},"modified":"2020-03-23T20:28:52","modified_gmt":"2020-03-24T02:28:52","slug":"hay-que-apoyar-el-comercio-local-en-esta-contingencia-fernando-herrera","status":"publish","type":"post","link":"https:\/\/informativoelvalledeaguascalientes.online\/?p=4500","title":{"rendered":"HAY QUE APOYAR EL COMERCIO LOCAL EN ESTA CONTINGENCIA:\u00a0FERNANDO HERRERA"},"content":{"rendered":"<ul>\n<li style=\"font-weight: 400;\">M\u00e1s de 24 mil comercios se ver\u00e1n afectados por la reducci\u00f3n de actividades. Se proyecta una desaceleraci\u00f3n econ\u00f3mica de por lo menos el veinte por ciento.<\/li>\n<\/ul>\n<p style=\"font-weight: 400;\">\n<ul>\n<li style=\"font-weight: 400;\">Ser solidarios en esta contingencia por COVID19, pide.<\/li>\n<\/ul>\n<p style=\"font-weight: 400;\">\n<p style=\"font-weight: 400;\">Hay que seguir las recomendaciones de las autoridades y procurar quedarse en casa, pero de ser necesario el abastecimiento de insumos b\u00e1sicos, \u201chay que comprarle a la tiendita de la esquina, apoyar al comercio local\u201d, consider\u00f3 Fernando Herrera.<\/p>\n<p style=\"font-weight: 400;\">\n<p style=\"font-weight: 400;\">El vocero nacional del PAN reconoci\u00f3 el compromiso que han mostrado los aguascalentenses para evitar la propagaci\u00f3n del COVID19 y confi\u00f3 que en breve se recupere la normalidad para todos si continuamos poniendo de nuestra parte.<\/p>\n<p style=\"font-weight: 400;\">\n<p style=\"font-weight: 400;\">Sin embargo destac\u00f3 el impacto que tiene en la econom\u00eda local la reducci\u00f3n de las actividades; por ello dijo: \u201chay que ser solidarios en esta contingencia, comprar en los comercios de la colonia en lugar de supermercados y cadenas comerciales\u201d.<\/p>\n<p style=\"font-weight: 400;\">\n<p style=\"font-weight: 400;\">Fernando Herrera record\u00f3 que en Aguascalientes se estima un impacto econ\u00f3mico en al menos 24 mil comercios.<\/p>\n<p style=\"font-weight: 400;\">\n<p style=\"font-weight: 400;\">\u201cSon m\u00e1s de 100 mil personas que viven al d\u00eda y cuyos ingresos son fundamentales para la econom\u00eda de toda una familia\u201d, expres\u00f3.<\/p>\n<p style=\"font-weight: 400;\">\n<p style=\"font-weight: 400;\">En este sentido dijo que que es necesario, adem\u00e1s de las medidas econ\u00f3micas que han anunciado las autoridades, procurar que el capital fluya entre los peque\u00f1os comerciantes y los negocios de las localidades, durante los pr\u00f3ximos meses.<\/p>\n<p style=\"font-weight: 400;\">\n<p style=\"font-weight: 400;\">\u201cUna cadena comercial tiene la capacidad para soportar una baja econ\u00f3mica como la que se espera, pero los comercios locales no\u201d, dijo.<\/p>\n<p style=\"font-weight: 400;\">\n<p style=\"font-weight: 400;\">\u201cPor ello hay que procurar que exista una base de capital permanente en los peque\u00f1os negocios\u201d.<\/p>\n<p style=\"font-weight: 400;\">\n<p style=\"font-weight: 400;\">Herrera \u00c1vila precis\u00f3 que proyecta que la econom\u00eda de la entidad se desacelerar\u00e1 cerca del veinte por ciento con esta contingencia, por lo que junto con el sector restaurantero y el de turismo, los peque\u00f1os comerciantes podr\u00edan ser los que m\u00e1s absorban la baja de la actividad econ\u00f3mica.<\/p>\n<p style=\"font-weight: 400;\">\n<p style=\"font-weight: 400;\">\u201cCuidarnos, seguir las indicaciones de las autoridades, pero tambi\u00e9n, de ser necesario el abastecimiento de alimentos e insumos b\u00e1sicos, comprar en lo local, en la tienda de la colonia. Ayudarnos entre nosotros\u201d, dijo.<\/p>\n","protected":false},"excerpt":{"rendered":"<p>M\u00e1s de 24 mil comercios se ver\u00e1n afectados por la reducci\u00f3n de actividades. Se proyecta una desaceleraci\u00f3n econ\u00f3mica de por lo menos el veinte por ciento. Ser solidarios en esta contingencia por COVID19, pide. Hay que seguir las recomendaciones de las autoridades y procurar quedarse en casa, pero de ser necesario el abastecimiento de insumos [&hellip;]<\/p>\n","protected":false},"author":1,"featured_media":4501,"comment_status":"closed","ping_status":"open","sticky":false,"template":"","format":"standard","meta":{"advanced_seo_description":"","jetpack_seo_html_title":"","jetpack_seo_noindex":false,"_jetpack_memberships_contains_paid_content":false,"footnotes":"","jetpack_publicize_message":"","jetpack_publicize_feature_enabled":true,"jetpack_social_post_already_shared":true,"jetpack_social_options":{"image_generator_settings":{"template":"highway","default_image_id":0,"font":"","enabled":false},"version":2}},"categories":[21,19,7],"tags":[22,23],"class_list":["post-4500","post","type-post","status-publish","format-standard","has-post-thumbnail","hentry","category-aguascalientes","category-informacion-general","category-pan-aguascalientes","tag-aguascalientes","tag-pan-aguascalientes"],"jetpack_publicize_connections":[],"jetpack_featured_media_url":"https:\/\/i0.wp.com\/informativoelvalledeaguascalientes.online\/wp-content\/uploads\/2020\/03\/FERNANDO-H.jpeg?fit=1082%2C720&ssl=1","jetpack-related-posts":[],"jetpack_sharing_enabled":true,"jetpack_likes_enabled":true,"_links":{"self":[{"href":"https:\/\/informativoelvalledeaguascalientes.online\/index.php?rest_route=\/wp\/v2\/posts\/4500","targetHints":{"allow":["GET"]}}],"collection":[{"href":"https:\/\/informativoelvalledeaguascalientes.online\/index.php?rest_route=\/wp\/v2\/posts"}],"about":[{"href":"https:\/\/informativoelvalledeaguascalientes.online\/index.php?rest_route=\/wp\/v2\/types\/post"}],"author":[{"embeddable":true,"href":"https:\/\/informativoelvalledeaguascalientes.online\/index.php?rest_route=\/wp\/v2\/users\/1"}],"replies":[{"embeddable":true,"href":"https:\/\/informativoelvalledeaguascalientes.online\/index.php?rest_route=%2Fwp%2Fv2%2Fcomments&post=4500"}],"version-history":[{"count":1,"href":"https:\/\/informativoelvalledeaguascalientes.online\/index.php?rest_route=\/wp\/v2\/posts\/4500\/revisions"}],"predecessor-version":[{"id":4502,"href":"https:\/\/informativoelvalledeaguascalientes.online\/index.php?rest_route=\/wp\/v2\/posts\/4500\/revisions\/4502"}],"wp:featuredmedia":[{"embeddable":true,"href":"https:\/\/informativoelvalledeaguascalientes.online\/index.php?rest_route=\/wp\/v2\/media\/4501"}],"wp:attachment":[{"href":"https:\/\/informativoelvalledeaguascalientes.online\/index.php?rest_route=%2Fwp%2Fv2%2Fmedia&parent=4500"}],"wp:term":[{"taxonomy":"category","embeddable":true,"href":"https:\/\/informativoelvalledeaguascalientes.online\/index.php?rest_route=%2Fwp%2Fv2%2Fcategories&post=4500"},{"taxonomy":"post_tag","embeddable":true,"href":"https:\/\/informativoelvalledeaguascalientes.online\/index.php?rest_route=%2Fwp%2Fv2%2Ftags&post=4500"}],"curies":[{"name":"wp","href":"https:\/\/api.w.org\/{rel}","templated":true}]}}