{"id":4497,"date":"2020-03-23T20:25:37","date_gmt":"2020-03-24T02:25:37","guid":{"rendered":"https:\/\/informativoelvalledeaguascalientes.online\/?p=4497"},"modified":"2020-03-23T20:25:37","modified_gmt":"2020-03-24T02:25:37","slug":"avanza-jornada-nacional-de-vacunas-en-aguascalientes-con-aplicacion-de-la-vacuna-triple-viral","status":"publish","type":"post","link":"https:\/\/informativoelvalledeaguascalientes.online\/?p=4497","title":{"rendered":"AVANZA JORNADA NACIONAL DE VACUNAS EN AGUASCALIENTES CON APLICACI\u00d3N DE LA VACUNA TRIPLE VIRAL"},"content":{"rendered":"<ul>\n<li dir=\"ltr\">\n<p dir=\"ltr\">Se espera aplicar m\u00e1s de 114 mil dosis de la vacuna contra la Poliomielitis tipo SABIN a ni\u00f1as y ni\u00f1os de 6 a 59 meses de edad.<\/p>\n<\/li>\n<li dir=\"ltr\">\n<p dir=\"ltr\">En todas las unidades de salud del ISSEA se aplicar\u00e1n vacunas contra el t\u00e9tanos, difteria y tosferina.<\/p>\n<\/li>\n<\/ul>\n<p>&nbsp;<\/p>\n<p dir=\"ltr\">La Jornada Nacional de Vacunas tiene como meta aplicar 114 mil 647 dosis de la vacuna contra la Poliomielitis tipo SABIN a ni\u00f1as y ni\u00f1os de seis a 59 meses, adem\u00e1s de 4 mil 678 vacunas contra el Sarampi\u00f3n, Rub\u00e9ola y Parotiditis (Triple Viral SRP) a menores de uno a seis a\u00f1os de edad cumplidos, as\u00ed como a quienes faltan de iniciar o completar esquema; as\u00ed lo inform\u00f3 la coordinadora estatal de Programa de Atenci\u00f3n en Salud de la Infancia y Adolescencia (PAISA), Adriana Ver\u00f3nica D\u00edaz Franco, del Instituto de Servicios de Salud del Estado de Aguascalientes (ISSEA).<\/p>\n<p>&nbsp;<\/p>\n<p dir=\"ltr\">Agreg\u00f3 que esta jornada que inici\u00f3 el pasado 18 de marzo y se espera que concluya el pr\u00f3ximo 3 de abril, se est\u00e1 aplicando tambi\u00e9n en todas las unidades del ISSEA la vacuna contra el t\u00e9tanos, difteria y tosferina a mujeres embarazadas, completando de esta manera esquemas de vacunaci\u00f3n a la poblaci\u00f3n en general.<\/p>\n<p>&nbsp;<\/p>\n<p dir=\"ltr\">La funcionaria coment\u00f3 que de igual forma se estar\u00e1 dotando de megadosis de vitamina A a menores de seis meses a cuatro a\u00f1os, as\u00ed como albendazol a peque\u00f1os de dos a 14 a\u00f1os.<\/p>\n<p>&nbsp;<\/p>\n<p dir=\"ltr\">D\u00edaz Franco recalc\u00f3 que en relaci\u00f3n a la vacuna contra la Poliomielitis, por acuerdo nacional con la Organizaci\u00f3n Mundial de la Salud (OMS), se realizar\u00e1 la aplicaci\u00f3n de vacuna Sabin (Bovp) por \u00faltima vez, con la finalidad de que no contin\u00fae la diseminaci\u00f3n ambiental del poliovirus vacunal.<\/p>\n<p>&nbsp;<\/p>\n<p dir=\"ltr\">Afirm\u00f3 que sobre la vacuna triple viral es necesario mantener coberturas por arriba del 95 por ciento para evitar la transmisi\u00f3n del virus.<\/p>\n<p>&nbsp;<\/p>\n<p dir=\"ltr\">Finalmente, subray\u00f3 que las vacunas constituyen una de las medidas sanitarias de mayor beneficio para la humanidad, pues representan una de las medidas m\u00e1s efectivas para la prevenci\u00f3n de enfermedades.<\/p>\n","protected":false},"excerpt":{"rendered":"<p>Se espera aplicar m\u00e1s de 114 mil dosis de la vacuna contra la Poliomielitis tipo SABIN a ni\u00f1as y ni\u00f1os de 6 a 59 meses de edad. En todas las unidades de salud del ISSEA se aplicar\u00e1n vacunas contra el t\u00e9tanos, difteria y tosferina. &nbsp; La Jornada Nacional de Vacunas tiene como meta aplicar 114 [&hellip;]<\/p>\n","protected":false},"author":1,"featured_media":4498,"comment_status":"closed","ping_status":"open","sticky":false,"template":"","format":"standard","meta":{"advanced_seo_description":"","jetpack_seo_html_title":"","jetpack_seo_noindex":false,"_jetpack_memberships_contains_paid_content":false,"footnotes":"","jetpack_publicize_message":"","jetpack_publicize_feature_enabled":true,"jetpack_social_post_already_shared":true,"jetpack_social_options":{"image_generator_settings":{"template":"highway","default_image_id":0,"font":"","enabled":false},"version":2}},"categories":[21,4],"tags":[22,30],"class_list":["post-4497","post","type-post","status-publish","format-standard","has-post-thumbnail","hentry","category-aguascalientes","category-gobierno-del-estado-aguascalientes","tag-aguascalientes","tag-issea"],"jetpack_publicize_connections":[],"jetpack_featured_media_url":"https:\/\/i0.wp.com\/informativoelvalledeaguascalientes.online\/wp-content\/uploads\/2020\/03\/issea_24032020.jpg?fit=530%2C383&ssl=1","jetpack-related-posts":[],"jetpack_sharing_enabled":true,"jetpack_likes_enabled":true,"_links":{"self":[{"href":"https:\/\/informativoelvalledeaguascalientes.online\/index.php?rest_route=\/wp\/v2\/posts\/4497","targetHints":{"allow":["GET"]}}],"collection":[{"href":"https:\/\/informativoelvalledeaguascalientes.online\/index.php?rest_route=\/wp\/v2\/posts"}],"about":[{"href":"https:\/\/informativoelvalledeaguascalientes.online\/index.php?rest_route=\/wp\/v2\/types\/post"}],"author":[{"embeddable":true,"href":"https:\/\/informativoelvalledeaguascalientes.online\/index.php?rest_route=\/wp\/v2\/users\/1"}],"replies":[{"embeddable":true,"href":"https:\/\/informativoelvalledeaguascalientes.online\/index.php?rest_route=%2Fwp%2Fv2%2Fcomments&post=4497"}],"version-history":[{"count":1,"href":"https:\/\/informativoelvalledeaguascalientes.online\/index.php?rest_route=\/wp\/v2\/posts\/4497\/revisions"}],"predecessor-version":[{"id":4499,"href":"https:\/\/informativoelvalledeaguascalientes.online\/index.php?rest_route=\/wp\/v2\/posts\/4497\/revisions\/4499"}],"wp:featuredmedia":[{"embeddable":true,"href":"https:\/\/informativoelvalledeaguascalientes.online\/index.php?rest_route=\/wp\/v2\/media\/4498"}],"wp:attachment":[{"href":"https:\/\/informativoelvalledeaguascalientes.online\/index.php?rest_route=%2Fwp%2Fv2%2Fmedia&parent=4497"}],"wp:term":[{"taxonomy":"category","embeddable":true,"href":"https:\/\/informativoelvalledeaguascalientes.online\/index.php?rest_route=%2Fwp%2Fv2%2Fcategories&post=4497"},{"taxonomy":"post_tag","embeddable":true,"href":"https:\/\/informativoelvalledeaguascalientes.online\/index.php?rest_route=%2Fwp%2Fv2%2Ftags&post=4497"}],"curies":[{"name":"wp","href":"https:\/\/api.w.org\/{rel}","templated":true}]}}