{"id":4494,"date":"2020-03-23T20:23:20","date_gmt":"2020-03-24T02:23:20","guid":{"rendered":"https:\/\/informativoelvalledeaguascalientes.online\/?p=4494"},"modified":"2020-03-23T20:23:20","modified_gmt":"2020-03-24T02:23:20","slug":"busca-martha-marquez-reactivar-y-proteger-la-economia-de-las-familias-ante-coronavirus","status":"publish","type":"post","link":"https:\/\/informativoelvalledeaguascalientes.online\/?p=4494","title":{"rendered":"BUSCA MARTHA M\u00c1RQUEZ REACTIVAR Y PROTEGER LA ECONOM\u00cdA DE LAS FAMILIAS ANTE CORONAVIRUS"},"content":{"rendered":"<p><b><i>\u00b7 Se busca la reducci\u00f3n de Impuestos sobre la Renta de un 30% a un 28%<\/i><\/b><\/p>\n<p><b><i>\u00b7 Adem\u00e1s, se impulsar\u00e1 un programa de financiamiento para las micro, peque\u00f1as y medianas empresas de los sectores m\u00e1s afectados<\/i><\/b><\/p>\n<p>Como parte de las acciones ante la emergencia por el coronavirus (COVID-19), la Senadora Martha M\u00e1rquez Alvarado present\u00f3, junto con el Grupo Parlamentario del Partido Acci\u00f3n Nacional, un plan econ\u00f3mico para atender el impacto por este virus.<\/p>\n<p>\u201cCon esta pandemia habr\u00e1 un antes y un despu\u00e9s, se tendr\u00e1 que realizar una reingenier\u00eda de la econom\u00eda y el gasto p\u00fablico. Aprendiendo de las crisis mundiales podemos anticipar acciones para disminuir el impacto en la econom\u00eda nacional a trav\u00e9s de un plan econ\u00f3mico\u201d manifest\u00f3.<\/p>\n<p>M\u00e1rquez Alvarado urgi\u00f3 a aprobar una iniciativa, presentada a inicios de la Legislatura, que busca reducir la tasa del ISR de un 30 a un 28%, devolver la posibilidad a los patrones para otorgar prestaciones labores permitiendo deducci\u00f3n de dichos conceptos, as\u00ed como la deducci\u00f3n de las erogaciones por alquiler de casa habitaci\u00f3n que realice el contribuyente que no cuente con bien inmueble de este tipo.<\/p>\n<p>Aunado a esto, el Grupo Parlamentario del PAN en el Senado, impulsar\u00e1 el otorgamiento de apoyos fiscales a empleadores para que puedan conservar su plantilla laboral, as\u00ed como moratoria fiscal a las micro, peque\u00f1as y medianas empresas de los sectores m\u00e1s afectados.<\/p>\n<p>Adem\u00e1s, la propuesta incluye un programa de financiamiento de capital de trabajo de las micro, peque\u00f1as y medianas empresas a trav\u00e9s de la Banca de Desarrollo, esto con el objetivo de reactivar la econom\u00eda de quienes ya se est\u00e1n viendo afectados.<\/p>\n<p>Finalmente, la legisladora federal hizo un llamado al Senado de la Rep\u00fablica y al Gobierno Federal a asumir con sensatez, responsabilidad y solidaridad esta adversidad, pues dijo lo m\u00e1s importante es garantizar el bienestar de las familias de todo el pa\u00eds.<\/p>\n","protected":false},"excerpt":{"rendered":"<p>\u00b7 Se busca la reducci\u00f3n de Impuestos sobre la Renta de un 30% a un 28% \u00b7 Adem\u00e1s, se impulsar\u00e1 un programa de financiamiento para las micro, peque\u00f1as y medianas empresas de los sectores m\u00e1s afectados Como parte de las acciones ante la emergencia por el coronavirus (COVID-19), la Senadora Martha M\u00e1rquez Alvarado present\u00f3, junto [&hellip;]<\/p>\n","protected":false},"author":1,"featured_media":4495,"comment_status":"closed","ping_status":"open","sticky":false,"template":"","format":"standard","meta":{"advanced_seo_description":"","jetpack_seo_html_title":"","jetpack_seo_noindex":false,"_jetpack_memberships_contains_paid_content":false,"footnotes":"","jetpack_publicize_message":"","jetpack_publicize_feature_enabled":true,"jetpack_social_post_already_shared":true,"jetpack_social_options":{"image_generator_settings":{"template":"highway","default_image_id":0,"font":"","enabled":false},"version":2}},"categories":[21,19,7],"tags":[23],"class_list":["post-4494","post","type-post","status-publish","format-standard","has-post-thumbnail","hentry","category-aguascalientes","category-informacion-general","category-pan-aguascalientes","tag-pan-aguascalientes"],"jetpack_publicize_connections":[],"jetpack_featured_media_url":"https:\/\/i0.wp.com\/informativoelvalledeaguascalientes.online\/wp-content\/uploads\/2020\/03\/mm_23032020.jpg?fit=452%2C499&ssl=1","jetpack-related-posts":[],"jetpack_sharing_enabled":true,"jetpack_likes_enabled":true,"_links":{"self":[{"href":"https:\/\/informativoelvalledeaguascalientes.online\/index.php?rest_route=\/wp\/v2\/posts\/4494","targetHints":{"allow":["GET"]}}],"collection":[{"href":"https:\/\/informativoelvalledeaguascalientes.online\/index.php?rest_route=\/wp\/v2\/posts"}],"about":[{"href":"https:\/\/informativoelvalledeaguascalientes.online\/index.php?rest_route=\/wp\/v2\/types\/post"}],"author":[{"embeddable":true,"href":"https:\/\/informativoelvalledeaguascalientes.online\/index.php?rest_route=\/wp\/v2\/users\/1"}],"replies":[{"embeddable":true,"href":"https:\/\/informativoelvalledeaguascalientes.online\/index.php?rest_route=%2Fwp%2Fv2%2Fcomments&post=4494"}],"version-history":[{"count":1,"href":"https:\/\/informativoelvalledeaguascalientes.online\/index.php?rest_route=\/wp\/v2\/posts\/4494\/revisions"}],"predecessor-version":[{"id":4496,"href":"https:\/\/informativoelvalledeaguascalientes.online\/index.php?rest_route=\/wp\/v2\/posts\/4494\/revisions\/4496"}],"wp:featuredmedia":[{"embeddable":true,"href":"https:\/\/informativoelvalledeaguascalientes.online\/index.php?rest_route=\/wp\/v2\/media\/4495"}],"wp:attachment":[{"href":"https:\/\/informativoelvalledeaguascalientes.online\/index.php?rest_route=%2Fwp%2Fv2%2Fmedia&parent=4494"}],"wp:term":[{"taxonomy":"category","embeddable":true,"href":"https:\/\/informativoelvalledeaguascalientes.online\/index.php?rest_route=%2Fwp%2Fv2%2Fcategories&post=4494"},{"taxonomy":"post_tag","embeddable":true,"href":"https:\/\/informativoelvalledeaguascalientes.online\/index.php?rest_route=%2Fwp%2Fv2%2Ftags&post=4494"}],"curies":[{"name":"wp","href":"https:\/\/api.w.org\/{rel}","templated":true}]}}