{"id":44890,"date":"2023-05-30T21:47:18","date_gmt":"2023-05-31T03:47:18","guid":{"rendered":"https:\/\/informativoelvalledeaguascalientes.online\/?p=44890"},"modified":"2023-05-30T21:47:18","modified_gmt":"2023-05-31T03:47:18","slug":"carcel-a-quien-mate-o-maltrate-a-una-mascota-de-compania-debe-ser-una-realidad-genny-lopez-valenzuela","status":"publish","type":"post","link":"https:\/\/informativoelvalledeaguascalientes.online\/?p=44890","title":{"rendered":"C\u00c1RCEL A QUIEN MATE O MALTRATE A UNA MASCOTA DE COMPA\u00d1\u00cdA  DEBE SER UNA REALIDAD: GENNY L\u00d3PEZ VALENZUELA"},"content":{"rendered":"<p><strong><a href=\"https:\/\/www.facebook.com\/hashtag\/informativoelvalledeaguascalientes\">#informativoelvalledeaguascalientes<\/a><\/strong><\/p>\n<p><strong><a href=\"https:\/\/www.facebook.com\/hashtag\/novaradioaguascalientes\">#novaradioaguascalientes<\/a><\/strong><\/p>\n<p>&nbsp;<\/p>\n<p><strong>\u00a0<\/strong><\/p>\n<ul>\n<li><strong>La sociedad a nivel nacional pide un mayor castigo a quien mate o maltrate un animal de compa\u00f1\u00eda. <\/strong><\/li>\n<li><strong>Es muy importante la postura del Gobierno Federal a trav\u00e9s de la secretaria Rosa Icela Rodr\u00edguez respecto al maltrato animal. <\/strong><\/li>\n<li><strong>Aguascalientes no se puede quedar atr\u00e1s en su legislaci\u00f3n en pro de los animales de compa\u00f1\u00eda. <\/strong><\/li>\n<\/ul>\n<p><strong>\u00a0<\/strong><\/p>\n<p>Este martes en la ma\u00f1anera del Presidente AMLO, la Secretaria de Seguridad y Protecci\u00f3n Ciudadana Rosa Icela Rodr\u00edguez, inform\u00f3 sobre el caso de maltrato animal en Tec\u00e1mac, Estado de M\u00e9xico, donde confirm\u00f3 el compromiso del Gobierno Federal a favor de los derechos de los animales y conden\u00f3 los actos de crueldad hacia los animales de compa\u00f1\u00eda, comentando que el responsable de ese hecho podr\u00eda alcanzar una pena de 3 a 6 a\u00f1os de prisi\u00f3n.<\/p>\n<p>Por su parte la Diputada del Partido Verde en Aguascalientes, la Dra. Genny L\u00f3pez Valenzuela, aplaudi\u00f3 la postura frente al maltrato animal por parte del Gobierno Federal a trav\u00e9s de la Secretaria Rosa Icela Rodr\u00edguez, ya que dice es un reflejo del sentir de la ciudadan\u00eda, <strong>\u201cLa sociedad a nivel nacional ya es m\u00e1s consciente y tiene empat\u00eda con todo ser vivo, pide un mayor castigo a quien mate o maltrate un animal de compa\u00f1\u00eda, es de aplaudir que este tema tan sensible por fin sea visibilizado por el Gobierno Federal, y m\u00e1s que es apetici\u00f3n del Presidente que se le d\u00e9 seguimiento a este delito\u201d. <\/strong>Agreg\u00f3 <strong>\u201cEs de gran importancia la postura tomada por el Gobierno Federal a trav\u00e9s de la secretaria Rosa Icela Rodr\u00edguez, porque nos da un impulso para quienes peleamos por los derechos de los animales en cada uno de los estados\u201d. <\/strong><\/p>\n<p>Por \u00faltimo, la Dra. Genny L\u00f3pez Valenzuela pidi\u00f3 que la sensibilidad mostrada por el Gobierno Federal llegu\u00e9 al Congreso del Estado de Aguascalientes, para que se lograra avanzar en la legislaci\u00f3n a favor de los animales de compa\u00f1\u00eda, en espec\u00edfico en el aumento de la condena a los que maten o maltraten a las mascotas de compa\u00f1\u00eda, <strong>\u201cAguascalientes no se puede quedar atr\u00e1s en su legislaci\u00f3n en pro de los animales de compa\u00f1\u00eda, debemos modificar el C\u00f3digo Penal para el incremento en la condena a quien mate o maltrate a los animales de compa\u00f1\u00eda, hay por lo menos 4 iniciativas en este sentido que no avanzan, y considero que mis\u00a0 compa\u00f1eros, compa\u00f1eras y compa\u00f1ere deben ser conscientes que es una petici\u00f3n de la sociedad y asociaciones animalistas, pero sobre todo sensibles ante la crueldad con la que muchas veces se trata a las mascotas de compa\u00f1\u00eda\u201d. <\/strong><\/p>\n<p><strong>\u00a0<\/strong><\/p>\n<p><strong>#DiputadaVerde #Lomitos #PerrosyGatos #medioAmbiente<\/strong><\/p>\n","protected":false},"excerpt":{"rendered":"<p>#informativoelvalledeaguascalientes #novaradioaguascalientes &nbsp; \u00a0 La sociedad a nivel nacional pide un mayor castigo a quien mate o maltrate un animal de compa\u00f1\u00eda. Es muy importante la postura del Gobierno Federal a trav\u00e9s de la secretaria Rosa Icela Rodr\u00edguez respecto al maltrato animal. Aguascalientes no se puede quedar atr\u00e1s en su legislaci\u00f3n en pro de los [&hellip;]<\/p>\n","protected":false},"author":1,"featured_media":44891,"comment_status":"closed","ping_status":"open","sticky":false,"template":"","format":"standard","meta":{"_monsterinsights_skip_tracking":false,"advanced_seo_description":"","jetpack_seo_html_title":"","jetpack_seo_noindex":false,"jetpack_seo_schema_type":"","_jetpack_newsletter_access":"","_jetpack_dont_email_post_to_subs":false,"_jetpack_newsletter_tier_id":0,"_jetpack_memberships_contains_paywalled_content":false,"_jetpack_feature_clip_id":0,"_jetpack_memberships_contains_paid_content":false,"footnotes":"","jetpack_publicize_message":"","jetpack_publicize_feature_enabled":true,"jetpack_social_post_already_shared":true,"jetpack_social_options":{"image_generator_settings":{"template":"highway","default_image_id":0,"font":"","enabled":false},"version":2},"jetpack_post_was_ever_published":false},"categories":[21,5],"tags":[22,520],"class_list":["post-44890","post","type-post","status-publish","format-standard","has-post-thumbnail","hentry","category-aguascalientes","category-h-congreso-del-estado-aguascalientes","tag-aguascalientes","tag-lxv-legislatura-aguascalientes"],"jetpack_publicize_connections":[],"jetpack_featured_media_url":"https:\/\/i0.wp.com\/informativoelvalledeaguascalientes.online\/wp-content\/uploads\/2023\/05\/hce-ags-dip-geny.jpg?fit=1280%2C853&ssl=1","jetpack-related-posts":[],"jetpack_sharing_enabled":true,"jetpack_likes_enabled":true,"_links":{"self":[{"href":"https:\/\/informativoelvalledeaguascalientes.online\/index.php?rest_route=\/wp\/v2\/posts\/44890","targetHints":{"allow":["GET"]}}],"collection":[{"href":"https:\/\/informativoelvalledeaguascalientes.online\/index.php?rest_route=\/wp\/v2\/posts"}],"about":[{"href":"https:\/\/informativoelvalledeaguascalientes.online\/index.php?rest_route=\/wp\/v2\/types\/post"}],"author":[{"embeddable":true,"href":"https:\/\/informativoelvalledeaguascalientes.online\/index.php?rest_route=\/wp\/v2\/users\/1"}],"replies":[{"embeddable":true,"href":"https:\/\/informativoelvalledeaguascalientes.online\/index.php?rest_route=%2Fwp%2Fv2%2Fcomments&post=44890"}],"version-history":[{"count":1,"href":"https:\/\/informativoelvalledeaguascalientes.online\/index.php?rest_route=\/wp\/v2\/posts\/44890\/revisions"}],"predecessor-version":[{"id":44892,"href":"https:\/\/informativoelvalledeaguascalientes.online\/index.php?rest_route=\/wp\/v2\/posts\/44890\/revisions\/44892"}],"wp:featuredmedia":[{"embeddable":true,"href":"https:\/\/informativoelvalledeaguascalientes.online\/index.php?rest_route=\/wp\/v2\/media\/44891"}],"wp:attachment":[{"href":"https:\/\/informativoelvalledeaguascalientes.online\/index.php?rest_route=%2Fwp%2Fv2%2Fmedia&parent=44890"}],"wp:term":[{"taxonomy":"category","embeddable":true,"href":"https:\/\/informativoelvalledeaguascalientes.online\/index.php?rest_route=%2Fwp%2Fv2%2Fcategories&post=44890"},{"taxonomy":"post_tag","embeddable":true,"href":"https:\/\/informativoelvalledeaguascalientes.online\/index.php?rest_route=%2Fwp%2Fv2%2Ftags&post=44890"}],"curies":[{"name":"wp","href":"https:\/\/api.w.org\/{rel}","templated":true}]}}