{"id":44858,"date":"2023-05-29T19:32:33","date_gmt":"2023-05-30T01:32:33","guid":{"rendered":"https:\/\/informativoelvalledeaguascalientes.online\/?p=44858"},"modified":"2023-05-29T19:32:33","modified_gmt":"2023-05-30T01:32:33","slug":"en-la-escuela-primaria-mario-aguilera-dorantes-tere-jimenez-invito-a-la-comunidad-educativa-a-sumarse-a-la-copa-aguascalientes","status":"publish","type":"post","link":"https:\/\/informativoelvalledeaguascalientes.online\/?p=44858","title":{"rendered":"EN LA ESCUELA PRIMARIA \u201cMARIO AGUILERA DORANTES\u201d, TERE JIM\u00c9NEZ INVIT\u00d3 A LA COMUNIDAD EDUCATIVA A SUMARSE A LA COPA AGUASCALIENTES"},"content":{"rendered":"<p><strong><a href=\"https:\/\/www.facebook.com\/hashtag\/informativoelvalledeaguascalientes\">#informativoelvalledeaguascalientes<\/a> <\/strong><\/p>\n<p><strong><a href=\"https:\/\/www.facebook.com\/hashtag\/novaradioaguascalientes\">#novaradioaguascalientes<\/a><\/strong><\/p>\n<p><strong><a href=\"https:\/\/www.facebook.com\/GobiernodeAguascalientes\">#ElGiganteDeMexico<\/a><\/strong><\/p>\n<div id=\"bgLayers_comp-l7sh9ubr2\" class=\"MW5IWV\" data-hook=\"bgLayers\">\n<div id=\"bgMedia_comp-l7sh9ubr2\" class=\"VgO9Yg\"><\/div>\n<\/div>\n<div class=\"\" data-mesh-id=\"comp-l7sh9ubr2inlineContent\" data-testid=\"inline-content\">\n<div data-mesh-id=\"comp-l7sh9ubr2inlineContent-gridContainer\" data-testid=\"mesh-container-content\">\n<div id=\"comp-l7yvxqnz\" class=\"MazNVa comp-l7yvxqnz wixui-image rYiAuL\"><\/div>\n<div id=\"comp-l7sh9ubx\" class=\"TWFxr5\">\n<div class=\"comp-l7sh9ubx\">\n<div class=\"s1IW4bz comp-l7sh9ubx\" data-hook=\"ricosviewer-wrapper\">\n<div class=\"kvdbP _1O7aH\" dir=\"ltr\" data-id=\"rich-content-viewer\">\n<div class=\"_1hN1O _3EPBy\">\n<p id=\"viewer-foo\" class=\"mm8Nw _1j-51 _1FoOD _78FBa public-DraftStyleDefault-block-depth0 fixed-tab-size public-DraftStyleDefault-text-ltr\"><span class=\"_2PHJq public-DraftStyleDefault-ltr\">Al rendir honores a la bandera en la Escuela Primaria \u201cMario Aguilera Dorantes\u201d del fraccionamiento Ojocaliente I, la gobernadora de Aguascalientes, Tere Jim\u00e9nez,\u00a0 inaugur\u00f3 el laboratorio de computaci\u00f3n y reconoci\u00f3 el compromiso de los docentes y padres de familia para seguir impulsando la preparaci\u00f3n educativa de los alumnos de esa instituci\u00f3n.<\/span><\/p>\n<div id=\"viewer-a4tmo125\" class=\"mm8Nw _1j-51 _1FoOD _78FBa public-DraftStyleDefault-block-depth0 fixed-tab-size public-DraftStyleDefault-text-ltr\"><span class=\"_2PHJq public-DraftStyleDefault-ltr\">\u00a0<\/span><\/div>\n<p id=\"viewer-7cb28126\" class=\"mm8Nw _1j-51 _1FoOD _78FBa public-DraftStyleDefault-block-depth0 fixed-tab-size public-DraftStyleDefault-text-ltr\"><span class=\"_2PHJq public-DraftStyleDefault-ltr\">\u201cVivan cada etapa de su vida con entusiasmo y den su mejor esfuerzo para cumplir todos sus sue\u00f1os; estoy segura de que llegar\u00e1n a ser profesionistas exitosos que aporten al desarrollo de Aguascalientes\u201d, dijo la gobernadora a los estudiantes.\u00a0<\/span><\/p>\n<div id=\"viewer-wxasx128\" class=\"mm8Nw _1j-51 _1FoOD _78FBa public-DraftStyleDefault-block-depth0 fixed-tab-size public-DraftStyleDefault-text-ltr\"><span class=\"_2PHJq public-DraftStyleDefault-ltr\">\u00a0<\/span><\/div>\n<p id=\"viewer-rm8fk129\" class=\"mm8Nw _1j-51 _1FoOD _78FBa public-DraftStyleDefault-block-depth0 fixed-tab-size public-DraftStyleDefault-text-ltr\"><span class=\"_2PHJq public-DraftStyleDefault-ltr\">Tere Jim\u00e9nez invit\u00f3 a las y los alumnos a inscribirse a la Copa Aguascalientes, el torneo m\u00e1s grande del estado con m\u00e1s de 40 disciplinas, en el que las inscripciones, los uniformes y el arbitraje ser\u00e1n gratuitos; adem\u00e1s, les hizo un llamado a acercarse a los diversos programas\u00a0 y becas que el Instituto de Educaci\u00f3n de Aguascalientes (IEA) ofrece para que contin\u00faen con sus estudios.\u00a0<\/span><\/p>\n<div id=\"viewer-n2wlm131\" class=\"mm8Nw _1j-51 _1FoOD _78FBa public-DraftStyleDefault-block-depth0 fixed-tab-size public-DraftStyleDefault-text-ltr\"><span class=\"_2PHJq public-DraftStyleDefault-ltr\">\u00a0<\/span><\/div>\n<p id=\"viewer-8lok7132\" class=\"mm8Nw _1j-51 _1FoOD _78FBa public-DraftStyleDefault-block-depth0 fixed-tab-size public-DraftStyleDefault-text-ltr\"><span class=\"_2PHJq public-DraftStyleDefault-ltr\">A nombre de la comunidad educativa, la directora del plantel, Juana D\u00edaz Ramos, agradeci\u00f3 a la gobernadora por apoyar con el equipamiento del laboratorio de computaci\u00f3n y habilitar el acceso al internet en ese espacio que servir\u00e1 como herramienta para que los estudiantes aprendan, investiguen y descubran el mundo.\u00a0<\/span><\/p>\n<div id=\"viewer-ypez1134\" class=\"mm8Nw _1j-51 _1FoOD _78FBa public-DraftStyleDefault-block-depth0 fixed-tab-size public-DraftStyleDefault-text-ltr\"><span class=\"_2PHJq public-DraftStyleDefault-ltr\">\u00a0<\/span><\/div>\n<p id=\"viewer-c1tro135\" class=\"mm8Nw _1j-51 _1FoOD _78FBa public-DraftStyleDefault-block-depth0 fixed-tab-size public-DraftStyleDefault-text-ltr\"><span class=\"_2PHJq public-DraftStyleDefault-ltr\">En el marco del acto c\u00edvico, la gobernadora entreg\u00f3 reconocimientos, tabletas y bicicletas a las y los alumnos con mejores promedios.<\/span><\/p>\n<p id=\"viewer-key06137\" class=\"mm8Nw _1j-51 _1FoOD _78FBa public-DraftStyleDefault-block-depth0 fixed-tab-size public-DraftStyleDefault-text-ltr\"><span class=\"_2PHJq public-DraftStyleDefault-ltr\">\u00a0<\/span><\/p>\n<p id=\"viewer-7lnj8139\" class=\"mm8Nw _1j-51 _1FoOD _78FBa public-DraftStyleDefault-block-depth0 fixed-tab-size public-DraftStyleDefault-text-ltr\"><span class=\"_2PHJq public-DraftStyleDefault-ltr\">Durante el evento estuvieron presentes Ra\u00fal Silva Perezchica, presidente de la Comisi\u00f3n de Educaci\u00f3n y Cultura del H. Congreso del Estado; Mar\u00eda Elena Saucedo de Lara, titular del Sistema de Asesor\u00eda y Acompa\u00f1amiento a la Escuela (Sisaae) Ojocaliente; Ana Mar\u00eda Romo L\u00f3pez, supervisora de Zona Escolar No. 9; Martha Patricia V\u00e9lez Rodr\u00edguez, presidenta de la Mesa Directiva de la Asociaci\u00f3n de Padres de Familia; y Ana Luisa Reyes Garc\u00eda, alumna del plantel.<\/span><\/p>\n<div id=\"viewer-cmlw7141\" class=\"mm8Nw _1j-51 _1FoOD _78FBa public-DraftStyleDefault-block-depth0 fixed-tab-size public-DraftStyleDefault-text-ltr\"><span class=\"_2PHJq public-DraftStyleDefault-ltr\">\u00a0<\/span><\/div>\n<div id=\"viewer-s6wot142\" class=\"mm8Nw _1j-51 _1FoOD _3M0Fe public-DraftStyleDefault-block-depth0 fixed-tab-size public-DraftStyleDefault-text-ltr\"><\/div>\n<\/div>\n<\/div>\n<\/div>\n<\/div>\n<\/div>\n<\/div>\n<\/div>\n","protected":false},"excerpt":{"rendered":"<p>#informativoelvalledeaguascalientes #novaradioaguascalientes #ElGiganteDeMexico Al rendir honores a la bandera en la Escuela Primaria \u201cMario Aguilera Dorantes\u201d del fraccionamiento Ojocaliente I, la gobernadora de Aguascalientes, Tere Jim\u00e9nez,\u00a0 inaugur\u00f3 el laboratorio de computaci\u00f3n y reconoci\u00f3 el compromiso de los docentes y padres de familia para seguir impulsando la preparaci\u00f3n educativa de los alumnos de esa instituci\u00f3n. \u00a0 [&hellip;]<\/p>\n","protected":false},"author":1,"featured_media":44859,"comment_status":"closed","ping_status":"open","sticky":false,"template":"","format":"standard","meta":{"advanced_seo_description":"","jetpack_seo_html_title":"","jetpack_seo_noindex":false,"_jetpack_memberships_contains_paid_content":false,"footnotes":"","jetpack_publicize_message":"","jetpack_publicize_feature_enabled":true,"jetpack_social_post_already_shared":true,"jetpack_social_options":{"image_generator_settings":{"template":"highway","default_image_id":0,"font":"","enabled":false},"version":2}},"categories":[21,4],"tags":[22,161,615,320],"class_list":["post-44858","post","type-post","status-publish","format-standard","has-post-thumbnail","hentry","category-aguascalientes","category-gobierno-del-estado-aguascalientes","tag-aguascalientes","tag-gobierno-del-estado-aguascalientes","tag-gobierno-del-estado-de-aguascalientes","tag-tere-jimenez"],"jetpack_publicize_connections":[],"jetpack_featured_media_url":"https:\/\/i0.wp.com\/informativoelvalledeaguascalientes.online\/wp-content\/uploads\/2023\/05\/2.JPG.jpg?fit=1920%2C1280&ssl=1","jetpack-related-posts":[],"jetpack_sharing_enabled":true,"jetpack_likes_enabled":true,"_links":{"self":[{"href":"https:\/\/informativoelvalledeaguascalientes.online\/index.php?rest_route=\/wp\/v2\/posts\/44858","targetHints":{"allow":["GET"]}}],"collection":[{"href":"https:\/\/informativoelvalledeaguascalientes.online\/index.php?rest_route=\/wp\/v2\/posts"}],"about":[{"href":"https:\/\/informativoelvalledeaguascalientes.online\/index.php?rest_route=\/wp\/v2\/types\/post"}],"author":[{"embeddable":true,"href":"https:\/\/informativoelvalledeaguascalientes.online\/index.php?rest_route=\/wp\/v2\/users\/1"}],"replies":[{"embeddable":true,"href":"https:\/\/informativoelvalledeaguascalientes.online\/index.php?rest_route=%2Fwp%2Fv2%2Fcomments&post=44858"}],"version-history":[{"count":1,"href":"https:\/\/informativoelvalledeaguascalientes.online\/index.php?rest_route=\/wp\/v2\/posts\/44858\/revisions"}],"predecessor-version":[{"id":44860,"href":"https:\/\/informativoelvalledeaguascalientes.online\/index.php?rest_route=\/wp\/v2\/posts\/44858\/revisions\/44860"}],"wp:featuredmedia":[{"embeddable":true,"href":"https:\/\/informativoelvalledeaguascalientes.online\/index.php?rest_route=\/wp\/v2\/media\/44859"}],"wp:attachment":[{"href":"https:\/\/informativoelvalledeaguascalientes.online\/index.php?rest_route=%2Fwp%2Fv2%2Fmedia&parent=44858"}],"wp:term":[{"taxonomy":"category","embeddable":true,"href":"https:\/\/informativoelvalledeaguascalientes.online\/index.php?rest_route=%2Fwp%2Fv2%2Fcategories&post=44858"},{"taxonomy":"post_tag","embeddable":true,"href":"https:\/\/informativoelvalledeaguascalientes.online\/index.php?rest_route=%2Fwp%2Fv2%2Ftags&post=44858"}],"curies":[{"name":"wp","href":"https:\/\/api.w.org\/{rel}","templated":true}]}}