{"id":4484,"date":"2020-03-22T21:26:48","date_gmt":"2020-03-23T03:26:48","guid":{"rendered":"https:\/\/informativoelvalledeaguascalientes.online\/?p=4484"},"modified":"2020-03-22T21:26:48","modified_gmt":"2020-03-23T03:26:48","slug":"mantiene-dif-municipal-consulta-de-medicina-general-durante-emergencia-sanitaria","status":"publish","type":"post","link":"https:\/\/informativoelvalledeaguascalientes.online\/?p=4484","title":{"rendered":"MANTIENE DIF MUNICIPAL CONSULTA DE MEDICINA GENERAL DURANTE EMERGENCIA SANITARIA"},"content":{"rendered":"<div class=\"opinion-section opinion-single-cover opinion-indent opinion-overlay\">\n<div class=\"container\">\n<div class=\"section-head row justify-content-center text-center\">\n<div class=\"col-12 col-md-8\"><\/div>\n<\/div>\n<\/div>\n<\/div>\n<div class=\"opinion-section\">\n<div class=\"container\">\n<div class=\"section-content row justify-content-center\">\n<div class=\"col-12 col-lg-8 opinion-order-1\">\n<article class=\"opinion-post opinion-single post-14448 post type-post status-publish format-standard has-post-thumbnail hentry category-dif-municipal category-salud tag-alma-hilda-medina-macias tag-covid-19 tag-dif-municipal tag-ramon-jimenez-penaloza tag-salud\">\n<div class=\"entry-content\">\n<p>Para cuidar de la salud de las familias durante la contingencia sanitaria por el COVID-19 (coronavirus), el Departamento de Servicios M\u00e9dicos del DIF Municipal mantiene en operaci\u00f3n su servicio de consulta en medicina general a bajo costo para atender a la poblaci\u00f3n que lo requiera.<\/p>\n<p>El Presidente y Primer Voluntario de la Instituci\u00f3n,\u00a0<strong>Ram\u00f3n Jim\u00e9nez Pe\u00f1aloza\u00a0<\/strong>asegur\u00f3 que se manejan costos muy accesibles: la consulta de medicina general es de $14.00 pesos, medicamento en existencia $29.00 pesos, al igual que el certificado m\u00e9dico. En caso de que el paciente no cuente con los recursos para pagar el servicio se le puede exentar despu\u00e9s de realizarle un estudio socioecon\u00f3mico.<\/p>\n<p>Mencion\u00f3 que por el momento los servicios de estomatolog\u00eda y optometr\u00eda est\u00e1n \u00a0suspendidos hasta nuevo aviso para cumplir con los protocolos sanitarios y evitar posibles contagios del virus.<\/p>\n<p><strong>Alma Hilda Medina Mac\u00edas<\/strong>, Directora General del DIF Municipal, asegur\u00f3 que para la alcaldesa\u00a0<strong>Tere Jim\u00e9nez<\/strong>\u00a0preservar la salud de la poblaci\u00f3n es una prioridad, sobre todo en estos momentos de contingencia epidemiol\u00f3gica en la que todos los ciudadanos deben de seguir medidas de prevenci\u00f3n y atenderse debidamente.<\/p>\n<p>Para ofrecer la atenci\u00f3n se cuenta con un consultorio en operaci\u00f3n en las oficinas centrales del DIF Municipal, en Av. Universidad No. 612 Col. Primo Verdad, de lunes a viernes de 08:00 a 15:00 horas; para pedir mayores informes se puede llamar a los n\u00fameros telef\u00f3nicos 912-77-19 al 21.<\/p>\n<\/div>\n<\/article>\n<\/div>\n<\/div>\n<\/div>\n<\/div>\n","protected":false},"excerpt":{"rendered":"<p>Para cuidar de la salud de las familias durante la contingencia sanitaria por el COVID-19 (coronavirus), el Departamento de Servicios M\u00e9dicos del DIF Municipal mantiene en operaci\u00f3n su servicio de consulta en medicina general a bajo costo para atender a la poblaci\u00f3n que lo requiera. El Presidente y Primer Voluntario de la Instituci\u00f3n,\u00a0Ram\u00f3n Jim\u00e9nez Pe\u00f1aloza\u00a0asegur\u00f3 [&hellip;]<\/p>\n","protected":false},"author":1,"featured_media":4485,"comment_status":"closed","ping_status":"open","sticky":false,"template":"","format":"standard","meta":{"advanced_seo_description":"","jetpack_seo_html_title":"","jetpack_seo_noindex":false,"_jetpack_memberships_contains_paid_content":false,"footnotes":"","jetpack_publicize_message":"","jetpack_publicize_feature_enabled":true,"jetpack_social_post_already_shared":true,"jetpack_social_options":{"image_generator_settings":{"template":"highway","default_image_id":0,"font":"","enabled":false},"version":2}},"categories":[21,3],"tags":[22,156,25],"class_list":["post-4484","post","type-post","status-publish","format-standard","has-post-thumbnail","hentry","category-aguascalientes","category-municipio-aguascalientes","tag-aguascalientes","tag-dif-mpal-aguascalientes","tag-mpio-aguascalientes"],"jetpack_publicize_connections":[],"jetpack_featured_media_url":"https:\/\/i0.wp.com\/informativoelvalledeaguascalientes.online\/wp-content\/uploads\/2020\/03\/dif_mpal_ags_22032020.jpg?fit=1024%2C678&ssl=1","jetpack-related-posts":[],"jetpack_sharing_enabled":true,"jetpack_likes_enabled":true,"_links":{"self":[{"href":"https:\/\/informativoelvalledeaguascalientes.online\/index.php?rest_route=\/wp\/v2\/posts\/4484","targetHints":{"allow":["GET"]}}],"collection":[{"href":"https:\/\/informativoelvalledeaguascalientes.online\/index.php?rest_route=\/wp\/v2\/posts"}],"about":[{"href":"https:\/\/informativoelvalledeaguascalientes.online\/index.php?rest_route=\/wp\/v2\/types\/post"}],"author":[{"embeddable":true,"href":"https:\/\/informativoelvalledeaguascalientes.online\/index.php?rest_route=\/wp\/v2\/users\/1"}],"replies":[{"embeddable":true,"href":"https:\/\/informativoelvalledeaguascalientes.online\/index.php?rest_route=%2Fwp%2Fv2%2Fcomments&post=4484"}],"version-history":[{"count":1,"href":"https:\/\/informativoelvalledeaguascalientes.online\/index.php?rest_route=\/wp\/v2\/posts\/4484\/revisions"}],"predecessor-version":[{"id":4486,"href":"https:\/\/informativoelvalledeaguascalientes.online\/index.php?rest_route=\/wp\/v2\/posts\/4484\/revisions\/4486"}],"wp:featuredmedia":[{"embeddable":true,"href":"https:\/\/informativoelvalledeaguascalientes.online\/index.php?rest_route=\/wp\/v2\/media\/4485"}],"wp:attachment":[{"href":"https:\/\/informativoelvalledeaguascalientes.online\/index.php?rest_route=%2Fwp%2Fv2%2Fmedia&parent=4484"}],"wp:term":[{"taxonomy":"category","embeddable":true,"href":"https:\/\/informativoelvalledeaguascalientes.online\/index.php?rest_route=%2Fwp%2Fv2%2Fcategories&post=4484"},{"taxonomy":"post_tag","embeddable":true,"href":"https:\/\/informativoelvalledeaguascalientes.online\/index.php?rest_route=%2Fwp%2Fv2%2Ftags&post=4484"}],"curies":[{"name":"wp","href":"https:\/\/api.w.org\/{rel}","templated":true}]}}