{"id":44832,"date":"2023-05-29T09:42:16","date_gmt":"2023-05-29T15:42:16","guid":{"rendered":"https:\/\/informativoelvalledeaguascalientes.online\/?p=44832"},"modified":"2023-05-29T09:42:16","modified_gmt":"2023-05-29T15:42:16","slug":"estudiante-de-la-casa-del-adolescente-alcanzo-su-sueno-de-ser-futbolista-profesional-en-el-club-necaxa","status":"publish","type":"post","link":"https:\/\/informativoelvalledeaguascalientes.online\/?p=44832","title":{"rendered":"ESTUDIANTE DE LA CASA DEL ADOLESCENTE ALCANZ\u00d3 SU SUE\u00d1O DE SER FUTBOLISTA PROFESIONAL EN EL CLUB NECAXA"},"content":{"rendered":"<p><strong><a href=\"https:\/\/www.facebook.com\/hashtag\/informativoelvalledeaguascalientes\">#informativoelvalledeaguascalientes<\/a> <\/strong><\/p>\n<p><strong><a href=\"https:\/\/www.facebook.com\/hashtag\/novaradioaguascalientes\">#novaradioaguascalientes<\/a><\/strong><\/p>\n<p><strong><a href=\"https:\/\/www.facebook.com\/GobiernodeAguascalientes\">#ElGiganteDeMexico<\/a><\/strong><\/p>\n<ul class=\"public-DraftStyleDefault-ul\">\n<li id=\"viewer-zsrw9371\" class=\"_3Kjjs _78FBa public-DraftStyleDefault-unorderedListItem public-DraftStyleDefault-depth0 public-DraftStyleDefault-list-ltr fixed-tab-size public-DraftStyleDefault-reset _1FoOD _78FBa\">\n<p class=\"_1j-51 _1FoOD _78FBa undefined\"><strong><em>Rogelio Cortez cumpli\u00f3 su sue\u00f1o de ser futbolista profesional en el Club Necaxa<\/em><\/strong><\/p>\n<\/li>\n<li id=\"viewer-ovcpw374\" class=\"_3Kjjs _78FBa public-DraftStyleDefault-unorderedListItem public-DraftStyleDefault-depth0 public-DraftStyleDefault-list-ltr fixed-tab-size _1FoOD _78FBa\">\n<p class=\"_1j-51 _1FoOD _78FBa undefined\"><strong><em>Adem\u00e1s es estudiante del Cemsad El Cedazo, ubicado en la Casa del Adolescente<\/em><\/strong><\/p>\n<\/li>\n<\/ul>\n<div id=\"viewer-f124d376\" class=\"mm8Nw _1j-51 _1FoOD _78FBa public-DraftStyleDefault-block-depth0 fixed-tab-size public-DraftStyleDefault-text-ltr\"><span class=\"_2PHJq public-DraftStyleDefault-ltr\">\u00a0<\/span><\/div>\n<p id=\"viewer-f0gjq377\" class=\"mm8Nw _1j-51 _1FoOD _78FBa public-DraftStyleDefault-block-depth0 fixed-tab-size public-DraftStyleDefault-text-ltr\"><span class=\"_2PHJq public-DraftStyleDefault-ltr\">Una de las prioridades de la gobernadora de Aguascalientes, Tere Jim\u00e9nez, es impulsar a los j\u00f3venes deportistas para que cumplan sus sue\u00f1os; tal es el caso de Rogelio Cortez Pineda, futbolista profesional de tan solo 18 a\u00f1os, que debut\u00f3 el a\u00f1o pasado con el Club Necaxa en la Liga MX.<\/span><\/p>\n<p id=\"viewer-1ro9k379\" class=\"mm8Nw _1j-51 _1FoOD _78FBa public-DraftStyleDefault-block-depth0 fixed-tab-size public-DraftStyleDefault-text-ltr\"><span class=\"_2PHJq public-DraftStyleDefault-ltr\">\u00a0<\/span><\/p>\n<p id=\"viewer-s2uxp381\" class=\"mm8Nw _1j-51 _1FoOD _78FBa public-DraftStyleDefault-block-depth0 fixed-tab-size public-DraftStyleDefault-text-ltr\"><span class=\"_2PHJq public-DraftStyleDefault-ltr\">\u201cSiempre recordar\u00e9 mi debut contra Le\u00f3n, fue un sue\u00f1o que alcanc\u00e9; no se me va a olvidar nunca lo que vivimos mi familia y yo, todo lo que tuve que pasar para lograrlo\u201d, dijo el futbolista en torno a su presentaci\u00f3n en Primera Divisi\u00f3n.\u00a0<\/span><\/p>\n<div id=\"viewer-i8x79383\" class=\"mm8Nw _1j-51 _1FoOD _78FBa public-DraftStyleDefault-block-depth0 fixed-tab-size public-DraftStyleDefault-text-ltr\"><span class=\"_2PHJq public-DraftStyleDefault-ltr\">\u00a0<\/span><\/div>\n<p id=\"viewer-64v2n384\" class=\"mm8Nw _1j-51 _1FoOD _78FBa public-DraftStyleDefault-block-depth0 fixed-tab-size public-DraftStyleDefault-text-ltr\"><span class=\"_2PHJq public-DraftStyleDefault-ltr\">Mencion\u00f3 que ha vivido momentos \u00fanicos con el Necaxa y est\u00e1 decidido a trabajar muy fuerte para consolidarse como jugador de la Liga MX, e incluso formar parte de la Selecci\u00f3n Mexicana, que es la meta e ilusi\u00f3n de todos los que aman este deporte.<\/span><\/p>\n<div id=\"viewer-5lqrp386\" class=\"mm8Nw _1j-51 _1FoOD _78FBa public-DraftStyleDefault-block-depth0 fixed-tab-size public-DraftStyleDefault-text-ltr\"><span class=\"_2PHJq public-DraftStyleDefault-ltr\">\u00a0<\/span><\/div>\n<p id=\"viewer-qntoi387\" class=\"mm8Nw _1j-51 _1FoOD _78FBa public-DraftStyleDefault-block-depth0 fixed-tab-size public-DraftStyleDefault-text-ltr\"><span class=\"_2PHJq public-DraftStyleDefault-ltr\">Actualmente, Rogelio Cortez\u00a0 estudia el sexto y \u00faltimo semestre de bachillerato en el subsistema de Educaci\u00f3n Media Superior a Distancia (Cemsad) El Cedazo, ubicado en la Casa del Adolescente del Sistema de Protecci\u00f3n Integral de los Derechos de Ni\u00f1as, Ni\u00f1os y Adolescentes del Estado (Sipinna).<\/span><\/p>\n<p id=\"viewer-r7fnn389\" class=\"mm8Nw _1j-51 _1FoOD _78FBa public-DraftStyleDefault-block-depth0 fixed-tab-size public-DraftStyleDefault-text-ltr\"><span class=\"_2PHJq public-DraftStyleDefault-ltr\">\u00a0<\/span><\/p>\n<p id=\"viewer-osw4f391\" class=\"mm8Nw _1j-51 _1FoOD _78FBa public-DraftStyleDefault-block-depth0 fixed-tab-size public-DraftStyleDefault-text-ltr\"><span class=\"_2PHJq public-DraftStyleDefault-ltr\">Rogelio Cortez reconoci\u00f3 que no ha sido f\u00e1cil combinar el estudio y el deporte, pero gracias al apoyo que le han brindado su pap\u00e1 y mam\u00e1, ha salido adelante; dijo que contempla estudiar una carrera relacionada con el deporte o los negocios en un futuro cercano.\u00a0\u00a0<\/span><\/p>\n<div id=\"viewer-f4goh393\" class=\"mm8Nw _1j-51 _1FoOD _78FBa public-DraftStyleDefault-block-depth0 fixed-tab-size public-DraftStyleDefault-text-ltr\"><span class=\"_2PHJq public-DraftStyleDefault-ltr\">\u00a0<\/span><\/div>\n<p id=\"viewer-7dvsd394\" class=\"mm8Nw _1j-51 _1FoOD _78FBa public-DraftStyleDefault-block-depth0 fixed-tab-size public-DraftStyleDefault-text-ltr\"><span class=\"_2PHJq public-DraftStyleDefault-ltr\">El necaxista hizo un llamado a las y los adolescentes para que siempre alcancen sus metas y nunca pierdan el enfoque; \u201ctienes que perseguir tus sue\u00f1os siempre, en la vida va a haber distracciones, pero si tienes el enfoque y tus objetivos son claros, yo creo que lo puedes lograr\u201d, finaliz\u00f3.\u00a0<\/span><\/p>\n<p id=\"viewer-3p922396\" class=\"mm8Nw _1j-51 _1FoOD _78FBa public-DraftStyleDefault-block-depth0 fixed-tab-size public-DraftStyleDefault-text-ltr\"><span class=\"_2PHJq public-DraftStyleDefault-ltr\">\u00a0<\/span><\/p>\n<p id=\"viewer-78avt398\" class=\"mm8Nw _1j-51 _1FoOD _78FBa public-DraftStyleDefault-block-depth0 fixed-tab-size public-DraftStyleDefault-text-ltr\"><span class=\"_2PHJq public-DraftStyleDefault-ltr\">La secretaria ejecutiva del Sipinna, Blanca Rivera Rio Flores, felicit\u00f3 a Rogelio por su determinaci\u00f3n y ser un gran ejemplo para todos; adem\u00e1s, extendi\u00f3 la invitaci\u00f3n a las y los j\u00f3venes a que formen parte de la Casa del Adolescente, donde encontrar\u00e1n actividades acordes a sus gustos y aspiraciones.<\/span><\/p>\n","protected":false},"excerpt":{"rendered":"<p>#informativoelvalledeaguascalientes #novaradioaguascalientes #ElGiganteDeMexico Rogelio Cortez cumpli\u00f3 su sue\u00f1o de ser futbolista profesional en el Club Necaxa Adem\u00e1s es estudiante del Cemsad El Cedazo, ubicado en la Casa del Adolescente \u00a0 Una de las prioridades de la gobernadora de Aguascalientes, Tere Jim\u00e9nez, es impulsar a los j\u00f3venes deportistas para que cumplan sus sue\u00f1os; tal es el [&hellip;]<\/p>\n","protected":false},"author":1,"featured_media":44833,"comment_status":"closed","ping_status":"open","sticky":false,"template":"","format":"standard","meta":{"advanced_seo_description":"","jetpack_seo_html_title":"","jetpack_seo_noindex":false,"_jetpack_memberships_contains_paid_content":false,"footnotes":"","jetpack_publicize_message":"","jetpack_publicize_feature_enabled":true,"jetpack_social_post_already_shared":true,"jetpack_social_options":{"image_generator_settings":{"template":"highway","default_image_id":0,"font":"","enabled":false},"version":2}},"categories":[21,4],"tags":[22,161,615,658,320],"class_list":["post-44832","post","type-post","status-publish","format-standard","has-post-thumbnail","hentry","category-aguascalientes","category-gobierno-del-estado-aguascalientes","tag-aguascalientes","tag-gobierno-del-estado-aguascalientes","tag-gobierno-del-estado-de-aguascalientes","tag-sipinna-aguascalientes","tag-tere-jimenez"],"jetpack_publicize_connections":[],"jetpack_featured_media_url":"https:\/\/i0.wp.com\/informativoelvalledeaguascalientes.online\/wp-content\/uploads\/2023\/05\/IMG_1987.jpg?fit=2400%2C1600&ssl=1","jetpack-related-posts":[],"jetpack_sharing_enabled":true,"jetpack_likes_enabled":true,"_links":{"self":[{"href":"https:\/\/informativoelvalledeaguascalientes.online\/index.php?rest_route=\/wp\/v2\/posts\/44832","targetHints":{"allow":["GET"]}}],"collection":[{"href":"https:\/\/informativoelvalledeaguascalientes.online\/index.php?rest_route=\/wp\/v2\/posts"}],"about":[{"href":"https:\/\/informativoelvalledeaguascalientes.online\/index.php?rest_route=\/wp\/v2\/types\/post"}],"author":[{"embeddable":true,"href":"https:\/\/informativoelvalledeaguascalientes.online\/index.php?rest_route=\/wp\/v2\/users\/1"}],"replies":[{"embeddable":true,"href":"https:\/\/informativoelvalledeaguascalientes.online\/index.php?rest_route=%2Fwp%2Fv2%2Fcomments&post=44832"}],"version-history":[{"count":1,"href":"https:\/\/informativoelvalledeaguascalientes.online\/index.php?rest_route=\/wp\/v2\/posts\/44832\/revisions"}],"predecessor-version":[{"id":44835,"href":"https:\/\/informativoelvalledeaguascalientes.online\/index.php?rest_route=\/wp\/v2\/posts\/44832\/revisions\/44835"}],"wp:featuredmedia":[{"embeddable":true,"href":"https:\/\/informativoelvalledeaguascalientes.online\/index.php?rest_route=\/wp\/v2\/media\/44833"}],"wp:attachment":[{"href":"https:\/\/informativoelvalledeaguascalientes.online\/index.php?rest_route=%2Fwp%2Fv2%2Fmedia&parent=44832"}],"wp:term":[{"taxonomy":"category","embeddable":true,"href":"https:\/\/informativoelvalledeaguascalientes.online\/index.php?rest_route=%2Fwp%2Fv2%2Fcategories&post=44832"},{"taxonomy":"post_tag","embeddable":true,"href":"https:\/\/informativoelvalledeaguascalientes.online\/index.php?rest_route=%2Fwp%2Fv2%2Ftags&post=44832"}],"curies":[{"name":"wp","href":"https:\/\/api.w.org\/{rel}","templated":true}]}}