{"id":44828,"date":"2023-05-29T09:58:40","date_gmt":"2023-05-29T15:58:40","guid":{"rendered":"https:\/\/informativoelvalledeaguascalientes.online\/?p=44828"},"modified":"2023-05-29T09:58:40","modified_gmt":"2023-05-29T15:58:40","slug":"invita-tere-jimenez-a-participar-en-la-campana-de-reforestacion-arboles-fuertes-huellas-gigantes","status":"publish","type":"post","link":"https:\/\/informativoelvalledeaguascalientes.online\/?p=44828","title":{"rendered":"INVITA TERE JIM\u00c9NEZ A PARTICIPAR EN LA CAMPA\u00d1A DE REFORESTACI\u00d3N \u201c\u00c1RBOLES FUERTES, HUELLAS GIGANTES\u201d"},"content":{"rendered":"<p><strong><a href=\"https:\/\/www.facebook.com\/hashtag\/informativoelvalledeaguascalientes\">#informativoelvalledeaguascalientes<\/a> <\/strong><\/p>\n<p><strong><a href=\"https:\/\/www.facebook.com\/hashtag\/novaradioaguascalientes\">#novaradioaguascalientes<\/a><\/strong><\/p>\n<p><strong><a href=\"https:\/\/www.facebook.com\/GobiernodeAguascalientes\">#ElGiganteDeMexico<\/a><\/strong><\/p>\n<ul class=\"public-DraftStyleDefault-ul\">\n<li id=\"viewer-ur18k99\" class=\"_3Kjjs _78FBa public-DraftStyleDefault-unorderedListItem public-DraftStyleDefault-depth0 public-DraftStyleDefault-list-ltr fixed-tab-size public-DraftStyleDefault-reset _1FoOD _78FBa\">\n<p class=\"_1j-51 _1FoOD _78FBa undefined\"><strong><em>El objetivo es plantar alrededor de 500 mil \u00e1rboles en los cinco a\u00f1os de la actual administraci\u00f3n estatal<\/em><\/strong><\/p>\n<\/li>\n<li id=\"viewer-od7qn101\" class=\"_3Kjjs _78FBa public-DraftStyleDefault-unorderedListItem public-DraftStyleDefault-depth0 public-DraftStyleDefault-list-ltr fixed-tab-size _1FoOD _78FBa\">\n<p class=\"_1j-51 _1FoOD _78FBa undefined\"><strong><em>El arranque de la campa\u00f1a ser\u00e1 el pr\u00f3ximo 3 de junio a las 9:00 horas en el Parque de Los Chaneques en el municipio de Pabell\u00f3n de Arteaga<\/em><\/strong><\/p>\n<\/li>\n<li id=\"viewer-uzffb103\" class=\"_3Kjjs _78FBa public-DraftStyleDefault-unorderedListItem public-DraftStyleDefault-depth0 public-DraftStyleDefault-list-ltr fixed-tab-size _1FoOD _78FBa\">\n<p class=\"_1j-51 _1FoOD _78FBa undefined\"><strong><em>La participaci\u00f3n de empresas, asociaciones civiles, instituciones educativas y dependencias p\u00fablicas ser\u00e1 determinante para alcanzar la meta<\/em><\/strong><\/p>\n<\/li>\n<\/ul>\n<div id=\"viewer-nb06m106\" class=\"mm8Nw _1j-51 _1FoOD _78FBa public-DraftStyleDefault-block-depth0 fixed-tab-size public-DraftStyleDefault-text-ltr\"><span class=\"_2PHJq public-DraftStyleDefault-ltr\">\u00a0<\/span><\/div>\n<p id=\"viewer-k74iy107\" class=\"mm8Nw _1j-51 _1FoOD _78FBa public-DraftStyleDefault-block-depth0 fixed-tab-size public-DraftStyleDefault-text-ltr\"><span class=\"_2PHJq public-DraftStyleDefault-ltr\">La gobernadora de Aguascalientes, Tere Jim\u00e9nez, invita a la poblaci\u00f3n en general a participar en la Campa\u00f1a Estatal de Reforestaci\u00f3n \u201c\u00c1rboles Fuertes, Huellas Gigantes\u201d, que iniciar\u00e1 el pr\u00f3ximo s\u00e1bado 3 de junio a las 9:00 horas en el Parque de Los Chaneques en el municipio de Pabell\u00f3n de Arteaga.<\/span><\/p>\n<div id=\"viewer-ltbwc109\" class=\"mm8Nw _1j-51 _1FoOD _78FBa public-DraftStyleDefault-block-depth0 fixed-tab-size public-DraftStyleDefault-text-ltr\"><span class=\"_2PHJq public-DraftStyleDefault-ltr\">\u00a0<\/span><\/div>\n<p id=\"viewer-79g1p110\" class=\"mm8Nw _1j-51 _1FoOD _78FBa public-DraftStyleDefault-block-depth0 fixed-tab-size public-DraftStyleDefault-text-ltr\"><span class=\"_2PHJq public-DraftStyleDefault-ltr\">El objetivo, dijo la gobernadora, es plantar alrededor de 500 mil \u00e1rboles durante los 5 a\u00f1os de su gobierno, con la participaci\u00f3n de empresas, asociaciones civiles, instituciones acad\u00e9micas y dependencias de los tres niveles de gobierno.\u00a0<\/span><\/p>\n<div id=\"viewer-mhhn5112\" class=\"mm8Nw _1j-51 _1FoOD _78FBa public-DraftStyleDefault-block-depth0 fixed-tab-size public-DraftStyleDefault-text-ltr\"><span class=\"_2PHJq public-DraftStyleDefault-ltr\">\u00a0<\/span><\/div>\n<p id=\"viewer-r7tn5113\" class=\"mm8Nw _1j-51 _1FoOD _78FBa public-DraftStyleDefault-block-depth0 fixed-tab-size public-DraftStyleDefault-text-ltr\"><span class=\"_2PHJq public-DraftStyleDefault-ltr\">Tere Jim\u00e9nez destac\u00f3 la importancia de cuidar el medio ambiente con este tipo de acciones, ya que los \u00e1rboles purifican el aire y liberan ox\u00edgeno; reducen la temperatura ambiental; captan agua para los acu\u00edferos; sirven como refugio para algunas especies animales; adem\u00e1s de que reducen la contaminaci\u00f3n ocasionada por el ruido, entre muchos otros beneficios.<\/span><\/p>\n<div id=\"viewer-sgdzh115\" class=\"mm8Nw _1j-51 _1FoOD _78FBa public-DraftStyleDefault-block-depth0 fixed-tab-size public-DraftStyleDefault-text-ltr\"><span class=\"_2PHJq public-DraftStyleDefault-ltr\">\u00a0<\/span><\/div>\n<p id=\"viewer-dus8q116\" class=\"mm8Nw _1j-51 _1FoOD _78FBa public-DraftStyleDefault-block-depth0 fixed-tab-size public-DraftStyleDefault-text-ltr\"><span class=\"_2PHJq public-DraftStyleDefault-ltr\">Coment\u00f3 que en este primer a\u00f1o se llevar\u00e1n a cabo 30 jornadas de arborizaci\u00f3n en las que se tiene como meta sembrar cerca de 37 mil \u00e1rboles en diferentes lugares, como \u00e1reas naturales protegidas, parques, instituciones educativas, camellones y empresas; precis\u00f3 que tan solo en el evento de arranque que se realizar\u00e1 este 3 de junio se espera plantar 2 mil ejemplares.<\/span><\/p>\n<div id=\"viewer-xiqnq118\" class=\"mm8Nw _1j-51 _1FoOD _78FBa public-DraftStyleDefault-block-depth0 fixed-tab-size public-DraftStyleDefault-text-ltr\"><span class=\"_2PHJq public-DraftStyleDefault-ltr\">\u00a0<\/span><\/div>\n<p id=\"viewer-xjhiq119\" class=\"mm8Nw _1j-51 _1FoOD _78FBa public-DraftStyleDefault-block-depth0 fixed-tab-size public-DraftStyleDefault-text-ltr\"><span class=\"_2PHJq public-DraftStyleDefault-ltr\">La gobernadora hizo hincapi\u00e9 en que las \u00e1reas que se eligieron para reforestar deber\u00e1n contar con el riego suficiente para garantizar la supervivencia de los \u00e1rboles; de igual forma, indic\u00f3 que para alcanzar la meta que se fij\u00f3 para toda la administraci\u00f3n, se fortalecer\u00e1 la producci\u00f3n de \u00e1rboles en el invernadero \u201cEl Mezquite\u201d del Centro Ecol\u00f3gico \u201cQueta Medell\u00edn Legorreta\u201d.<\/span><\/p>\n<div id=\"viewer-3p1zp121\" class=\"mm8Nw _1j-51 _1FoOD _78FBa public-DraftStyleDefault-block-depth0 fixed-tab-size public-DraftStyleDefault-text-ltr\"><span class=\"_2PHJq public-DraftStyleDefault-ltr\">\u00a0<\/span><\/div>\n<p id=\"viewer-r6aem122\" class=\"mm8Nw _1j-51 _1FoOD _78FBa public-DraftStyleDefault-block-depth0 fixed-tab-size public-DraftStyleDefault-text-ltr\"><span class=\"_2PHJq public-DraftStyleDefault-ltr\">Por \u00faltimo, mencion\u00f3 que las especies que se eligieron para desarrollar esta campa\u00f1a son pirul criollo, huizache, mezquite, jacaranda, cedro blanco, fresno, trueno, pino pi\u00f1onero y encino verde, por ser de las que mejor se adaptan a las condiciones clim\u00e1ticas del estado.<\/span><\/p>\n","protected":false},"excerpt":{"rendered":"<p>#informativoelvalledeaguascalientes #novaradioaguascalientes #ElGiganteDeMexico El objetivo es plantar alrededor de 500 mil \u00e1rboles en los cinco a\u00f1os de la actual administraci\u00f3n estatal El arranque de la campa\u00f1a ser\u00e1 el pr\u00f3ximo 3 de junio a las 9:00 horas en el Parque de Los Chaneques en el municipio de Pabell\u00f3n de Arteaga La participaci\u00f3n de empresas, asociaciones civiles, [&hellip;]<\/p>\n","protected":false},"author":1,"featured_media":44842,"comment_status":"closed","ping_status":"open","sticky":false,"template":"","format":"standard","meta":{"advanced_seo_description":"","jetpack_seo_html_title":"","jetpack_seo_noindex":false,"_jetpack_memberships_contains_paid_content":false,"footnotes":"","jetpack_publicize_message":"","jetpack_publicize_feature_enabled":true,"jetpack_social_post_already_shared":true,"jetpack_social_options":{"image_generator_settings":{"template":"highway","default_image_id":0,"font":"","enabled":false},"version":2}},"categories":[21,4],"tags":[22,161,615,320],"class_list":["post-44828","post","type-post","status-publish","format-standard","has-post-thumbnail","hentry","category-aguascalientes","category-gobierno-del-estado-aguascalientes","tag-aguascalientes","tag-gobierno-del-estado-aguascalientes","tag-gobierno-del-estado-de-aguascalientes","tag-tere-jimenez"],"jetpack_publicize_connections":[],"jetpack_featured_media_url":"https:\/\/i0.wp.com\/informativoelvalledeaguascalientes.online\/wp-content\/uploads\/2023\/05\/WhatsApp-Image-2023-05-28-at-9.40.40-AM.jpeg?fit=1024%2C920&ssl=1","jetpack-related-posts":[],"jetpack_sharing_enabled":true,"jetpack_likes_enabled":true,"_links":{"self":[{"href":"https:\/\/informativoelvalledeaguascalientes.online\/index.php?rest_route=\/wp\/v2\/posts\/44828","targetHints":{"allow":["GET"]}}],"collection":[{"href":"https:\/\/informativoelvalledeaguascalientes.online\/index.php?rest_route=\/wp\/v2\/posts"}],"about":[{"href":"https:\/\/informativoelvalledeaguascalientes.online\/index.php?rest_route=\/wp\/v2\/types\/post"}],"author":[{"embeddable":true,"href":"https:\/\/informativoelvalledeaguascalientes.online\/index.php?rest_route=\/wp\/v2\/users\/1"}],"replies":[{"embeddable":true,"href":"https:\/\/informativoelvalledeaguascalientes.online\/index.php?rest_route=%2Fwp%2Fv2%2Fcomments&post=44828"}],"version-history":[{"count":1,"href":"https:\/\/informativoelvalledeaguascalientes.online\/index.php?rest_route=\/wp\/v2\/posts\/44828\/revisions"}],"predecessor-version":[{"id":44843,"href":"https:\/\/informativoelvalledeaguascalientes.online\/index.php?rest_route=\/wp\/v2\/posts\/44828\/revisions\/44843"}],"wp:featuredmedia":[{"embeddable":true,"href":"https:\/\/informativoelvalledeaguascalientes.online\/index.php?rest_route=\/wp\/v2\/media\/44842"}],"wp:attachment":[{"href":"https:\/\/informativoelvalledeaguascalientes.online\/index.php?rest_route=%2Fwp%2Fv2%2Fmedia&parent=44828"}],"wp:term":[{"taxonomy":"category","embeddable":true,"href":"https:\/\/informativoelvalledeaguascalientes.online\/index.php?rest_route=%2Fwp%2Fv2%2Fcategories&post=44828"},{"taxonomy":"post_tag","embeddable":true,"href":"https:\/\/informativoelvalledeaguascalientes.online\/index.php?rest_route=%2Fwp%2Fv2%2Ftags&post=44828"}],"curies":[{"name":"wp","href":"https:\/\/api.w.org\/{rel}","templated":true}]}}