{"id":44816,"date":"2023-05-29T09:11:44","date_gmt":"2023-05-29T15:11:44","guid":{"rendered":"https:\/\/informativoelvalledeaguascalientes.online\/?p=44816"},"modified":"2023-05-29T09:11:44","modified_gmt":"2023-05-29T15:11:44","slug":"llega-feria-en-tu-colonia-al-arroyo-de-los-arellano-con-grandes-actividades-para-todas-las-familias","status":"publish","type":"post","link":"https:\/\/informativoelvalledeaguascalientes.online\/?p=44816","title":{"rendered":"LLEGA FERIA EN TU COLONIA AL ARROYO DE LOS ARELLANO CON GRANDES ACTIVIDADES PARA TODAS LAS FAMILIAS"},"content":{"rendered":"<p><strong><a href=\"https:\/\/www.facebook.com\/hashtag\/informativoelvalledeaguascalientes\">#informativoelvalledeaguascalientes<\/a><\/strong><\/p>\n<p><strong><a href=\"https:\/\/www.facebook.com\/hashtag\/novaradioaguascalientes\">#novaradioaguascalientes<\/a><\/strong><\/p>\n<p>Con gran entusiasmo acudi\u00f3 el presidente municipal,\u00a0<strong>Leo Monta\u00f1ez<\/strong>\u00a0al Arroyo de los Arellano, donde se llev\u00f3 a cabo otra edici\u00f3n del programa \u00abFeria en tu colonia\u00bb con habitantes de la colonia Miravalle, donde la amplia explanada facilit\u00f3 la instalaci\u00f3n de juegos mec\u00e1nicos gratis, lentes de realidad virtual, ring de box, exhibiciones de free style bmx, ajedrez gigante, bici escuela, b\u00e1dminton, presentaci\u00f3n de los grupos de activaci\u00f3n f\u00edsica, entre otras.<\/p>\n<p>&nbsp;<\/p>\n<p><strong>Francisco Emmanuel Mu\u00f1oz S\u00e1nchez<\/strong>, director de la Secretar\u00eda de Desarrollo Social, coment\u00f3 que, mediante la coordinaci\u00f3n con otras dependencias del Municipio de Aguascalientes, se trabaja para generar acciones que impulsen la convivencia familiar mediante actividades para el sano esparcimiento.<\/p>\n<p>&nbsp;<\/p>\n<p>Por su parte, el regidor\u00a0<strong>Alejandro Serrano Almanza<\/strong>, presidente de la Comisi\u00f3n Permanente de Hacienda, agradeci\u00f3 a los asistentes y llev\u00f3 a cabo rifa de bicicletas y juguetes para fomentar el deporte y actividad f\u00edsica en los ni\u00f1os y j\u00f3venes; \u00abFeria en tu colonia\u201d, se logra gracias al trabajo transversal entre las diversas dependencias municipales\u00bb se\u00f1al\u00f3 el regidor.<\/p>\n<p>&nbsp;<\/p>\n<p>A esta Feria en tu colonia, tambi\u00e9n acudieron,\u00a0<strong>Gabino Vazquez<\/strong>, coordinador de Protecci\u00f3n Civil Municipal y\u00a0<strong>Arturo Mu\u00f1oz<\/strong>\u00a0presidente de la Comisi\u00f3n de Box, Lucha Libre y Artes Marciales.<\/p>\n","protected":false},"excerpt":{"rendered":"<p>#informativoelvalledeaguascalientes #novaradioaguascalientes Con gran entusiasmo acudi\u00f3 el presidente municipal,\u00a0Leo Monta\u00f1ez\u00a0al Arroyo de los Arellano, donde se llev\u00f3 a cabo otra edici\u00f3n del programa \u00abFeria en tu colonia\u00bb con habitantes de la colonia Miravalle, donde la amplia explanada facilit\u00f3 la instalaci\u00f3n de juegos mec\u00e1nicos gratis, lentes de realidad virtual, ring de box, exhibiciones de free style [&hellip;]<\/p>\n","protected":false},"author":1,"featured_media":44817,"comment_status":"closed","ping_status":"open","sticky":false,"template":"","format":"standard","meta":{"advanced_seo_description":"","jetpack_seo_html_title":"","jetpack_seo_noindex":false,"_jetpack_memberships_contains_paid_content":false,"footnotes":"","jetpack_publicize_message":"","jetpack_publicize_feature_enabled":true,"jetpack_social_post_already_shared":true,"jetpack_social_options":{"image_generator_settings":{"template":"highway","default_image_id":0,"font":"","enabled":false},"version":2}},"categories":[21,3],"tags":[22,25,286],"class_list":["post-44816","post","type-post","status-publish","format-standard","has-post-thumbnail","hentry","category-aguascalientes","category-municipio-aguascalientes","tag-aguascalientes","tag-mpio-aguascalientes","tag-mpio-aguascalientes-sedesom"],"jetpack_publicize_connections":[],"jetpack_featured_media_url":"https:\/\/i0.wp.com\/informativoelvalledeaguascalientes.online\/wp-content\/uploads\/2023\/05\/20230526201519_877A7472-scaled-1.jpg?fit=2560%2C1707&ssl=1","jetpack-related-posts":[],"jetpack_sharing_enabled":true,"jetpack_likes_enabled":true,"_links":{"self":[{"href":"https:\/\/informativoelvalledeaguascalientes.online\/index.php?rest_route=\/wp\/v2\/posts\/44816","targetHints":{"allow":["GET"]}}],"collection":[{"href":"https:\/\/informativoelvalledeaguascalientes.online\/index.php?rest_route=\/wp\/v2\/posts"}],"about":[{"href":"https:\/\/informativoelvalledeaguascalientes.online\/index.php?rest_route=\/wp\/v2\/types\/post"}],"author":[{"embeddable":true,"href":"https:\/\/informativoelvalledeaguascalientes.online\/index.php?rest_route=\/wp\/v2\/users\/1"}],"replies":[{"embeddable":true,"href":"https:\/\/informativoelvalledeaguascalientes.online\/index.php?rest_route=%2Fwp%2Fv2%2Fcomments&post=44816"}],"version-history":[{"count":1,"href":"https:\/\/informativoelvalledeaguascalientes.online\/index.php?rest_route=\/wp\/v2\/posts\/44816\/revisions"}],"predecessor-version":[{"id":44818,"href":"https:\/\/informativoelvalledeaguascalientes.online\/index.php?rest_route=\/wp\/v2\/posts\/44816\/revisions\/44818"}],"wp:featuredmedia":[{"embeddable":true,"href":"https:\/\/informativoelvalledeaguascalientes.online\/index.php?rest_route=\/wp\/v2\/media\/44817"}],"wp:attachment":[{"href":"https:\/\/informativoelvalledeaguascalientes.online\/index.php?rest_route=%2Fwp%2Fv2%2Fmedia&parent=44816"}],"wp:term":[{"taxonomy":"category","embeddable":true,"href":"https:\/\/informativoelvalledeaguascalientes.online\/index.php?rest_route=%2Fwp%2Fv2%2Fcategories&post=44816"},{"taxonomy":"post_tag","embeddable":true,"href":"https:\/\/informativoelvalledeaguascalientes.online\/index.php?rest_route=%2Fwp%2Fv2%2Ftags&post=44816"}],"curies":[{"name":"wp","href":"https:\/\/api.w.org\/{rel}","templated":true}]}}