{"id":44813,"date":"2023-05-29T09:06:55","date_gmt":"2023-05-29T15:06:55","guid":{"rendered":"https:\/\/informativoelvalledeaguascalientes.online\/?p=44813"},"modified":"2023-05-29T09:06:55","modified_gmt":"2023-05-29T15:06:55","slug":"futuros-egresados-de-la-uaa-daran-muestra-de-su-talento-en-desfile-de-moda-metandia-mas-alla-de-la-mente","status":"publish","type":"post","link":"https:\/\/informativoelvalledeaguascalientes.online\/?p=44813","title":{"rendered":"Futuros egresados de la UAA dar\u00e1n muestra de su talento en desfile de moda \u201cMetandia: M\u00e1s all\u00e1 de la mente\u201d"},"content":{"rendered":"<p><strong><a href=\"https:\/\/www.facebook.com\/hashtag\/informativoelvalledeaguascalientes\">#informativoelvalledeaguascalientes<\/a><\/strong><\/p>\n<p><strong><a href=\"https:\/\/www.facebook.com\/hashtag\/novaradioaguascalientes\">#novaradioaguascalientes<\/a><\/strong><\/p>\n<p>-Adem\u00e1s de implementar los conocimientos adquiridos durante su formaci\u00f3n acad\u00e9mica, atender\u00e1n diversas necesidades sociales tales como la sustentabilidad y la reducci\u00f3n del consumo de ropa Fast Fashion.<\/p>\n<p>-Se pretende que este evento sea un parteaguas para lograr la vinculaci\u00f3n de los universitarios con el sector empresarial, as\u00ed como posicionarse en el mercado laboral.<\/p>\n<p>Este pr\u00f3ximo 8 de junio del a\u00f1o en curso, estudiantes de la Licenciatura en Dise\u00f1o de Moda en Indumentaria y Textiles de la Universidad Aut\u00f3noma de Aguascalientes, presentar\u00e1n la pasarela de moda \u201cMetanoia: M\u00e1s all\u00e1 de la mente\u201d donde expondr\u00e1n diferentes dise\u00f1os y estilos que no solo pondr\u00e1n a prueba sus habilidades y capacidades, sino que, proyectar\u00e1n sus personalidades y promover\u00e1n el consumo responsable en la sociedad a favor del medio ambiente.<\/p>\n<p>El evento est\u00e1 coordinado por 28 alumnos del noveno semestre de dicha licenciatura como parte de su proyecto final de carrera. Cada uno de ellos mostrar\u00e1 una colecci\u00f3n bajo el tema \u201cMetanoia\u201d, en el que abordar\u00e1n un dise\u00f1o de acuerdo a sus propias perspectivas, ideolog\u00edas, intereses, gustos y experiencias.<\/p>\n<p>Durante una entrevista, tres de los estudiantes que participar\u00e1n en este Fashion Runway, Juan Enrique Torres Palomino, Jessica Dianelly Taba Hern\u00e1ndez y Sarah In\u00e9s \u00c1vila \u00c1lvarez, dieron a conocer que el principal objetivo de este proyecto es que cada uno de los futuros profesionistas muestre su esencia como dise\u00f1ador y que esto sea un parteaguas para lograr vincularse con el sector empresarial y posicionarse en el mercado laboral.<\/p>\n<p>Asimismo, detallaron que en esta pasarela se podr\u00e1n apreciar desde accesorios hasta ropa casual; vestidos de gala, prendas para ni\u00f1os, ropa de verano, prendas para mascotas, s\u00f3lo por mencionar algunos. De igual manera, contar\u00e1n con invitados especiales como influencers, empresarios y autoridades universitarias.<\/p>\n<p>Por otra parte, destacaron que adem\u00e1s de implementar los conocimientos adquiridos durante su formaci\u00f3n acad\u00e9mica, atender\u00e1n diversas necesidades sociales tales como la sustentabilidad y la reducci\u00f3n del consumo de ropa Fast Fashion, la cual tiene un impacto importante en el medio ambiente, puesto que la gran cantidad de desechos que genera coloca a la industria indumentaria en el segundo lugar como la m\u00e1s contaminante a nivel global, lo anterior de acuerdo con un informe de la Conferencia de la ONU sobre Comercio y Desarrollo.<\/p>\n<p>Aunado a ello, los universitarios mencionaron que este proyecto es resultado de nueve semestres de preparaci\u00f3n. De este modo, subrayan que existe un nivel muy bueno en la ense\u00f1anza dentro de las aulas de la UAA, lo que los ha ayudado a enfocarse en los diferentes \u00e1mbitos del dise\u00f1o de modas.<\/p>\n<p>Finalmente, esperan que \u201cMetandia: M\u00e1s all\u00e1 de la mente\u201d, permita a la sociedad conocer el amplio panorama de \u00e1reas en las que los egresados pueden incursionar, as\u00ed como demostrar que el dise\u00f1o de modas va m\u00e1s all\u00e1 de la confecci\u00f3n. Cabe precisar que la pasarela se llevar\u00e1 a cabo en las instalaciones de la Infoteca Universitaria \u201cDr. Alfonso P\u00e9rez Romo\u201d en Ciudad Universitaria a las 18:00 horas, adem\u00e1s, se transmitir\u00e1 en vivo a trav\u00e9s de la p\u00e1gina de Facebook: Lic. en Dise\u00f1o de Moda en Indumentaria y Textiles UAA, para todos aquellos que no puedan acudir personalmente.<\/p>\n","protected":false},"excerpt":{"rendered":"<p>#informativoelvalledeaguascalientes #novaradioaguascalientes -Adem\u00e1s de implementar los conocimientos adquiridos durante su formaci\u00f3n acad\u00e9mica, atender\u00e1n diversas necesidades sociales tales como la sustentabilidad y la reducci\u00f3n del consumo de ropa Fast Fashion. -Se pretende que este evento sea un parteaguas para lograr la vinculaci\u00f3n de los universitarios con el sector empresarial, as\u00ed como posicionarse en el mercado laboral. [&hellip;]<\/p>\n","protected":false},"author":1,"featured_media":44814,"comment_status":"closed","ping_status":"open","sticky":false,"template":"","format":"standard","meta":{"advanced_seo_description":"","jetpack_seo_html_title":"","jetpack_seo_noindex":false,"_jetpack_memberships_contains_paid_content":false,"footnotes":"","jetpack_publicize_message":"","jetpack_publicize_feature_enabled":true,"jetpack_social_post_already_shared":true,"jetpack_social_options":{"image_generator_settings":{"template":"highway","default_image_id":0,"font":"","enabled":false},"version":2}},"categories":[21,629],"tags":[22,142],"class_list":["post-44813","post","type-post","status-publish","format-standard","has-post-thumbnail","hentry","category-aguascalientes","category-universidad-autonoma-de-aguascalientes","tag-aguascalientes","tag-uaa"],"jetpack_publicize_connections":[],"jetpack_featured_media_url":"https:\/\/i0.wp.com\/informativoelvalledeaguascalientes.online\/wp-content\/uploads\/2023\/05\/c5c8f7b0-2709-4265-9c81-6f375b592d5a.jpeg?fit=1600%2C1067&ssl=1","jetpack-related-posts":[],"jetpack_sharing_enabled":true,"jetpack_likes_enabled":true,"_links":{"self":[{"href":"https:\/\/informativoelvalledeaguascalientes.online\/index.php?rest_route=\/wp\/v2\/posts\/44813","targetHints":{"allow":["GET"]}}],"collection":[{"href":"https:\/\/informativoelvalledeaguascalientes.online\/index.php?rest_route=\/wp\/v2\/posts"}],"about":[{"href":"https:\/\/informativoelvalledeaguascalientes.online\/index.php?rest_route=\/wp\/v2\/types\/post"}],"author":[{"embeddable":true,"href":"https:\/\/informativoelvalledeaguascalientes.online\/index.php?rest_route=\/wp\/v2\/users\/1"}],"replies":[{"embeddable":true,"href":"https:\/\/informativoelvalledeaguascalientes.online\/index.php?rest_route=%2Fwp%2Fv2%2Fcomments&post=44813"}],"version-history":[{"count":1,"href":"https:\/\/informativoelvalledeaguascalientes.online\/index.php?rest_route=\/wp\/v2\/posts\/44813\/revisions"}],"predecessor-version":[{"id":44815,"href":"https:\/\/informativoelvalledeaguascalientes.online\/index.php?rest_route=\/wp\/v2\/posts\/44813\/revisions\/44815"}],"wp:featuredmedia":[{"embeddable":true,"href":"https:\/\/informativoelvalledeaguascalientes.online\/index.php?rest_route=\/wp\/v2\/media\/44814"}],"wp:attachment":[{"href":"https:\/\/informativoelvalledeaguascalientes.online\/index.php?rest_route=%2Fwp%2Fv2%2Fmedia&parent=44813"}],"wp:term":[{"taxonomy":"category","embeddable":true,"href":"https:\/\/informativoelvalledeaguascalientes.online\/index.php?rest_route=%2Fwp%2Fv2%2Fcategories&post=44813"},{"taxonomy":"post_tag","embeddable":true,"href":"https:\/\/informativoelvalledeaguascalientes.online\/index.php?rest_route=%2Fwp%2Fv2%2Ftags&post=44813"}],"curies":[{"name":"wp","href":"https:\/\/api.w.org\/{rel}","templated":true}]}}