{"id":44807,"date":"2023-05-29T07:47:51","date_gmt":"2023-05-29T13:47:51","guid":{"rendered":"https:\/\/informativoelvalledeaguascalientes.online\/?p=44807"},"modified":"2023-05-29T07:47:51","modified_gmt":"2023-05-29T13:47:51","slug":"%f0%9f%a9%ba%f0%9f%92%89-con-el-programa-dif-estatal-mas-cerca-de-ti-las-familias-calvillenses-tendran-un-mejor-acceso-a-los-servicios-de-salud-y-la-atencion-medica","status":"publish","type":"post","link":"https:\/\/informativoelvalledeaguascalientes.online\/?p=44807","title":{"rendered":"\ud83e\ude7a\ud83d\udc89 Con el programa &#8220;DIF Estatal M\u00e1s Cerca de Ti&#8221;, las familias calvillenses tendr\u00e1n un mejor acceso a los servicios de salud y la atenci\u00f3n m\u00e9dica."},"content":{"rendered":"<p>#informativoelvalledeaguascalientes<\/p>\n<p>#novaradioaguascalientes<\/p>\n<p>&nbsp;<\/p>\n<p>&nbsp;<\/p>\n<p>En la delegaci\u00f3n de la Labor, se realiz\u00f3 la presentaci\u00f3n de este programa que ofrecer\u00e1 servicios de: medicina general, optometr\u00eda, estomatolog\u00eda, nutrici\u00f3n, terapia f\u00edsica, gesti\u00f3n social y asesor\u00edas jur\u00eddicas.<\/p>\n<p>&nbsp;<\/p>\n<p>Daniel Romo Urrutia, presidente municipal de Calvillo, agradeci\u00f3 a la gobernadora Tere Jim\u00e9nez por su esfuerzo y entrega en favor de la salud; as\u00ed mismo, refrend\u00f3 su compromiso para seguir uniendo esfuerzos con el DIF Estatal, presidido por Aurora Jim\u00e9nez, para crear programas enfocados en la prevenci\u00f3n y la salud de las familias.<\/p>\n<p>&nbsp;<\/p>\n<p>#TierraQueTrasciende<\/p>\n","protected":false},"excerpt":{"rendered":"<p>#informativoelvalledeaguascalientes #novaradioaguascalientes &nbsp; &nbsp; En la delegaci\u00f3n de la Labor, se realiz\u00f3 la presentaci\u00f3n de este programa que ofrecer\u00e1 servicios de: medicina general, optometr\u00eda, estomatolog\u00eda, nutrici\u00f3n, terapia f\u00edsica, gesti\u00f3n social y asesor\u00edas jur\u00eddicas. &nbsp; Daniel Romo Urrutia, presidente municipal de Calvillo, agradeci\u00f3 a la gobernadora Tere Jim\u00e9nez por su esfuerzo y entrega en favor de [&hellip;]<\/p>\n","protected":false},"author":1,"featured_media":44808,"comment_status":"closed","ping_status":"open","sticky":false,"template":"","format":"standard","meta":{"advanced_seo_description":"","jetpack_seo_html_title":"","jetpack_seo_noindex":false,"_jetpack_memberships_contains_paid_content":false,"footnotes":"","jetpack_publicize_message":"","jetpack_publicize_feature_enabled":true,"jetpack_social_post_already_shared":true,"jetpack_social_options":{"image_generator_settings":{"template":"highway","default_image_id":0,"font":"","enabled":false},"version":2}},"categories":[21,13],"tags":[22,88,29,320],"class_list":["post-44807","post","type-post","status-publish","format-standard","has-post-thumbnail","hentry","category-aguascalientes","category-calvillo-aguascalientes","tag-aguascalientes","tag-calvillo","tag-calvillo-aguascalientes","tag-tere-jimenez"],"jetpack_publicize_connections":[],"jetpack_featured_media_url":"https:\/\/i0.wp.com\/informativoelvalledeaguascalientes.online\/wp-content\/uploads\/2023\/05\/IMG-20230529-WA0003.jpg?fit=1600%2C1066&ssl=1","jetpack-related-posts":[],"jetpack_sharing_enabled":true,"jetpack_likes_enabled":true,"_links":{"self":[{"href":"https:\/\/informativoelvalledeaguascalientes.online\/index.php?rest_route=\/wp\/v2\/posts\/44807","targetHints":{"allow":["GET"]}}],"collection":[{"href":"https:\/\/informativoelvalledeaguascalientes.online\/index.php?rest_route=\/wp\/v2\/posts"}],"about":[{"href":"https:\/\/informativoelvalledeaguascalientes.online\/index.php?rest_route=\/wp\/v2\/types\/post"}],"author":[{"embeddable":true,"href":"https:\/\/informativoelvalledeaguascalientes.online\/index.php?rest_route=\/wp\/v2\/users\/1"}],"replies":[{"embeddable":true,"href":"https:\/\/informativoelvalledeaguascalientes.online\/index.php?rest_route=%2Fwp%2Fv2%2Fcomments&post=44807"}],"version-history":[{"count":1,"href":"https:\/\/informativoelvalledeaguascalientes.online\/index.php?rest_route=\/wp\/v2\/posts\/44807\/revisions"}],"predecessor-version":[{"id":44809,"href":"https:\/\/informativoelvalledeaguascalientes.online\/index.php?rest_route=\/wp\/v2\/posts\/44807\/revisions\/44809"}],"wp:featuredmedia":[{"embeddable":true,"href":"https:\/\/informativoelvalledeaguascalientes.online\/index.php?rest_route=\/wp\/v2\/media\/44808"}],"wp:attachment":[{"href":"https:\/\/informativoelvalledeaguascalientes.online\/index.php?rest_route=%2Fwp%2Fv2%2Fmedia&parent=44807"}],"wp:term":[{"taxonomy":"category","embeddable":true,"href":"https:\/\/informativoelvalledeaguascalientes.online\/index.php?rest_route=%2Fwp%2Fv2%2Fcategories&post=44807"},{"taxonomy":"post_tag","embeddable":true,"href":"https:\/\/informativoelvalledeaguascalientes.online\/index.php?rest_route=%2Fwp%2Fv2%2Ftags&post=44807"}],"curies":[{"name":"wp","href":"https:\/\/api.w.org\/{rel}","templated":true}]}}