{"id":44783,"date":"2023-05-26T21:45:46","date_gmt":"2023-05-27T03:45:46","guid":{"rendered":"https:\/\/informativoelvalledeaguascalientes.online\/?p=44783"},"modified":"2023-05-26T21:45:46","modified_gmt":"2023-05-27T03:45:46","slug":"contaba-con-una-orden-de-aprehension-vigente-y-fue-detenido-sspe-ags-2","status":"publish","type":"post","link":"https:\/\/informativoelvalledeaguascalientes.online\/?p=44783","title":{"rendered":"Contaba con una orden de aprehensi\u00f3n vigente y fue detenido: SSPE Ags."},"content":{"rendered":"<p><strong><a href=\"https:\/\/www.facebook.com\/hashtag\/informativoelvalledeaguascalientes\">#informativoelvalledeaguascalientes<\/a><\/strong><\/p>\n<p><strong><a href=\"https:\/\/www.facebook.com\/hashtag\/novaradioaguascalientes\">#novaradioaguascalientes<\/a><\/strong><\/p>\n<p><strong><a href=\"https:\/\/www.facebook.com\/GobiernodeAguascalientes\">#ElGiganteDeMexico<\/a><\/strong><\/p>\n<p>&nbsp;<\/p>\n<p>Elementos de la Secretaria de Seguridad P\u00fablica del Estado y polic\u00edas municipales de Pabell\u00f3n de Arteaga llevaron a cabo la detenci\u00f3n de un sujeto que contaba con una orden de aprehensi\u00f3n vigente, tras lo cual fue llevado ante las autoridades correspondientes.<\/p>\n<p>Los hechos se registraron alrededor de las 11:43 horas cuando los oficiales estatales y municipales realizaban sus labores de vigilancia por calles de la colonia Progreso Sur en el municipio de Pabell\u00f3n de Arteaga.<\/p>\n<p>Fue as\u00ed que al circular por la calle Valente Acevedo, en el cruce con la calle Dionisio Mart\u00ednez, se percataron de la presencia de un sujeto ingiriendo bebidas embriagantes, por lo que detuvieron la marcha de las unidades y aseguraron a quien dijo llamarse Jorge Armando, de 31 a\u00f1os de edad.<\/p>\n<p>Al momento de verificar sus datos en el C5I, fueron informados que contaba con una orden de aprehensi\u00f3n vigente, sin especificar delito, por lo cual fue llevado a las instalaciones de la Fiscal\u00eda General del Estado, d\u00f3nde se resolver\u00e1 su situaci\u00f3n jur\u00eddica.<\/p>\n","protected":false},"excerpt":{"rendered":"<p>#informativoelvalledeaguascalientes #novaradioaguascalientes #ElGiganteDeMexico &nbsp; Elementos de la Secretaria de Seguridad P\u00fablica del Estado y polic\u00edas municipales de Pabell\u00f3n de Arteaga llevaron a cabo la detenci\u00f3n de un sujeto que contaba con una orden de aprehensi\u00f3n vigente, tras lo cual fue llevado ante las autoridades correspondientes. Los hechos se registraron alrededor de las 11:43 horas cuando [&hellip;]<\/p>\n","protected":false},"author":1,"featured_media":44784,"comment_status":"closed","ping_status":"open","sticky":false,"template":"","format":"standard","meta":{"advanced_seo_description":"","jetpack_seo_html_title":"","jetpack_seo_noindex":false,"_jetpack_memberships_contains_paid_content":false,"footnotes":"","jetpack_publicize_message":"","jetpack_publicize_feature_enabled":true,"jetpack_social_post_already_shared":true,"jetpack_social_options":{"image_generator_settings":{"template":"highway","default_image_id":0,"font":"","enabled":false},"version":2}},"categories":[21,4],"tags":[22,615,122],"class_list":["post-44783","post","type-post","status-publish","format-standard","has-post-thumbnail","hentry","category-aguascalientes","category-gobierno-del-estado-aguascalientes","tag-aguascalientes","tag-gobierno-del-estado-de-aguascalientes","tag-sspe-aguascalientes"],"jetpack_publicize_connections":[],"jetpack_featured_media_url":"https:\/\/i0.wp.com\/informativoelvalledeaguascalientes.online\/wp-content\/uploads\/2023\/05\/sspe-ags-orden-detenido.jpg?fit=1024%2C756&ssl=1","jetpack-related-posts":[],"jetpack_sharing_enabled":true,"jetpack_likes_enabled":true,"_links":{"self":[{"href":"https:\/\/informativoelvalledeaguascalientes.online\/index.php?rest_route=\/wp\/v2\/posts\/44783","targetHints":{"allow":["GET"]}}],"collection":[{"href":"https:\/\/informativoelvalledeaguascalientes.online\/index.php?rest_route=\/wp\/v2\/posts"}],"about":[{"href":"https:\/\/informativoelvalledeaguascalientes.online\/index.php?rest_route=\/wp\/v2\/types\/post"}],"author":[{"embeddable":true,"href":"https:\/\/informativoelvalledeaguascalientes.online\/index.php?rest_route=\/wp\/v2\/users\/1"}],"replies":[{"embeddable":true,"href":"https:\/\/informativoelvalledeaguascalientes.online\/index.php?rest_route=%2Fwp%2Fv2%2Fcomments&post=44783"}],"version-history":[{"count":1,"href":"https:\/\/informativoelvalledeaguascalientes.online\/index.php?rest_route=\/wp\/v2\/posts\/44783\/revisions"}],"predecessor-version":[{"id":44785,"href":"https:\/\/informativoelvalledeaguascalientes.online\/index.php?rest_route=\/wp\/v2\/posts\/44783\/revisions\/44785"}],"wp:featuredmedia":[{"embeddable":true,"href":"https:\/\/informativoelvalledeaguascalientes.online\/index.php?rest_route=\/wp\/v2\/media\/44784"}],"wp:attachment":[{"href":"https:\/\/informativoelvalledeaguascalientes.online\/index.php?rest_route=%2Fwp%2Fv2%2Fmedia&parent=44783"}],"wp:term":[{"taxonomy":"category","embeddable":true,"href":"https:\/\/informativoelvalledeaguascalientes.online\/index.php?rest_route=%2Fwp%2Fv2%2Fcategories&post=44783"},{"taxonomy":"post_tag","embeddable":true,"href":"https:\/\/informativoelvalledeaguascalientes.online\/index.php?rest_route=%2Fwp%2Fv2%2Ftags&post=44783"}],"curies":[{"name":"wp","href":"https:\/\/api.w.org\/{rel}","templated":true}]}}