{"id":44655,"date":"2023-05-24T18:21:12","date_gmt":"2023-05-25T00:21:12","guid":{"rendered":"https:\/\/informativoelvalledeaguascalientes.online\/?p=44655"},"modified":"2023-05-24T18:21:12","modified_gmt":"2023-05-25T00:21:12","slug":"aguascalientes-consigue-tres-medallas-en-la-competencia-de-mountain-bike-en-los-nacionales-conade-2023","status":"publish","type":"post","link":"https:\/\/informativoelvalledeaguascalientes.online\/?p=44655","title":{"rendered":"AGUASCALIENTES CONSIGUE TRES MEDALLAS EN LA COMPETENCIA DE MOUNTAIN-BIKE EN LOS NACIONALES CONADE 2023"},"content":{"rendered":"<p><strong><a href=\"https:\/\/www.facebook.com\/hashtag\/informativoelvalledeaguascalientes\">#informativoelvalledeaguascalientes<\/a><\/strong><\/p>\n<p><strong><a href=\"https:\/\/www.facebook.com\/hashtag\/novaradioaguascalientes\">#novaradioaguascalientes<\/a><\/strong><\/p>\n<p><strong><a href=\"https:\/\/www.facebook.com\/GobiernodeAguascalientes\">#ElGiganteDeMexico<\/a><\/strong><\/p>\n<p>&nbsp;<\/p>\n<div id=\"bgLayers_comp-l7sh9ubr2\" class=\"MW5IWV\" data-hook=\"bgLayers\"><\/div>\n<div class=\"\" data-mesh-id=\"comp-l7sh9ubr2inlineContent\" data-testid=\"inline-content\">\n<div data-mesh-id=\"comp-l7sh9ubr2inlineContent-gridContainer\" data-testid=\"mesh-container-content\">\n<div id=\"comp-l7yvxqo2\" class=\"MazNVa comp-l7yvxqo2 wixui-image\">\n<div class=\"j7pOnl\" data-testid=\"linkElement\">El Gigante de M\u00e9xico es orgullosamente sede de varias disciplinas de los Nacionales CONADE 2023; una de ellas es la competencia de Mountain-bike en la que participaron m\u00e1s de 100 j\u00f3venes deportistas de diferentes estados de la Rep\u00fablica Mexicana.<\/div>\n<\/div>\n<div id=\"comp-l7sh9ubx\" class=\"TWFxr5\">\n<div class=\"comp-l7sh9ubx\">\n<div class=\"s1IW4bz comp-l7sh9ubx\" data-hook=\"ricosviewer-wrapper\">\n<div class=\"kvdbP _1O7aH\" dir=\"ltr\" data-id=\"rich-content-viewer\">\n<div class=\"_1hN1O _3EPBy\">\n<p id=\"viewer-uvytj116\" class=\"mm8Nw _1j-51 _1FoOD _78FBa public-DraftStyleDefault-block-depth0 fixed-tab-size public-DraftStyleDefault-text-ltr\"><span class=\"_2PHJq public-DraftStyleDefault-ltr\">\u00a0<\/span><\/p>\n<p id=\"viewer-9m88q118\" class=\"mm8Nw _1j-51 _1FoOD _78FBa public-DraftStyleDefault-block-depth0 fixed-tab-size public-DraftStyleDefault-text-ltr\"><span class=\"_2PHJq public-DraftStyleDefault-ltr\">Al cierre de esta contienda deportiva, la cual se desarroll\u00f3 en Rinc\u00f3n de Romos, en la categor\u00eda sub 23, los tres primeros lugares fueron obtenidos por los aguascalentenses Jos\u00e9 Antonio Prieto de Luna, quien gan\u00f3 la medalla de oro;Jos\u00e9 Juan Prieto de Luna, quien gan\u00f3 la medalla de plata; y Esteban Herrera Ochoa, que obtuvo la de bronce.<\/span><\/p>\n<p id=\"viewer-7q0a1120\" class=\"mm8Nw _1j-51 _1FoOD _78FBa public-DraftStyleDefault-block-depth0 fixed-tab-size public-DraftStyleDefault-text-ltr\"><span class=\"_2PHJq public-DraftStyleDefault-ltr\">\u00a0<\/span><\/p>\n<p id=\"viewer-5e33l122\" class=\"mm8Nw _1j-51 _1FoOD _78FBa public-DraftStyleDefault-block-depth0 fixed-tab-size public-DraftStyleDefault-text-ltr\"><span class=\"_2PHJq public-DraftStyleDefault-ltr\">En la categor\u00eda Juvenil Femenil de 13-14 a\u00f1os, el primer lugar lo obtuvo Andrea Paredes S\u00e1nchez, de Hidalgo; el segundo lugar fue para Nabyenka Garc\u00eda Bare\u00f1o Dom\u00ednguez, de Baja California; mientras que el tercer puesto se lo llev\u00f3 Fanny Zoe Ter\u00e1n Ledesma, de Quer\u00e9taro.<\/span><\/p>\n<p id=\"viewer-ebkpa124\" class=\"mm8Nw _1j-51 _1FoOD _78FBa public-DraftStyleDefault-block-depth0 fixed-tab-size public-DraftStyleDefault-text-ltr\"><span class=\"_2PHJq public-DraftStyleDefault-ltr\">\u00a0<\/span><\/p>\n<p id=\"viewer-vusfd126\" class=\"mm8Nw _1j-51 _1FoOD _78FBa public-DraftStyleDefault-block-depth0 fixed-tab-size public-DraftStyleDefault-text-ltr\"><span class=\"_2PHJq public-DraftStyleDefault-ltr\">Por otra parte, en la categor\u00eda femenil de 17-18 a\u00f1os, el primer lugar se lo llev\u00f3 la jalisciense Cynthia Guadalupe Mart\u00edn Gonz\u00e1lez; el segundo puesto fue para Joy Harumi M\u00e9ndez Garc\u00eda, de Guanajuato; y el tercer lugar fue para Frida Camila Figueroa Cornejo, de Michoac\u00e1n.\u00a0<\/span><\/p>\n<div id=\"viewer-snpvh128\" class=\"mm8Nw _1j-51 _1FoOD _78FBa public-DraftStyleDefault-block-depth0 fixed-tab-size public-DraftStyleDefault-text-ltr\"><span class=\"_2PHJq public-DraftStyleDefault-ltr\">\u00a0<\/span><\/div>\n<p id=\"viewer-devx7129\" class=\"mm8Nw _1j-51 _1FoOD _78FBa public-DraftStyleDefault-block-depth0 fixed-tab-size public-DraftStyleDefault-text-ltr\"><span class=\"_2PHJq public-DraftStyleDefault-ltr\">En la categor\u00eda femenil de 19-22 a\u00f1os, el primer lugar lo obtuvo Mar\u00eda Carolina Flores Garc\u00eda, de Jalisco; en segundo lugar Andrea Cerda Ornelas, de Jalisco; y el tercer lugar Citlalli Astrid Pe\u00f1a Mart\u00ednez, de Quer\u00e9taro.<\/span><\/p>\n<p id=\"viewer-axfuu131\" class=\"mm8Nw _1j-51 _1FoOD _78FBa public-DraftStyleDefault-block-depth0 fixed-tab-size public-DraftStyleDefault-text-ltr\"><span class=\"_2PHJq public-DraftStyleDefault-ltr\">\u00a0<\/span><\/p>\n<p id=\"viewer-09652133\" class=\"mm8Nw _1j-51 _1FoOD _78FBa public-DraftStyleDefault-block-depth0 fixed-tab-size public-DraftStyleDefault-text-ltr\"><span class=\"_2PHJq public-DraftStyleDefault-ltr\">Finalmente, en la categor\u00eda varonil de 13-14 a\u00f1os, Jean Carlo Manuel Celaya Escar se llev\u00f3 el primer lugar; el segundo lugar fue para Santiago Garc\u00eda Pel\u00e1ez, ellos dos del estado de Hidalgo; mientras que el tercer lugar fue para el representante de Nayarit, Emiliano Mendoza Tejeida.<\/span><\/p>\n<p id=\"viewer-kgw7l135\" class=\"mm8Nw _1j-51 _1FoOD _78FBa public-DraftStyleDefault-block-depth0 fixed-tab-size public-DraftStyleDefault-text-ltr\"><span class=\"_2PHJq public-DraftStyleDefault-ltr\">\u00a0<\/span><\/p>\n<p id=\"viewer-fgv08137\" class=\"mm8Nw _1j-51 _1FoOD _78FBa public-DraftStyleDefault-block-depth0 fixed-tab-size public-DraftStyleDefault-text-ltr\"><span class=\"_2PHJq public-DraftStyleDefault-ltr\">El Instituto del Deporte del Estado de Aguascalientes, encabezado por el maestro Arturo Fernandez Estrada, felicit\u00f3 a todos los deportistas, entrenadores, familiares y jueces que participaron en esta gran fiesta deportiva.<\/span><\/p>\n<div id=\"viewer-lq2sd139\" class=\"mm8Nw _1j-51 _1FoOD _78FBa public-DraftStyleDefault-block-depth0 fixed-tab-size public-DraftStyleDefault-text-ltr\"><\/div>\n<\/div>\n<\/div>\n<\/div>\n<\/div>\n<\/div>\n<\/div>\n<\/div>\n","protected":false},"excerpt":{"rendered":"<p>#informativoelvalledeaguascalientes #novaradioaguascalientes #ElGiganteDeMexico &nbsp; El Gigante de M\u00e9xico es orgullosamente sede de varias disciplinas de los Nacionales CONADE 2023; una de ellas es la competencia de Mountain-bike en la que participaron m\u00e1s de 100 j\u00f3venes deportistas de diferentes estados de la Rep\u00fablica Mexicana. \u00a0 Al cierre de esta contienda deportiva, la cual se desarroll\u00f3 en [&hellip;]<\/p>\n","protected":false},"author":1,"featured_media":44656,"comment_status":"closed","ping_status":"open","sticky":false,"template":"","format":"standard","meta":{"advanced_seo_description":"","jetpack_seo_html_title":"","jetpack_seo_noindex":false,"_jetpack_memberships_contains_paid_content":false,"footnotes":"","jetpack_publicize_message":"","jetpack_publicize_feature_enabled":true,"jetpack_social_post_already_shared":true,"jetpack_social_options":{"image_generator_settings":{"template":"highway","default_image_id":0,"font":"","enabled":false},"version":2}},"categories":[21,4],"tags":[22,615,113,685],"class_list":["post-44655","post","type-post","status-publish","format-standard","has-post-thumbnail","hentry","category-aguascalientes","category-gobierno-del-estado-aguascalientes","tag-aguascalientes","tag-gobierno-del-estado-de-aguascalientes","tag-idea","tag-nacionales-conade-2023"],"jetpack_publicize_connections":[],"jetpack_featured_media_url":"https:\/\/i0.wp.com\/informativoelvalledeaguascalientes.online\/wp-content\/uploads\/2023\/05\/gob-edo-nac-conade.webp?fit=554%2C419&ssl=1","jetpack-related-posts":[],"jetpack_sharing_enabled":true,"jetpack_likes_enabled":true,"_links":{"self":[{"href":"https:\/\/informativoelvalledeaguascalientes.online\/index.php?rest_route=\/wp\/v2\/posts\/44655","targetHints":{"allow":["GET"]}}],"collection":[{"href":"https:\/\/informativoelvalledeaguascalientes.online\/index.php?rest_route=\/wp\/v2\/posts"}],"about":[{"href":"https:\/\/informativoelvalledeaguascalientes.online\/index.php?rest_route=\/wp\/v2\/types\/post"}],"author":[{"embeddable":true,"href":"https:\/\/informativoelvalledeaguascalientes.online\/index.php?rest_route=\/wp\/v2\/users\/1"}],"replies":[{"embeddable":true,"href":"https:\/\/informativoelvalledeaguascalientes.online\/index.php?rest_route=%2Fwp%2Fv2%2Fcomments&post=44655"}],"version-history":[{"count":1,"href":"https:\/\/informativoelvalledeaguascalientes.online\/index.php?rest_route=\/wp\/v2\/posts\/44655\/revisions"}],"predecessor-version":[{"id":44657,"href":"https:\/\/informativoelvalledeaguascalientes.online\/index.php?rest_route=\/wp\/v2\/posts\/44655\/revisions\/44657"}],"wp:featuredmedia":[{"embeddable":true,"href":"https:\/\/informativoelvalledeaguascalientes.online\/index.php?rest_route=\/wp\/v2\/media\/44656"}],"wp:attachment":[{"href":"https:\/\/informativoelvalledeaguascalientes.online\/index.php?rest_route=%2Fwp%2Fv2%2Fmedia&parent=44655"}],"wp:term":[{"taxonomy":"category","embeddable":true,"href":"https:\/\/informativoelvalledeaguascalientes.online\/index.php?rest_route=%2Fwp%2Fv2%2Fcategories&post=44655"},{"taxonomy":"post_tag","embeddable":true,"href":"https:\/\/informativoelvalledeaguascalientes.online\/index.php?rest_route=%2Fwp%2Fv2%2Ftags&post=44655"}],"curies":[{"name":"wp","href":"https:\/\/api.w.org\/{rel}","templated":true}]}}