{"id":44527,"date":"2023-05-23T09:45:13","date_gmt":"2023-05-23T15:45:13","guid":{"rendered":"https:\/\/informativoelvalledeaguascalientes.online\/?p=44527"},"modified":"2023-05-23T09:45:13","modified_gmt":"2023-05-23T15:45:13","slug":"los-estudiantes-hacen-de-aguascalientes-el-gigante-de-mexico-tere-jimenez","status":"publish","type":"post","link":"https:\/\/informativoelvalledeaguascalientes.online\/?p=44527","title":{"rendered":"LOS ESTUDIANTES HACEN DE AGUASCALIENTES EL GIGANTE DE M\u00c9XICO: TERE JIM\u00c9NEZ"},"content":{"rendered":"<p><strong><a href=\"https:\/\/www.facebook.com\/hashtag\/informativoelvalledeaguascalientes\">#informativoelvalledeaguascalientes<\/a><\/strong><\/p>\n<p><strong><a href=\"https:\/\/www.facebook.com\/hashtag\/novaradioaguascalientes\">#novaradioaguascalientes<\/a><\/strong><\/p>\n<p><strong><a href=\"https:\/\/www.facebook.com\/GobiernodeAguascalientes\">#ElGiganteDeMexico<\/a><\/strong><\/p>\n<p>&nbsp;<\/p>\n<ul class=\"public-DraftStyleDefault-ul\">\n<li id=\"viewer-foo\" class=\"_3Kjjs _78FBa public-DraftStyleDefault-unorderedListItem public-DraftStyleDefault-depth0 public-DraftStyleDefault-list-ltr fixed-tab-size public-DraftStyleDefault-reset _1FoOD _78FBa\">\n<p class=\"_1j-51 _1FoOD _78FBa undefined\"><strong><em>Se han puesto a disposici\u00f3n programas en beneficio de los j\u00f3venes, como becas de movilidad y titulaci\u00f3n, as\u00ed como apoyo a sus emprendimientos<\/em><\/strong><\/p>\n<\/li>\n<li id=\"viewer-wsjpj2238\" class=\"_3Kjjs _78FBa public-DraftStyleDefault-unorderedListItem public-DraftStyleDefault-depth0 public-DraftStyleDefault-list-ltr fixed-tab-size _1FoOD _78FBa\">\n<p class=\"_1j-51 _1FoOD _78FBa undefined\"><strong><em>Los j\u00f3venes son el futuro de nuestra sociedad, hagamos que cumplan lo que sue\u00f1an: TJ<\/em><\/strong><\/p>\n<\/li>\n<\/ul>\n<div id=\"viewer-njet92240\" class=\"mm8Nw _1j-51 _1FoOD _78FBa public-DraftStyleDefault-block-depth0 fixed-tab-size public-DraftStyleDefault-text-ltr\"><span class=\"_2PHJq public-DraftStyleDefault-ltr\">\u00a0<\/span><\/div>\n<p id=\"viewer-hgpco2241\" class=\"mm8Nw _1j-51 _1FoOD _78FBa public-DraftStyleDefault-block-depth0 fixed-tab-size public-DraftStyleDefault-text-ltr\"><span class=\"_2PHJq public-DraftStyleDefault-ltr\">En un macroevento que reuni\u00f3 a m\u00e1s de 1,700 j\u00f3venes, la gobernadora de Aguascalientes, Tere Jim\u00e9nez, encabez\u00f3 el festejo por el D\u00eda del Estudiante en la Universidad\u00a0 Polit\u00e9cnica (UPA).<\/span><\/p>\n<div id=\"viewer-nwfdd2243\" class=\"mm8Nw _1j-51 _1FoOD _78FBa public-DraftStyleDefault-block-depth0 fixed-tab-size public-DraftStyleDefault-text-ltr\"><span class=\"_2PHJq public-DraftStyleDefault-ltr\">\u00a0<\/span><\/div>\n<p id=\"viewer-vbz762244\" class=\"mm8Nw _1j-51 _1FoOD _78FBa public-DraftStyleDefault-block-depth0 fixed-tab-size public-DraftStyleDefault-text-ltr\"><span class=\"_2PHJq public-DraftStyleDefault-ltr\">\u201cSiempre hay que so\u00f1ar en grande; no importa lo que estudien, pero sean los mejores; los necesito triunfantes, af\u00e9rrense a cumplir sus metas. En el Gobierno del Estado estamos para ayudarlos a cumplir lo que se propongan; ahora que est\u00e1n en esta etapa de estudiantes, no retrocedan\u201d, resalt\u00f3 la gobernadora.<\/span><\/p>\n<div id=\"viewer-mztrg2246\" class=\"mm8Nw _1j-51 _1FoOD _78FBa public-DraftStyleDefault-block-depth0 fixed-tab-size public-DraftStyleDefault-text-ltr\"><span class=\"_2PHJq public-DraftStyleDefault-ltr\">\u00a0<\/span><\/div>\n<p id=\"viewer-wk86i2247\" class=\"mm8Nw _1j-51 _1FoOD _78FBa public-DraftStyleDefault-block-depth0 fixed-tab-size public-DraftStyleDefault-text-ltr\"><span class=\"_2PHJq public-DraftStyleDefault-ltr\">A\u00f1adi\u00f3 que en ella, todas y todos tienen una aliada, y que desde su administraci\u00f3n se han puesto a su disposici\u00f3n programas que los beneficien, como becas de movilidad y titulaci\u00f3n, as\u00ed como apoyo a sus emprendimientos.<\/span><\/p>\n<div id=\"viewer-098cn2249\" class=\"mm8Nw _1j-51 _1FoOD _78FBa public-DraftStyleDefault-block-depth0 fixed-tab-size public-DraftStyleDefault-text-ltr\"><span class=\"_2PHJq public-DraftStyleDefault-ltr\">\u00a0<\/span><\/div>\n<p id=\"viewer-01r9t2250\" class=\"mm8Nw _1j-51 _1FoOD _78FBa public-DraftStyleDefault-block-depth0 fixed-tab-size public-DraftStyleDefault-text-ltr\"><span class=\"_2PHJq public-DraftStyleDefault-ltr\">Por su parte, la titular del Instituto Aguascalentense de la Juventud (IAJU), Adriana Rocha Ramos, agradeci\u00f3 la presencia de la gobernadora en este festejo para los estudiantes, pues demuestra que este sector es sumamente importante para ella; aprovech\u00f3 para felicitar a los estudiantes, a quienes dijo: \u201cla vida de estudiante no es f\u00e1cil, pero cada segundo vale la pena\u201d.<\/span><\/p>\n<div id=\"viewer-ls8h32252\" class=\"mm8Nw _1j-51 _1FoOD _78FBa public-DraftStyleDefault-block-depth0 fixed-tab-size public-DraftStyleDefault-text-ltr\"><span class=\"_2PHJq public-DraftStyleDefault-ltr\">\u00a0<\/span><\/div>\n<p id=\"viewer-urcrn2253\" class=\"mm8Nw _1j-51 _1FoOD _78FBa public-DraftStyleDefault-block-depth0 fixed-tab-size public-DraftStyleDefault-text-ltr\"><span class=\"_2PHJq public-DraftStyleDefault-ltr\">En el marco de los festejos, el IAJU realiz\u00f3 diversas actividades para celebrar a los estudiantes de bachilleratos y universidades, como karaoke, juegos mec\u00e1nicos, rifas de laptops, tabletas, bicicletas, y degustaron deliciosos bocadillos.<\/span><\/p>\n<div id=\"viewer-p26so2291\" class=\"mm8Nw _1j-51 _1FoOD _78FBa public-DraftStyleDefault-block-depth0 fixed-tab-size public-DraftStyleDefault-text-ltr\"><span class=\"_2PHJq public-DraftStyleDefault-ltr\">\u00a0<\/span><\/div>\n<p id=\"viewer-xmb732255\" class=\"mm8Nw _1j-51 _1FoOD _78FBa public-DraftStyleDefault-block-depth0 fixed-tab-size public-DraftStyleDefault-text-ltr\"><span class=\"_2PHJq public-DraftStyleDefault-ltr\">En el evento estuvieron presentes Paulo Gonzalo Mart\u00ednez L\u00f3pez, diputado federal; Salvador Maximiliano Ram\u00edrez Hern\u00e1ndez, presidente de la Mesa Directiva del H. Congreso del Estado; Otto Granados Franco, rector de la UPA; Rodrigo Cervantes Medina, director de Desarrollo Juvenil del IAJU, y Karla Vanessa Aguilar Arias, integrante del Consejo Universitario de Aguascalientes.<\/span><\/p>\n","protected":false},"excerpt":{"rendered":"<p>#informativoelvalledeaguascalientes #novaradioaguascalientes #ElGiganteDeMexico &nbsp; Se han puesto a disposici\u00f3n programas en beneficio de los j\u00f3venes, como becas de movilidad y titulaci\u00f3n, as\u00ed como apoyo a sus emprendimientos Los j\u00f3venes son el futuro de nuestra sociedad, hagamos que cumplan lo que sue\u00f1an: TJ \u00a0 En un macroevento que reuni\u00f3 a m\u00e1s de 1,700 j\u00f3venes, la gobernadora [&hellip;]<\/p>\n","protected":false},"author":1,"featured_media":44528,"comment_status":"closed","ping_status":"open","sticky":false,"template":"","format":"standard","meta":{"advanced_seo_description":"","jetpack_seo_html_title":"","jetpack_seo_noindex":false,"_jetpack_memberships_contains_paid_content":false,"footnotes":"","jetpack_publicize_message":"","jetpack_publicize_feature_enabled":true,"jetpack_social_post_already_shared":true,"jetpack_social_options":{"image_generator_settings":{"template":"highway","default_image_id":0,"font":"","enabled":false},"version":2}},"categories":[21,4],"tags":[22,615,35,320],"class_list":["post-44527","post","type-post","status-publish","format-standard","has-post-thumbnail","hentry","category-aguascalientes","category-gobierno-del-estado-aguascalientes","tag-aguascalientes","tag-gobierno-del-estado-de-aguascalientes","tag-iaju","tag-tere-jimenez"],"jetpack_publicize_connections":[],"jetpack_featured_media_url":"https:\/\/i0.wp.com\/informativoelvalledeaguascalientes.online\/wp-content\/uploads\/2023\/05\/gob-edo-tj-estudiantes-dia.webp?fit=715%2C477&ssl=1","jetpack-related-posts":[],"jetpack_sharing_enabled":true,"jetpack_likes_enabled":true,"_links":{"self":[{"href":"https:\/\/informativoelvalledeaguascalientes.online\/index.php?rest_route=\/wp\/v2\/posts\/44527","targetHints":{"allow":["GET"]}}],"collection":[{"href":"https:\/\/informativoelvalledeaguascalientes.online\/index.php?rest_route=\/wp\/v2\/posts"}],"about":[{"href":"https:\/\/informativoelvalledeaguascalientes.online\/index.php?rest_route=\/wp\/v2\/types\/post"}],"author":[{"embeddable":true,"href":"https:\/\/informativoelvalledeaguascalientes.online\/index.php?rest_route=\/wp\/v2\/users\/1"}],"replies":[{"embeddable":true,"href":"https:\/\/informativoelvalledeaguascalientes.online\/index.php?rest_route=%2Fwp%2Fv2%2Fcomments&post=44527"}],"version-history":[{"count":1,"href":"https:\/\/informativoelvalledeaguascalientes.online\/index.php?rest_route=\/wp\/v2\/posts\/44527\/revisions"}],"predecessor-version":[{"id":44529,"href":"https:\/\/informativoelvalledeaguascalientes.online\/index.php?rest_route=\/wp\/v2\/posts\/44527\/revisions\/44529"}],"wp:featuredmedia":[{"embeddable":true,"href":"https:\/\/informativoelvalledeaguascalientes.online\/index.php?rest_route=\/wp\/v2\/media\/44528"}],"wp:attachment":[{"href":"https:\/\/informativoelvalledeaguascalientes.online\/index.php?rest_route=%2Fwp%2Fv2%2Fmedia&parent=44527"}],"wp:term":[{"taxonomy":"category","embeddable":true,"href":"https:\/\/informativoelvalledeaguascalientes.online\/index.php?rest_route=%2Fwp%2Fv2%2Fcategories&post=44527"},{"taxonomy":"post_tag","embeddable":true,"href":"https:\/\/informativoelvalledeaguascalientes.online\/index.php?rest_route=%2Fwp%2Fv2%2Ftags&post=44527"}],"curies":[{"name":"wp","href":"https:\/\/api.w.org\/{rel}","templated":true}]}}