{"id":44523,"date":"2023-05-23T09:41:25","date_gmt":"2023-05-23T15:41:25","guid":{"rendered":"https:\/\/informativoelvalledeaguascalientes.online\/?p=44523"},"modified":"2023-05-23T09:41:25","modified_gmt":"2023-05-23T15:41:25","slug":"impulsara-tere-jimenez-economia-en-municipios-a-traves-del-turismo","status":"publish","type":"post","link":"https:\/\/informativoelvalledeaguascalientes.online\/?p=44523","title":{"rendered":"IMPULSAR\u00c1 TERE JIM\u00c9NEZ ECONOM\u00cdA EN MUNICIPIOS A TRAV\u00c9S DEL TURISMO"},"content":{"rendered":"<p><strong><a href=\"https:\/\/www.facebook.com\/hashtag\/informativoelvalledeaguascalientes\">#informativoelvalledeaguascalientes<\/a><\/strong><\/p>\n<p><strong><a href=\"https:\/\/www.facebook.com\/hashtag\/novaradioaguascalientes\">#novaradioaguascalientes<\/a><\/strong><\/p>\n<p><strong><a href=\"https:\/\/www.facebook.com\/GobiernodeAguascalientes\">#ElGiganteDeMexico<\/a><\/strong><\/p>\n<p>&nbsp;<\/p>\n<ul class=\"public-DraftStyleDefault-ul\">\n<li id=\"viewer-vwfs2130\" class=\"_3Kjjs _78FBa public-DraftStyleDefault-unorderedListItem public-DraftStyleDefault-depth0 public-DraftStyleDefault-list-ltr fixed-tab-size public-DraftStyleDefault-reset _1FoOD _78FBa\">\n<p class=\"_1j-51 _1FoOD _78FBa undefined\"><strong><em>La gobernadora Tere Jim\u00e9nez encabez\u00f3 la reuni\u00f3n mensual de presidentas y presidentes municipales en Calvillo<\/em><\/strong><\/p>\n<\/li>\n<li id=\"viewer-rxxky133\" class=\"_3Kjjs _78FBa public-DraftStyleDefault-unorderedListItem public-DraftStyleDefault-depth0 public-DraftStyleDefault-list-ltr fixed-tab-size _1FoOD _78FBa\">\n<p class=\"_1j-51 _1FoOD _78FBa undefined\"><strong><em>\u201cQueremos que la gente de los municipios aproveche los programas del Gobierno del Estado porque el desarrollo es para todos\u201d: Tere Jim\u00e9nez<\/em><\/strong><\/p>\n<\/li>\n<li id=\"viewer-zf48k136\" class=\"_3Kjjs _78FBa public-DraftStyleDefault-unorderedListItem public-DraftStyleDefault-depth0 public-DraftStyleDefault-list-ltr fixed-tab-size _1FoOD _78FBa\">\n<p class=\"_1j-51 _1FoOD _78FBa undefined\"><strong><em>Adem\u00e1s de consolidar a los Pueblos M\u00e1gicos, se apoyar\u00e1 a los dem\u00e1s municipios para que exploten su potencial tur\u00edstico<\/em><\/strong><\/p>\n<\/li>\n<\/ul>\n<div id=\"viewer-34lua138\" class=\"mm8Nw _1j-51 _1FoOD _78FBa public-DraftStyleDefault-block-depth0 fixed-tab-size public-DraftStyleDefault-text-ltr\"><span class=\"_2PHJq public-DraftStyleDefault-ltr\">\u00a0<\/span><\/div>\n<div id=\"viewer-kiwgl139\" class=\"mm8Nw _1j-51 _1FoOD _78FBa public-DraftStyleDefault-block-depth0 fixed-tab-size public-DraftStyleDefault-text-ltr\"><span class=\"_2PHJq public-DraftStyleDefault-ltr\">\u00a0<\/span><\/div>\n<p id=\"viewer-enwd8140\" class=\"mm8Nw _1j-51 _1FoOD _78FBa public-DraftStyleDefault-block-depth0 fixed-tab-size public-DraftStyleDefault-text-ltr\"><span class=\"_2PHJq public-DraftStyleDefault-ltr\">La gobernadora de Aguascalientes, Tere Jim\u00e9nez, encabez\u00f3 en el municipio de Calvillo la reuni\u00f3n mensual con presidentas y presidentes municipales, donde les present\u00f3 los diferentes programas de fomento al turismo y de apoyo a migrantes que impulsa el Gobierno del Estado, adem\u00e1s de abordar algunos otros temas de inter\u00e9s com\u00fan.<\/span><\/p>\n<div id=\"viewer-nluvu142\" class=\"mm8Nw _1j-51 _1FoOD _78FBa public-DraftStyleDefault-block-depth0 fixed-tab-size public-DraftStyleDefault-text-ltr\"><span class=\"_2PHJq public-DraftStyleDefault-ltr\">\u00a0<\/span><\/div>\n<p id=\"viewer-zm1zb143\" class=\"mm8Nw _1j-51 _1FoOD _78FBa public-DraftStyleDefault-block-depth0 fixed-tab-size public-DraftStyleDefault-text-ltr\"><span class=\"_2PHJq public-DraftStyleDefault-ltr\">&#8220;Es muy importante que aprovechen todos los programas del Gobierno del Estado; ay\u00fadennos a difundirlos para que participe la gente de sus municipios, recuerden que el desarrollo es para todos&#8221;, les dijo la gobernadora a los alcaldes y alcaldesas.<\/span><\/p>\n<div id=\"viewer-37hkm145\" class=\"mm8Nw _1j-51 _1FoOD _78FBa public-DraftStyleDefault-block-depth0 fixed-tab-size public-DraftStyleDefault-text-ltr\"><span class=\"_2PHJq public-DraftStyleDefault-ltr\">\u00a0<\/span><\/div>\n<p id=\"viewer-bzovj146\" class=\"mm8Nw _1j-51 _1FoOD _78FBa public-DraftStyleDefault-block-depth0 fixed-tab-size public-DraftStyleDefault-text-ltr\"><span class=\"_2PHJq public-DraftStyleDefault-ltr\">En ese sentido, destac\u00f3 su inter\u00e9s de posicionar a Aguascalientes ante los ojos del mundo como uno de los mejores lugares de M\u00e9xico para visitar, por lo que reiter\u00f3 su apoyo a las y los presidentes municipales para detonar el potencial tur\u00edstico que tiene cada uno de sus municipios e incrementar as\u00ed la afluencia de visitantes.<\/span><\/p>\n<div id=\"viewer-qoldu148\" class=\"mm8Nw _1j-51 _1FoOD _78FBa public-DraftStyleDefault-block-depth0 fixed-tab-size public-DraftStyleDefault-text-ltr\"><span class=\"_2PHJq public-DraftStyleDefault-ltr\">\u00a0<\/span><\/div>\n<p id=\"viewer-wne9j149\" class=\"mm8Nw _1j-51 _1FoOD _78FBa public-DraftStyleDefault-block-depth0 fixed-tab-size public-DraftStyleDefault-text-ltr\"><span class=\"_2PHJq public-DraftStyleDefault-ltr\">&#8220;Si bien tenemos tres Pueblos M\u00e1gicos que seguiremos impulsando para que se consoliden como importantes polos de atracci\u00f3n tur\u00edstica, en el resto de los municipios tambi\u00e9n promoveremos acciones que les ayuden a posicionarse como lugares atractivos para los visitantes&#8221;, destac\u00f3.<\/span><\/p>\n<div id=\"viewer-r2syb151\" class=\"mm8Nw _1j-51 _1FoOD _78FBa public-DraftStyleDefault-block-depth0 fixed-tab-size public-DraftStyleDefault-text-ltr\"><span class=\"_2PHJq public-DraftStyleDefault-ltr\">\u00a0<\/span><\/div>\n<p id=\"viewer-9qdk3152\" class=\"mm8Nw _1j-51 _1FoOD _78FBa public-DraftStyleDefault-block-depth0 fixed-tab-size public-DraftStyleDefault-text-ltr\"><span class=\"_2PHJq public-DraftStyleDefault-ltr\">Al respecto, Gloria Romo Cuesta, secretaria de Turismo en el Estado,\u00a0 present\u00f3 el programa \u201cSoy Anfitri\u00f3n\u201d, cuyo objetivo es profesionalizar a los prestadores de servicios tur\u00edsticos para que ofrezcan una atenci\u00f3n de calidad a quienes visitan Aguascalientes.<\/span><\/p>\n<div id=\"viewer-0u44y154\" class=\"mm8Nw _1j-51 _1FoOD _78FBa public-DraftStyleDefault-block-depth0 fixed-tab-size public-DraftStyleDefault-text-ltr\"><span class=\"_2PHJq public-DraftStyleDefault-ltr\">\u00a0<\/span><\/div>\n<p id=\"viewer-5fgy3155\" class=\"mm8Nw _1j-51 _1FoOD _78FBa public-DraftStyleDefault-block-depth0 fixed-tab-size public-DraftStyleDefault-text-ltr\"><span class=\"_2PHJq public-DraftStyleDefault-ltr\">La titular de Sectur detall\u00f3 que a trav\u00e9s de esta iniciativa se capacita a personal de primer contacto, como taxistas, restauranteros, operadores tur\u00edsticos, hoteleros, camareros, agencias de viaje, centros recreativos, centros del descanso, valet parking, polic\u00edas, gu\u00edas tur\u00edsticos, as\u00ed como a servidores p\u00fablicos, en temas que les ayuden a ser mejores anfitriones, por lo que invit\u00f3 a las y los alcaldes a sumarse.<\/span><\/p>\n<div id=\"viewer-dnpzl157\" class=\"mm8Nw _1j-51 _1FoOD _78FBa public-DraftStyleDefault-block-depth0 fixed-tab-size public-DraftStyleDefault-text-ltr\"><span class=\"_2PHJq public-DraftStyleDefault-ltr\">\u00a0<\/span><\/div>\n<p id=\"viewer-a9gf4158\" class=\"mm8Nw _1j-51 _1FoOD _78FBa public-DraftStyleDefault-block-depth0 fixed-tab-size public-DraftStyleDefault-text-ltr\"><span class=\"_2PHJq public-DraftStyleDefault-ltr\">Al referirse al tema de migrantes, Tere Jim\u00e9nez hizo hincapi\u00e9 en que su pol\u00edtica de apoyo a este sector se mantiene como asunto prioritario para su administraci\u00f3n; prueba de ello, dijo, es la creaci\u00f3n del Instituto Aguascalentense de las Personas Migrantes (IAPEMI); la apertura de la primera Oficina de Atenci\u00f3n al Migrante de Aguascalientes en los Estados Unidos; adem\u00e1s del programa \u201cReencontrando Corazones\u201d, que permite unir a migrantes con sus familiares, despu\u00e9s de muchos a\u00f1os de no verse.<\/span><\/p>\n<div id=\"viewer-cmctq160\" class=\"mm8Nw _1j-51 _1FoOD _78FBa public-DraftStyleDefault-block-depth0 fixed-tab-size public-DraftStyleDefault-text-ltr\"><span class=\"_2PHJq public-DraftStyleDefault-ltr\">\u00a0<\/span><\/div>\n<p id=\"viewer-kuwg1161\" class=\"mm8Nw _1j-51 _1FoOD _78FBa public-DraftStyleDefault-block-depth0 fixed-tab-size public-DraftStyleDefault-text-ltr\"><span class=\"_2PHJq public-DraftStyleDefault-ltr\">Asimismo, Natzielly Rodr\u00edguez Calzada, directora general del IAPEMI, adelant\u00f3 que ya se trabaja en un nuevo programa de apoyo a migrantes que en breve se dar\u00e1 a conocer oficialmente y que contempla la participaci\u00f3n del Gobierno del Estado, de los municipios y de los propios connacionales que trabajan en la Uni\u00f3n Americana.<\/span><\/p>\n<div id=\"viewer-dar1s163\" class=\"mm8Nw _1j-51 _1FoOD _78FBa public-DraftStyleDefault-block-depth0 fixed-tab-size public-DraftStyleDefault-text-ltr\"><span class=\"_2PHJq public-DraftStyleDefault-ltr\">\u00a0<\/span><\/div>\n<p id=\"viewer-5uvgw164\" class=\"mm8Nw _1j-51 _1FoOD _78FBa public-DraftStyleDefault-block-depth0 fixed-tab-size public-DraftStyleDefault-text-ltr\"><span class=\"_2PHJq public-DraftStyleDefault-ltr\">En el encuentro se cont\u00f3 con la participaci\u00f3n de las y los alcaldes de los 11 municipios, as\u00ed como del secretario de Planeaci\u00f3n, Participaci\u00f3n y Desarrollo del Estado, Guillermo de la Torre Sifuentes.<\/span><\/p>\n<div id=\"viewer-3rswn166\" class=\"mm8Nw _1j-51 _1FoOD _3M0Fe public-DraftStyleDefault-block-depth0 fixed-tab-size public-DraftStyleDefault-text-ltr\"><\/div>\n","protected":false},"excerpt":{"rendered":"<p>#informativoelvalledeaguascalientes #novaradioaguascalientes #ElGiganteDeMexico &nbsp; La gobernadora Tere Jim\u00e9nez encabez\u00f3 la reuni\u00f3n mensual de presidentas y presidentes municipales en Calvillo \u201cQueremos que la gente de los municipios aproveche los programas del Gobierno del Estado porque el desarrollo es para todos\u201d: Tere Jim\u00e9nez Adem\u00e1s de consolidar a los Pueblos M\u00e1gicos, se apoyar\u00e1 a los dem\u00e1s municipios para [&hellip;]<\/p>\n","protected":false},"author":1,"featured_media":44521,"comment_status":"closed","ping_status":"open","sticky":false,"template":"","format":"standard","meta":{"advanced_seo_description":"","jetpack_seo_html_title":"","jetpack_seo_noindex":false,"_jetpack_memberships_contains_paid_content":false,"footnotes":"","jetpack_publicize_message":"","jetpack_publicize_feature_enabled":true,"jetpack_social_post_already_shared":true,"jetpack_social_options":{"image_generator_settings":{"template":"highway","default_image_id":0,"font":"","enabled":false},"version":2}},"categories":[21,4],"tags":[22,88,29,615,34,320],"class_list":["post-44523","post","type-post","status-publish","format-standard","has-post-thumbnail","hentry","category-aguascalientes","category-gobierno-del-estado-aguascalientes","tag-aguascalientes","tag-calvillo","tag-calvillo-aguascalientes","tag-gobierno-del-estado-de-aguascalientes","tag-sectur","tag-tere-jimenez"],"jetpack_publicize_connections":[],"jetpack_featured_media_url":"https:\/\/i0.wp.com\/informativoelvalledeaguascalientes.online\/wp-content\/uploads\/2023\/05\/gob-edo-tj-alcaldes.webp?fit=630%2C420&ssl=1","jetpack-related-posts":[],"jetpack_sharing_enabled":true,"jetpack_likes_enabled":true,"_links":{"self":[{"href":"https:\/\/informativoelvalledeaguascalientes.online\/index.php?rest_route=\/wp\/v2\/posts\/44523","targetHints":{"allow":["GET"]}}],"collection":[{"href":"https:\/\/informativoelvalledeaguascalientes.online\/index.php?rest_route=\/wp\/v2\/posts"}],"about":[{"href":"https:\/\/informativoelvalledeaguascalientes.online\/index.php?rest_route=\/wp\/v2\/types\/post"}],"author":[{"embeddable":true,"href":"https:\/\/informativoelvalledeaguascalientes.online\/index.php?rest_route=\/wp\/v2\/users\/1"}],"replies":[{"embeddable":true,"href":"https:\/\/informativoelvalledeaguascalientes.online\/index.php?rest_route=%2Fwp%2Fv2%2Fcomments&post=44523"}],"version-history":[{"count":1,"href":"https:\/\/informativoelvalledeaguascalientes.online\/index.php?rest_route=\/wp\/v2\/posts\/44523\/revisions"}],"predecessor-version":[{"id":44526,"href":"https:\/\/informativoelvalledeaguascalientes.online\/index.php?rest_route=\/wp\/v2\/posts\/44523\/revisions\/44526"}],"wp:featuredmedia":[{"embeddable":true,"href":"https:\/\/informativoelvalledeaguascalientes.online\/index.php?rest_route=\/wp\/v2\/media\/44521"}],"wp:attachment":[{"href":"https:\/\/informativoelvalledeaguascalientes.online\/index.php?rest_route=%2Fwp%2Fv2%2Fmedia&parent=44523"}],"wp:term":[{"taxonomy":"category","embeddable":true,"href":"https:\/\/informativoelvalledeaguascalientes.online\/index.php?rest_route=%2Fwp%2Fv2%2Fcategories&post=44523"},{"taxonomy":"post_tag","embeddable":true,"href":"https:\/\/informativoelvalledeaguascalientes.online\/index.php?rest_route=%2Fwp%2Fv2%2Ftags&post=44523"}],"curies":[{"name":"wp","href":"https:\/\/api.w.org\/{rel}","templated":true}]}}