{"id":44509,"date":"2023-05-23T00:32:45","date_gmt":"2023-05-23T06:32:45","guid":{"rendered":"https:\/\/informativoelvalledeaguascalientes.online\/?p=44509"},"modified":"2023-05-23T00:32:45","modified_gmt":"2023-05-23T06:32:45","slug":"llevara-a-cabo-municipio-aguascalientes-la-brigada-por-la-salud-de-las-mujeres","status":"publish","type":"post","link":"https:\/\/informativoelvalledeaguascalientes.online\/?p=44509","title":{"rendered":"LLEVAR\u00c1 A CABO MUNICIPIO AGUASCALIENTES LA BRIGADA POR LA SALUD DE LAS MUJERES"},"content":{"rendered":"<p><strong><a href=\"https:\/\/www.facebook.com\/hashtag\/informativoelvalledeaguascalientes\">#informativoelvalledeaguascalientes<\/a><\/strong><\/p>\n<p><strong><a href=\"https:\/\/www.facebook.com\/hashtag\/novaradioaguascalientes\">#novaradioaguascalientes<\/a><\/strong><\/p>\n<p><strong><a class=\"x1i10hfl xjbqb8w x6umtig x1b1mbwd xaqea5y xav7gou x9f619 x1ypdohk xt0psk2 xe8uvvx xdj266r x11i5rnm xat24cr x1mh8g0r xexx8yu x4uap5 x18d9i69 xkhd6sd x16tdsg8 x1hl2dhg xggy1nq x1a2a7pz xt0b8zv x1qq9wsj xo1l8bm\" tabindex=\"0\" role=\"link\" href=\"https:\/\/www.facebook.com\/hashtag\/laciudaddetuvida?__eep__=6&amp;__cft__[0]=AZVUzG-uzEgkHBxlWi4clX4-qXx_nfGicugdShvx3oYxvDeUIl1My5bfFXiXTmVU7O9FCNwHdVuQiVqIjO99-u7dxeUq1S3CqcB1PNpBXLQtm-Q1JLiRFFX8c4SEMe3VqRRgSs9kS8-Ajp6HnW6ebLd3GeB3j-SCsEGrTUVXz1WdbDeQs8bs0Dry33nLaV6fVU4&amp;__tn__=*NK-R\">#LaCiudadDeTuVida<\/a><\/strong><\/p>\n<p>&nbsp;<\/p>\n<ul>\n<li><strong>Se efectuar\u00e1 el jueves 25 de mayo en el sal\u00f3n ejidal de Salto de los Salado, de 09:00 a 13:00 horas con diversos servicios de salud y educativos<\/strong><\/li>\n<\/ul>\n<p>El Instituto Municipal de la Mujer de Aguascalientes (IMMA) llevar\u00e1 a cabo la Brigada por la Salud de las Mujeres este jueves 25 de mayo, de 09:00 a 13:00 horas en el sal\u00f3n ejidal de la comunidad Salto de los Salado, en donde se ofrecer\u00e1n diversos servicios m\u00e9dicos, sociales y educativos.<\/p>\n<p>La encargada de despacho del IMMA,\u00a0<strong>Ana Paola Guti\u00e9rrez Ruiz Esparza<\/strong>, mencion\u00f3 que a trav\u00e9s del programa IMMA en tu Delegaci\u00f3n se llevan estos beneficios a m\u00e1s mujeres como asesor\u00edas jur\u00eddicas y psicol\u00f3gicas y se trabaja en colaboraci\u00f3n con otras dependencias como el DIF Municipal, la Coordinaci\u00f3n General de Delegaciones Urbanas y Rurales y con el Instituto para la Educaci\u00f3n de las Personas J\u00f3venes y Adultas (Inepja) que ofrecer\u00e1 ofertas educativas para hombres y mujeres mayores de 15 a\u00f1os que deseen terminar la primaria o secundaria..<\/p>\n<p>Mencion\u00f3 que se contar\u00e1 con servicios de m\u00e9dico general y Papanicolaou para mujeres de 24 a 34 a\u00f1os, para lo cual deber\u00e1n llevar la CURP impresa. Se contar\u00e1 adem\u00e1s con la presencia de laboratorios particulares con pases de descuento para diversos estudios m\u00e9dicos.<\/p>\n<p>Con estos acercamientos se captan las necesidades de cada una de las mujeres de las comunidades y se acercan los servicios para quienes se les dificulta trasladarse a la ciudad y se les brinda asesor\u00eda en materia familiar, civil y agraria.<\/p>\n<p>Indic\u00f3 que el sal\u00f3n ejidal se ubica en la calle Emiliano Zapata s\/n y para solicitar mayores informes puso a disposici\u00f3n el n\u00famero telef\u00f3nico 449 916 3610 extensi\u00f3n 104.<\/p>\n","protected":false},"excerpt":{"rendered":"<p>#informativoelvalledeaguascalientes #novaradioaguascalientes #LaCiudadDeTuVida &nbsp; Se efectuar\u00e1 el jueves 25 de mayo en el sal\u00f3n ejidal de Salto de los Salado, de 09:00 a 13:00 horas con diversos servicios de salud y educativos El Instituto Municipal de la Mujer de Aguascalientes (IMMA) llevar\u00e1 a cabo la Brigada por la Salud de las Mujeres este jueves 25 [&hellip;]<\/p>\n","protected":false},"author":1,"featured_media":44510,"comment_status":"closed","ping_status":"open","sticky":false,"template":"","format":"standard","meta":{"advanced_seo_description":"","jetpack_seo_html_title":"","jetpack_seo_noindex":false,"_jetpack_memberships_contains_paid_content":false,"footnotes":"","jetpack_publicize_message":"","jetpack_publicize_feature_enabled":true,"jetpack_social_post_already_shared":true,"jetpack_social_options":{"image_generator_settings":{"template":"highway","default_image_id":0,"font":"","enabled":false},"version":2}},"categories":[21,3],"tags":[22,25,132],"class_list":["post-44509","post","type-post","status-publish","format-standard","has-post-thumbnail","hentry","category-aguascalientes","category-municipio-aguascalientes","tag-aguascalientes","tag-mpio-aguascalientes","tag-mpio-aguascalientes-imma"],"jetpack_publicize_connections":[],"jetpack_featured_media_url":"https:\/\/i0.wp.com\/informativoelvalledeaguascalientes.online\/wp-content\/uploads\/2023\/05\/mpio-ags-imma-1.jpeg?fit=1600%2C1600&ssl=1","jetpack-related-posts":[],"jetpack_sharing_enabled":true,"jetpack_likes_enabled":true,"_links":{"self":[{"href":"https:\/\/informativoelvalledeaguascalientes.online\/index.php?rest_route=\/wp\/v2\/posts\/44509","targetHints":{"allow":["GET"]}}],"collection":[{"href":"https:\/\/informativoelvalledeaguascalientes.online\/index.php?rest_route=\/wp\/v2\/posts"}],"about":[{"href":"https:\/\/informativoelvalledeaguascalientes.online\/index.php?rest_route=\/wp\/v2\/types\/post"}],"author":[{"embeddable":true,"href":"https:\/\/informativoelvalledeaguascalientes.online\/index.php?rest_route=\/wp\/v2\/users\/1"}],"replies":[{"embeddable":true,"href":"https:\/\/informativoelvalledeaguascalientes.online\/index.php?rest_route=%2Fwp%2Fv2%2Fcomments&post=44509"}],"version-history":[{"count":1,"href":"https:\/\/informativoelvalledeaguascalientes.online\/index.php?rest_route=\/wp\/v2\/posts\/44509\/revisions"}],"predecessor-version":[{"id":44511,"href":"https:\/\/informativoelvalledeaguascalientes.online\/index.php?rest_route=\/wp\/v2\/posts\/44509\/revisions\/44511"}],"wp:featuredmedia":[{"embeddable":true,"href":"https:\/\/informativoelvalledeaguascalientes.online\/index.php?rest_route=\/wp\/v2\/media\/44510"}],"wp:attachment":[{"href":"https:\/\/informativoelvalledeaguascalientes.online\/index.php?rest_route=%2Fwp%2Fv2%2Fmedia&parent=44509"}],"wp:term":[{"taxonomy":"category","embeddable":true,"href":"https:\/\/informativoelvalledeaguascalientes.online\/index.php?rest_route=%2Fwp%2Fv2%2Fcategories&post=44509"},{"taxonomy":"post_tag","embeddable":true,"href":"https:\/\/informativoelvalledeaguascalientes.online\/index.php?rest_route=%2Fwp%2Fv2%2Ftags&post=44509"}],"curies":[{"name":"wp","href":"https:\/\/api.w.org\/{rel}","templated":true}]}}