{"id":4411,"date":"2020-03-20T18:14:48","date_gmt":"2020-03-21T00:14:48","guid":{"rendered":"https:\/\/informativoelvalledeaguascalientes.online\/?p=4411"},"modified":"2020-03-20T18:14:48","modified_gmt":"2020-03-21T00:14:48","slug":"en-el-pri-se-reducen-actividades-partidarias-como-medida-responsable-sanitaria-herminio-ventura","status":"publish","type":"post","link":"https:\/\/informativoelvalledeaguascalientes.online\/?p=4411","title":{"rendered":"EN EL PRI SE REDUCEN ACTIVIDADES PARTIDARIAS COMO MEDIDA RESPONSABLE SANITARIA: HERMINIO VENTURA"},"content":{"rendered":"<p style=\"font-weight: 400;\">Con el fin de contribuir de manera responsable a los protocolos y medidas sanitarias con las autoridades del sector salud por el tema Coronavirus, el Comit\u00e9 Directivo Estatal del PRI, disminuye al m\u00ednimo actividades partidistas.<\/p>\n<p style=\"font-weight: 400;\">\n<p style=\"font-weight: 400;\">El presidente del CDE del PRI, Herminio Ventura Rodr\u00edguez, inform\u00f3 que se decide la medida, con el fin de contribuir de manera responsable con la salud y evitar que las personas seamos veh\u00edculos de transmisi\u00f3n del COVID-19, entre los colaboradores del instituto pol\u00edtico y la poblaci\u00f3n de Aguascalientes que acude al edificio a realizar gestiones.<\/p>\n<p style=\"font-weight: 400;\">\n<p style=\"font-weight: 400;\">El profesor Herminio Ventura, inform\u00f3 adem\u00e1s que, en consenso con el Comit\u00e9 Ejecutivo Nacional del PRI, se suspenden y hasta nuevo aviso, todos los actos y eventos pol\u00edticos que impliquen la concentraci\u00f3n de personas en el Estado.<\/p>\n<p style=\"font-weight: 400;\">\n<p style=\"font-weight: 400;\">\u00danicamente estar\u00e1n laborando guardias generales de intendencia y vigilancia en los horarios de oficina para recibir en el edificio sede del PRI, documentaci\u00f3n oficial y tr\u00e1mites de las \u00e1reas correspondientes.<\/p>\n<p style=\"font-weight: 400;\">\n<p style=\"font-weight: 400;\">Con el actuar de manera responsable, en el PRI Aguascalientes aportamos a que la pandemia de Coronavirus afecte lo menos posible a las familias mexicanas. Entendemos la responsabilidad que tenemos como partido, y a su vez aportar nuestra contribuci\u00f3n para contener la propagaci\u00f3n del Coronavirus COVID-19, entre nuestros colaboradores, sus familias y la poblaci\u00f3n en general.<\/p>\n<p style=\"font-weight: 400;\">\n<p style=\"font-weight: 400;\">Sabemos que es vital atender las indicaciones de las autoridades sanitarias para aminorar el da\u00f1o que la pandemia pueda generar a nuestro Estado y pa\u00eds.<\/p>\n<p style=\"font-weight: 400;\">\n<p style=\"font-weight: 400;\">Desde el PRI en todo M\u00e9xico, consideramos que la pandemia por el COVID-19, no debe ser tomada a la ligera, y deben reforzarse de inmediato las medidas preventivas para evitar su propagaci\u00f3n, adem\u00e1s de que la poblaci\u00f3n debemos aportar con nuestra responsabilidad a la prioridad de todos los gobiernos, en todos los niveles que es la de: garantizar la salud de los mexicanos.<\/p>\n","protected":false},"excerpt":{"rendered":"<p>Con el fin de contribuir de manera responsable a los protocolos y medidas sanitarias con las autoridades del sector salud por el tema Coronavirus, el Comit\u00e9 Directivo Estatal del PRI, disminuye al m\u00ednimo actividades partidistas. El presidente del CDE del PRI, Herminio Ventura Rodr\u00edguez, inform\u00f3 que se decide la medida, con el fin de contribuir [&hellip;]<\/p>\n","protected":false},"author":1,"featured_media":4412,"comment_status":"closed","ping_status":"open","sticky":false,"template":"","format":"standard","meta":{"advanced_seo_description":"","jetpack_seo_html_title":"","jetpack_seo_noindex":false,"_jetpack_memberships_contains_paid_content":false,"footnotes":"","jetpack_publicize_message":"","jetpack_publicize_feature_enabled":true,"jetpack_social_post_already_shared":true,"jetpack_social_options":{"image_generator_settings":{"template":"highway","default_image_id":0,"font":"","enabled":false},"version":2}},"categories":[21,6,9],"tags":[33],"class_list":["post-4411","post","type-post","status-publish","format-standard","has-post-thumbnail","hentry","category-aguascalientes","category-partidos-politicos","category-pri-aguascalientes","tag-pri-aguascalientes-cde"],"jetpack_publicize_connections":[],"jetpack_featured_media_url":"https:\/\/i0.wp.com\/informativoelvalledeaguascalientes.online\/wp-content\/uploads\/2020\/03\/pri_ags_cde_20032020.jpg?fit=875%2C582&ssl=1","jetpack-related-posts":[],"jetpack_sharing_enabled":true,"jetpack_likes_enabled":true,"_links":{"self":[{"href":"https:\/\/informativoelvalledeaguascalientes.online\/index.php?rest_route=\/wp\/v2\/posts\/4411","targetHints":{"allow":["GET"]}}],"collection":[{"href":"https:\/\/informativoelvalledeaguascalientes.online\/index.php?rest_route=\/wp\/v2\/posts"}],"about":[{"href":"https:\/\/informativoelvalledeaguascalientes.online\/index.php?rest_route=\/wp\/v2\/types\/post"}],"author":[{"embeddable":true,"href":"https:\/\/informativoelvalledeaguascalientes.online\/index.php?rest_route=\/wp\/v2\/users\/1"}],"replies":[{"embeddable":true,"href":"https:\/\/informativoelvalledeaguascalientes.online\/index.php?rest_route=%2Fwp%2Fv2%2Fcomments&post=4411"}],"version-history":[{"count":1,"href":"https:\/\/informativoelvalledeaguascalientes.online\/index.php?rest_route=\/wp\/v2\/posts\/4411\/revisions"}],"predecessor-version":[{"id":4413,"href":"https:\/\/informativoelvalledeaguascalientes.online\/index.php?rest_route=\/wp\/v2\/posts\/4411\/revisions\/4413"}],"wp:featuredmedia":[{"embeddable":true,"href":"https:\/\/informativoelvalledeaguascalientes.online\/index.php?rest_route=\/wp\/v2\/media\/4412"}],"wp:attachment":[{"href":"https:\/\/informativoelvalledeaguascalientes.online\/index.php?rest_route=%2Fwp%2Fv2%2Fmedia&parent=4411"}],"wp:term":[{"taxonomy":"category","embeddable":true,"href":"https:\/\/informativoelvalledeaguascalientes.online\/index.php?rest_route=%2Fwp%2Fv2%2Fcategories&post=4411"},{"taxonomy":"post_tag","embeddable":true,"href":"https:\/\/informativoelvalledeaguascalientes.online\/index.php?rest_route=%2Fwp%2Fv2%2Ftags&post=4411"}],"curies":[{"name":"wp","href":"https:\/\/api.w.org\/{rel}","templated":true}]}}