{"id":43993,"date":"2023-05-13T22:15:02","date_gmt":"2023-05-14T04:15:02","guid":{"rendered":"https:\/\/informativoelvalledeaguascalientes.online\/?p=43993"},"modified":"2023-05-13T22:15:02","modified_gmt":"2023-05-14T04:15:02","slug":"conducia-una-motocicleta-robada-y-fue-detenido-sspe-ags","status":"publish","type":"post","link":"https:\/\/informativoelvalledeaguascalientes.online\/?p=43993","title":{"rendered":"Conduc\u00eda una motocicleta robada y fue detenido: SSPE Ags."},"content":{"rendered":"<p><strong><a href=\"https:\/\/www.facebook.com\/hashtag\/informativoelvalledeaguascalientes\">#informativoelvalledeaguascalientes<\/a><\/strong><\/p>\n<p><strong><a href=\"https:\/\/www.facebook.com\/hashtag\/novaradioaguascalientes\">#novaradioaguascalientes<\/a><\/strong><\/p>\n<p><strong><a href=\"https:\/\/www.facebook.com\/GobiernodeAguascalientes\">#ElGiganteDeMexico<\/a><\/strong><\/p>\n<p>&nbsp;<\/p>\n<p>En calles del fraccionamiento Villa Loma Dorada, polic\u00edas estatales llevaron a cabo la detenci\u00f3n de Ricardo, de Jes\u00fas, de 30 a\u00f1os, debido a que conduc\u00eda una motocicleta que fue reportada como robada hace unos d\u00edas, tanto el conductor como la unidad quedaron a disposici\u00f3n de la Fiscal\u00eda General del Estado.<\/p>\n<p>Polic\u00edas estatales efectuaban sus labores de vigilancia cuando al desplazarse por la calle Villa del Prado detectaron en circulaci\u00f3n una motocicleta de la marca Yamaha YZF-R15, color azul, modelo 2022, con placas del estado de Aguascalientes, cuyo conductor no portaba el casco, por lo cual le marcaron el alto.<\/p>\n<p>Tras hacerle saber que el uso de dicho dispositivo era obligatorio, los uniformados procedieron a consultar los datos de la motocicleta en el C5i, de manera que se conoci\u00f3 que contaba con reporte de robo vigente, por lo que fue asegurada en tanto el motociclista fue detenido.<\/p>\n","protected":false},"excerpt":{"rendered":"<p>#informativoelvalledeaguascalientes #novaradioaguascalientes #ElGiganteDeMexico &nbsp; En calles del fraccionamiento Villa Loma Dorada, polic\u00edas estatales llevaron a cabo la detenci\u00f3n de Ricardo, de Jes\u00fas, de 30 a\u00f1os, debido a que conduc\u00eda una motocicleta que fue reportada como robada hace unos d\u00edas, tanto el conductor como la unidad quedaron a disposici\u00f3n de la Fiscal\u00eda General del Estado. Polic\u00edas [&hellip;]<\/p>\n","protected":false},"author":1,"featured_media":43994,"comment_status":"closed","ping_status":"open","sticky":false,"template":"","format":"standard","meta":{"advanced_seo_description":"","jetpack_seo_html_title":"","jetpack_seo_noindex":false,"_jetpack_memberships_contains_paid_content":false,"footnotes":"","jetpack_publicize_message":"","jetpack_publicize_feature_enabled":true,"jetpack_social_post_already_shared":true,"jetpack_social_options":{"image_generator_settings":{"template":"highway","default_image_id":0,"font":"","enabled":false},"version":2}},"categories":[21,4],"tags":[22,615,122],"class_list":["post-43993","post","type-post","status-publish","format-standard","has-post-thumbnail","hentry","category-aguascalientes","category-gobierno-del-estado-aguascalientes","tag-aguascalientes","tag-gobierno-del-estado-de-aguascalientes","tag-sspe-aguascalientes"],"jetpack_publicize_connections":[],"jetpack_featured_media_url":"https:\/\/i0.wp.com\/informativoelvalledeaguascalientes.online\/wp-content\/uploads\/2023\/05\/sspe-ags-moto-robada-1.jpg?fit=525%2C286&ssl=1","jetpack-related-posts":[],"jetpack_sharing_enabled":true,"jetpack_likes_enabled":true,"_links":{"self":[{"href":"https:\/\/informativoelvalledeaguascalientes.online\/index.php?rest_route=\/wp\/v2\/posts\/43993","targetHints":{"allow":["GET"]}}],"collection":[{"href":"https:\/\/informativoelvalledeaguascalientes.online\/index.php?rest_route=\/wp\/v2\/posts"}],"about":[{"href":"https:\/\/informativoelvalledeaguascalientes.online\/index.php?rest_route=\/wp\/v2\/types\/post"}],"author":[{"embeddable":true,"href":"https:\/\/informativoelvalledeaguascalientes.online\/index.php?rest_route=\/wp\/v2\/users\/1"}],"replies":[{"embeddable":true,"href":"https:\/\/informativoelvalledeaguascalientes.online\/index.php?rest_route=%2Fwp%2Fv2%2Fcomments&post=43993"}],"version-history":[{"count":1,"href":"https:\/\/informativoelvalledeaguascalientes.online\/index.php?rest_route=\/wp\/v2\/posts\/43993\/revisions"}],"predecessor-version":[{"id":43995,"href":"https:\/\/informativoelvalledeaguascalientes.online\/index.php?rest_route=\/wp\/v2\/posts\/43993\/revisions\/43995"}],"wp:featuredmedia":[{"embeddable":true,"href":"https:\/\/informativoelvalledeaguascalientes.online\/index.php?rest_route=\/wp\/v2\/media\/43994"}],"wp:attachment":[{"href":"https:\/\/informativoelvalledeaguascalientes.online\/index.php?rest_route=%2Fwp%2Fv2%2Fmedia&parent=43993"}],"wp:term":[{"taxonomy":"category","embeddable":true,"href":"https:\/\/informativoelvalledeaguascalientes.online\/index.php?rest_route=%2Fwp%2Fv2%2Fcategories&post=43993"},{"taxonomy":"post_tag","embeddable":true,"href":"https:\/\/informativoelvalledeaguascalientes.online\/index.php?rest_route=%2Fwp%2Fv2%2Ftags&post=43993"}],"curies":[{"name":"wp","href":"https:\/\/api.w.org\/{rel}","templated":true}]}}