{"id":4398,"date":"2020-03-20T17:41:25","date_gmt":"2020-03-20T23:41:25","guid":{"rendered":"https:\/\/informativoelvalledeaguascalientes.online\/?p=4398"},"modified":"2020-03-20T17:41:25","modified_gmt":"2020-03-20T23:41:25","slug":"mercados-y-tianguis-trabajaran-con-medidas-especiales-de-higiene","status":"publish","type":"post","link":"https:\/\/informativoelvalledeaguascalientes.online\/?p=4398","title":{"rendered":"MERCADOS Y TIANGUIS TRABAJAR\u00c1N CON MEDIDAS ESPECIALES DE HIGIENE"},"content":{"rendered":"<div class=\"opinion-section opinion-single-cover opinion-indent opinion-overlay\">\n<div class=\"container\">\n<div class=\"section-head row justify-content-center text-center\">\n<div class=\"col-12 col-md-8\"><\/div>\n<\/div>\n<\/div>\n<\/div>\n<div class=\"opinion-section\">\n<div class=\"container\">\n<div class=\"section-content row justify-content-center\">\n<div class=\"col-12 col-lg-8 opinion-order-1\">\n<article class=\"opinion-post opinion-single post-14516 post type-post status-publish format-standard has-post-thumbnail hentry category-mercados category-prevencion\">\n<div class=\"entry-content\">\n<ul>\n<li><strong>Por el momento no habr\u00e1 cierre ni suspensi\u00f3n de labores, solo se tomar\u00e1n precauciones para cuidar la salud de la ciudadan\u00eda y comerciantes<\/strong><\/li>\n<\/ul>\n<p>En reuni\u00f3n efectuada con comerciantes de Mercados y Tianguis y autoridades sanitarias, el Director de Mercados, Estacionamientos y \u00c1reas Comerciales del Ayuntamiento de Aguascalientes,\u00a0<strong>Israel D\u00edaz Garc\u00eda<\/strong>, dijo que estos espacios no \u00a0cerrar\u00e1n, ni suspender\u00e1n labores, sino que se tomar\u00e1n medidas especiales para cuidar la salud de la poblaci\u00f3n y evitar la propagaci\u00f3n del COVID-19 (coronavirus).<\/p>\n<p>Indic\u00f3 que la alcaldesa\u00a0<strong>Tere Jim\u00e9nez<\/strong>\u00a0ha dispuesto que se refuercen los cuidados para que los comerciantes y las personas que realizan compras est\u00e9n m\u00e1s seguros y\u00a0 con este esquema preventivo\u00a0puedan\u00a0continuar trabajando.<\/p>\n<p>Asistieron el Director de Salud P\u00fablica del Municipio\u00a0<strong>Federico Moreno Flores<\/strong>\u00a0y el Director de Regulaci\u00f3n Sanitaria de la Secretar\u00eda de Salud del Estado de Aguascalientes (ISSEA)\u00a0<strong>Octavio Jim\u00e9nez Mac\u00edas<\/strong>, con quienes se mantiene estrecha coordinaci\u00f3n.<\/p>\n<p>Durante la reuni\u00f3n se les proporcion\u00f3 suficiente gel antibacterial, cubrebocas, botes para basura, as\u00ed como agua y jab\u00f3n para el constante lavado de manos.<\/p>\n<p>Se acord\u00f3 tambi\u00e9n que los vendedores de alimentos preparados solo podr\u00e1n ofrecer servicio para llevar.<\/p>\n<p>Se hizo la recomendaci\u00f3n a los locatarios y a la ciudadan\u00eda en general de realizar las compras de manera r\u00e1pida y permanecer lo menos posible en los mercados y que de encontrarse enfermos no acudan para no poner en riesgo a otras personas.<\/p>\n<\/div>\n<\/article>\n<\/div>\n<\/div>\n<\/div>\n<\/div>\n","protected":false},"excerpt":{"rendered":"<p>Por el momento no habr\u00e1 cierre ni suspensi\u00f3n de labores, solo se tomar\u00e1n precauciones para cuidar la salud de la ciudadan\u00eda y comerciantes En reuni\u00f3n efectuada con comerciantes de Mercados y Tianguis y autoridades sanitarias, el Director de Mercados, Estacionamientos y \u00c1reas Comerciales del Ayuntamiento de Aguascalientes,\u00a0Israel D\u00edaz Garc\u00eda, dijo que estos espacios no \u00a0cerrar\u00e1n, [&hellip;]<\/p>\n","protected":false},"author":1,"featured_media":4399,"comment_status":"closed","ping_status":"open","sticky":false,"template":"","format":"standard","meta":{"advanced_seo_description":"","jetpack_seo_html_title":"","jetpack_seo_noindex":false,"_jetpack_memberships_contains_paid_content":false,"footnotes":"","jetpack_publicize_message":"","jetpack_publicize_feature_enabled":true,"jetpack_social_post_already_shared":true,"jetpack_social_options":{"image_generator_settings":{"template":"highway","default_image_id":0,"font":"","enabled":false},"version":2}},"categories":[21,3],"tags":[22,25],"class_list":["post-4398","post","type-post","status-publish","format-standard","has-post-thumbnail","hentry","category-aguascalientes","category-municipio-aguascalientes","tag-aguascalientes","tag-mpio-aguascalientes"],"jetpack_publicize_connections":[],"jetpack_featured_media_url":"https:\/\/i0.wp.com\/informativoelvalledeaguascalientes.online\/wp-content\/uploads\/2020\/03\/mpio_ags_mercados_20032020.jpg?fit=1024%2C683&ssl=1","jetpack-related-posts":[],"jetpack_sharing_enabled":true,"jetpack_likes_enabled":true,"_links":{"self":[{"href":"https:\/\/informativoelvalledeaguascalientes.online\/index.php?rest_route=\/wp\/v2\/posts\/4398","targetHints":{"allow":["GET"]}}],"collection":[{"href":"https:\/\/informativoelvalledeaguascalientes.online\/index.php?rest_route=\/wp\/v2\/posts"}],"about":[{"href":"https:\/\/informativoelvalledeaguascalientes.online\/index.php?rest_route=\/wp\/v2\/types\/post"}],"author":[{"embeddable":true,"href":"https:\/\/informativoelvalledeaguascalientes.online\/index.php?rest_route=\/wp\/v2\/users\/1"}],"replies":[{"embeddable":true,"href":"https:\/\/informativoelvalledeaguascalientes.online\/index.php?rest_route=%2Fwp%2Fv2%2Fcomments&post=4398"}],"version-history":[{"count":1,"href":"https:\/\/informativoelvalledeaguascalientes.online\/index.php?rest_route=\/wp\/v2\/posts\/4398\/revisions"}],"predecessor-version":[{"id":4400,"href":"https:\/\/informativoelvalledeaguascalientes.online\/index.php?rest_route=\/wp\/v2\/posts\/4398\/revisions\/4400"}],"wp:featuredmedia":[{"embeddable":true,"href":"https:\/\/informativoelvalledeaguascalientes.online\/index.php?rest_route=\/wp\/v2\/media\/4399"}],"wp:attachment":[{"href":"https:\/\/informativoelvalledeaguascalientes.online\/index.php?rest_route=%2Fwp%2Fv2%2Fmedia&parent=4398"}],"wp:term":[{"taxonomy":"category","embeddable":true,"href":"https:\/\/informativoelvalledeaguascalientes.online\/index.php?rest_route=%2Fwp%2Fv2%2Fcategories&post=4398"},{"taxonomy":"post_tag","embeddable":true,"href":"https:\/\/informativoelvalledeaguascalientes.online\/index.php?rest_route=%2Fwp%2Fv2%2Ftags&post=4398"}],"curies":[{"name":"wp","href":"https:\/\/api.w.org\/{rel}","templated":true}]}}