{"id":43860,"date":"2023-05-11T16:14:37","date_gmt":"2023-05-11T22:14:37","guid":{"rendered":"https:\/\/informativoelvalledeaguascalientes.online\/?p=43860"},"modified":"2023-05-11T16:14:37","modified_gmt":"2023-05-11T22:14:37","slug":"gobierno-de-aguascalientes-y-snte-reconocen-trayectoria-de-maestras-y-maestros-de-telebachilleratos","status":"publish","type":"post","link":"https:\/\/informativoelvalledeaguascalientes.online\/?p=43860","title":{"rendered":"GOBIERNO DE AGUASCALIENTES Y SNTE RECONOCEN TRAYECTORIA DE MAESTRAS Y MAESTROS DE TELEBACHILLERATOS"},"content":{"rendered":"<p><strong><a href=\"https:\/\/www.facebook.com\/hashtag\/informativoelvalledeaguascalientes\">#informativoelvalledeaguascalientes<\/a><\/strong><\/p>\n<p><strong><a href=\"https:\/\/www.facebook.com\/hashtag\/novaradioaguascalientes\">#novaradioaguascalientes<\/a><\/strong><\/p>\n<p><strong><a href=\"https:\/\/www.facebook.com\/GobiernodeAguascalientes\">#ElGiganteDeMexico<\/a><\/strong><\/p>\n<p>Con el prop\u00f3sito de agradecer la labor de las y los maestros de los telebachilleratos de Aguascalientes, que con gran vocaci\u00f3n y nobleza trabajan todos los d\u00edas a favor de sus alumnas y alumnos, el Gobierno del Estado, a trav\u00e9s del Instituto de Educaci\u00f3n y el Sindicato Nacional de Trabajadores de la Educaci\u00f3n, entregaron medallas por 25, 26, 27 y 28 a\u00f1os de servicio docente.<\/p>\n<p>En este emotivo evento, las autoridades educativas destacaron el trabajo de 52 maestros y maestras, quienes recibieron este merecido reconocimiento. Expresaron el compromiso de la Gobernadora de Aguascalientes, Tere Jim\u00e9nez, para respaldar al magisterio local, brind\u00e1ndoles las mejores oportunidades de profesionalizaci\u00f3n y acercando herramientas para su desempe\u00f1o en el aula.<\/p>\n<p>Durante esta entrega, que se realiz\u00f3 en las instalaciones de la Escuela Normal Superior Federal de Aguascalientes \u201cProf. Jos\u00e9 Santos Vald\u00e9s\u201d, se dieron cita la directora general del IEA, Lorena Mart\u00ednez Rodr\u00edguez; el l\u00edder de la secci\u00f3n 1 del SNTE, Ram\u00f3n Garc\u00eda Alvizo; as\u00ed como trabajadores de la educaci\u00f3n y familiares de las y los homenajeados.<\/p>\n","protected":false},"excerpt":{"rendered":"<p>#informativoelvalledeaguascalientes #novaradioaguascalientes #ElGiganteDeMexico Con el prop\u00f3sito de agradecer la labor de las y los maestros de los telebachilleratos de Aguascalientes, que con gran vocaci\u00f3n y nobleza trabajan todos los d\u00edas a favor de sus alumnas y alumnos, el Gobierno del Estado, a trav\u00e9s del Instituto de Educaci\u00f3n y el Sindicato Nacional de Trabajadores de la [&hellip;]<\/p>\n","protected":false},"author":1,"featured_media":43861,"comment_status":"closed","ping_status":"open","sticky":false,"template":"","format":"standard","meta":{"advanced_seo_description":"","jetpack_seo_html_title":"","jetpack_seo_noindex":false,"_jetpack_memberships_contains_paid_content":false,"footnotes":"","jetpack_publicize_message":"","jetpack_publicize_feature_enabled":true,"jetpack_social_post_already_shared":true,"jetpack_social_options":{"image_generator_settings":{"template":"highway","default_image_id":0,"font":"","enabled":false},"version":2}},"categories":[21,4],"tags":[22,161,615,39,320],"class_list":["post-43860","post","type-post","status-publish","format-standard","has-post-thumbnail","hentry","category-aguascalientes","category-gobierno-del-estado-aguascalientes","tag-aguascalientes","tag-gobierno-del-estado-aguascalientes","tag-gobierno-del-estado-de-aguascalientes","tag-iea","tag-tere-jimenez"],"jetpack_publicize_connections":[],"jetpack_featured_media_url":"https:\/\/i0.wp.com\/informativoelvalledeaguascalientes.online\/wp-content\/uploads\/2023\/05\/ec2bf4ec-da57-4448-9ea2-d85889e8b547.jpg?fit=1600%2C1066&ssl=1","jetpack-related-posts":[],"jetpack_sharing_enabled":true,"jetpack_likes_enabled":true,"_links":{"self":[{"href":"https:\/\/informativoelvalledeaguascalientes.online\/index.php?rest_route=\/wp\/v2\/posts\/43860","targetHints":{"allow":["GET"]}}],"collection":[{"href":"https:\/\/informativoelvalledeaguascalientes.online\/index.php?rest_route=\/wp\/v2\/posts"}],"about":[{"href":"https:\/\/informativoelvalledeaguascalientes.online\/index.php?rest_route=\/wp\/v2\/types\/post"}],"author":[{"embeddable":true,"href":"https:\/\/informativoelvalledeaguascalientes.online\/index.php?rest_route=\/wp\/v2\/users\/1"}],"replies":[{"embeddable":true,"href":"https:\/\/informativoelvalledeaguascalientes.online\/index.php?rest_route=%2Fwp%2Fv2%2Fcomments&post=43860"}],"version-history":[{"count":1,"href":"https:\/\/informativoelvalledeaguascalientes.online\/index.php?rest_route=\/wp\/v2\/posts\/43860\/revisions"}],"predecessor-version":[{"id":43862,"href":"https:\/\/informativoelvalledeaguascalientes.online\/index.php?rest_route=\/wp\/v2\/posts\/43860\/revisions\/43862"}],"wp:featuredmedia":[{"embeddable":true,"href":"https:\/\/informativoelvalledeaguascalientes.online\/index.php?rest_route=\/wp\/v2\/media\/43861"}],"wp:attachment":[{"href":"https:\/\/informativoelvalledeaguascalientes.online\/index.php?rest_route=%2Fwp%2Fv2%2Fmedia&parent=43860"}],"wp:term":[{"taxonomy":"category","embeddable":true,"href":"https:\/\/informativoelvalledeaguascalientes.online\/index.php?rest_route=%2Fwp%2Fv2%2Fcategories&post=43860"},{"taxonomy":"post_tag","embeddable":true,"href":"https:\/\/informativoelvalledeaguascalientes.online\/index.php?rest_route=%2Fwp%2Fv2%2Ftags&post=43860"}],"curies":[{"name":"wp","href":"https:\/\/api.w.org\/{rel}","templated":true}]}}