{"id":43849,"date":"2023-05-11T15:53:32","date_gmt":"2023-05-11T21:53:32","guid":{"rendered":"https:\/\/informativoelvalledeaguascalientes.online\/?p=43849"},"modified":"2023-05-11T15:53:32","modified_gmt":"2023-05-11T21:53:32","slug":"futuros-maestros-de-idiomas-de-la-uaa-ponen-a-prueba-sus-habilidades-pedagogicas-en-evento-cultural-en-frances","status":"publish","type":"post","link":"https:\/\/informativoelvalledeaguascalientes.online\/?p=43849","title":{"rendered":"Futuros maestros de idiomas de la UAA ponen a prueba sus habilidades pedag\u00f3gicas en evento cultural en franc\u00e9s"},"content":{"rendered":"<p><strong><a href=\"https:\/\/www.facebook.com\/hashtag\/informativoelvalledeaguascalientes\">#informativoelvalledeaguascalientes<\/a><\/strong><\/p>\n<p><strong><a href=\"https:\/\/www.facebook.com\/hashtag\/novaradioaguascalientes\">#novaradioaguascalientes<\/a><\/strong><\/p>\n<p>\u25cf Estos proyectos permiten a los estudiantes poner en pr\u00e1ctica los conocimientos adquiridos en el aula y desarrollar habilidades en el uso de la lengua francesa en contextos reales y significativos.<br \/>\n\u25cf Se llev\u00f3 a cabo la proyecci\u00f3n de tres cortometrajes en franc\u00e9s titulados \u201cL\u2019Accordeur\u201d, \u201cParis je t\u2019aime\u201d y \u201cManon sur le b\u00edtume\u201d, as\u00ed como las diferentes actividades l\u00fadicas en franc\u00e9s.<\/p>\n<p>Los estudiantes de sexto semestre de la Licenciatura en Docencia de Franc\u00e9s y Espa\u00f1ol como Lenguas Extranjeras de la Universidad Aut\u00f3noma de Aguascalientes, compartieron sus habilidades comunicativas y acad\u00e9micas en el idioma franc\u00e9s a trav\u00e9s de un proyecto de \u00edndole cultural con el fin de demostrar los avances que alcanzaron en el manejo del idioma y su capacidad de crear actividades l\u00fadicas y pedag\u00f3gicas a partir de materiales art\u00edsticos.<\/p>\n<p>Dicha actividad, que se realiz\u00f3 en el aula is\u00f3ptica del edificio 211 de ciudad universitaria, form\u00f3 parte de la asignatura \u201cHabilidades Comunicativas de Franc\u00e9s II\u201d y const\u00f3 en la proyecci\u00f3n de tres cortometrajes en franc\u00e9s titulados \u201cL\u2019Accordeur\u201d, \u201cParis je t\u2019aime\u201d y \u201cManon sur le b\u00edtume\u201d, as\u00ed como las diferentes actividades en franc\u00e9s donde participaron alumnos y docentes.<\/p>\n<p>En el marco de este evento y en representaci\u00f3n de la Mtra. Mar\u00eda Zapopan Tejeda Caldera, decana del Centro de Ciencias Sociales y Humanidades (CCSyH), el Dr. Gustavo Mu\u00f1oz Abundez, secretario acad\u00e9mico del Centro; comparti\u00f3 que el aprendizaje de una lengua extranjera es fundamental en la formaci\u00f3n acad\u00e9mica, en la vida personal y profesional, por lo que la realizaci\u00f3n de actividades culturales se convierte en una herramienta pedag\u00f3gica de gran valor.<\/p>\n<p>Asimismo, mencion\u00f3 que estos proyectos permiten a los estudiantes experimentar en primera persona la riqueza de la cultura francesa y franc\u00f3fona, al igual que poner en pr\u00e1ctica los conocimientos adquiridos en el aula y desarrollar habilidades en el uso de la lengua francesa en contextos reales y significativos.<\/p>\n<p>Por su parte, el Mtro. Francesco Toss, jefe de Departamento de Idiomas de la UAA, se\u00f1al\u00f3 que esta actividad acad\u00e9mica es la segunda que se realiza a partir de la pandemia, y con ello, se demuestra que la Licenciatura en Docencia de Franc\u00e9s y Espa\u00f1ol como Lenguas Extranjeras es una carrera viva donde realmente se est\u00e1 trabajando para mejorar los diferentes aspectos del conocimiento y desarrollo de los estudiantes.<\/p>\n<p>Aunado a ello, agreg\u00f3 que se continuar\u00e1 trabajando desde esa modalidad, buscando siempre organizar actividades innovadoras de manera que el plan de estudios de esta licenciatura tendr\u00e1 mucho m\u00e1s \u00edmpetu.<\/p>\n<p>El evento cont\u00f3 con la presencia del Dr. Alfredo L\u00f3pez Ferreira, secretario acad\u00e9mico de Investigaci\u00f3n y Posgrado; el Mtro. Pascal Bommy, coordinador de la asignatura \u201cHabilidades Comunicativas de Franc\u00e9s II\u201d y quien brind\u00f3 el acompa\u00f1amiento a los alumnos; as\u00ed como estudiantes, docentes e invitados especiales del CCSyH.<\/p>\n","protected":false},"excerpt":{"rendered":"<p>#informativoelvalledeaguascalientes #novaradioaguascalientes \u25cf Estos proyectos permiten a los estudiantes poner en pr\u00e1ctica los conocimientos adquiridos en el aula y desarrollar habilidades en el uso de la lengua francesa en contextos reales y significativos. \u25cf Se llev\u00f3 a cabo la proyecci\u00f3n de tres cortometrajes en franc\u00e9s titulados \u201cL\u2019Accordeur\u201d, \u201cParis je t\u2019aime\u201d y \u201cManon sur le b\u00edtume\u201d, [&hellip;]<\/p>\n","protected":false},"author":1,"featured_media":43850,"comment_status":"closed","ping_status":"open","sticky":false,"template":"","format":"standard","meta":{"advanced_seo_description":"","jetpack_seo_html_title":"","jetpack_seo_noindex":false,"_jetpack_memberships_contains_paid_content":false,"footnotes":"","jetpack_publicize_message":"","jetpack_publicize_feature_enabled":true,"jetpack_social_post_already_shared":true,"jetpack_social_options":{"image_generator_settings":{"template":"highway","default_image_id":0,"font":"","enabled":false},"version":2}},"categories":[21,629],"tags":[22,142],"class_list":["post-43849","post","type-post","status-publish","format-standard","has-post-thumbnail","hentry","category-aguascalientes","category-universidad-autonoma-de-aguascalientes","tag-aguascalientes","tag-uaa"],"jetpack_publicize_connections":[],"jetpack_featured_media_url":"https:\/\/i0.wp.com\/informativoelvalledeaguascalientes.online\/wp-content\/uploads\/2023\/05\/0331ff7e-7233-4a81-849d-e1a9e182ca8f.jpeg?fit=1600%2C1066&ssl=1","jetpack-related-posts":[],"jetpack_sharing_enabled":true,"jetpack_likes_enabled":true,"_links":{"self":[{"href":"https:\/\/informativoelvalledeaguascalientes.online\/index.php?rest_route=\/wp\/v2\/posts\/43849","targetHints":{"allow":["GET"]}}],"collection":[{"href":"https:\/\/informativoelvalledeaguascalientes.online\/index.php?rest_route=\/wp\/v2\/posts"}],"about":[{"href":"https:\/\/informativoelvalledeaguascalientes.online\/index.php?rest_route=\/wp\/v2\/types\/post"}],"author":[{"embeddable":true,"href":"https:\/\/informativoelvalledeaguascalientes.online\/index.php?rest_route=\/wp\/v2\/users\/1"}],"replies":[{"embeddable":true,"href":"https:\/\/informativoelvalledeaguascalientes.online\/index.php?rest_route=%2Fwp%2Fv2%2Fcomments&post=43849"}],"version-history":[{"count":1,"href":"https:\/\/informativoelvalledeaguascalientes.online\/index.php?rest_route=\/wp\/v2\/posts\/43849\/revisions"}],"predecessor-version":[{"id":43851,"href":"https:\/\/informativoelvalledeaguascalientes.online\/index.php?rest_route=\/wp\/v2\/posts\/43849\/revisions\/43851"}],"wp:featuredmedia":[{"embeddable":true,"href":"https:\/\/informativoelvalledeaguascalientes.online\/index.php?rest_route=\/wp\/v2\/media\/43850"}],"wp:attachment":[{"href":"https:\/\/informativoelvalledeaguascalientes.online\/index.php?rest_route=%2Fwp%2Fv2%2Fmedia&parent=43849"}],"wp:term":[{"taxonomy":"category","embeddable":true,"href":"https:\/\/informativoelvalledeaguascalientes.online\/index.php?rest_route=%2Fwp%2Fv2%2Fcategories&post=43849"},{"taxonomy":"post_tag","embeddable":true,"href":"https:\/\/informativoelvalledeaguascalientes.online\/index.php?rest_route=%2Fwp%2Fv2%2Ftags&post=43849"}],"curies":[{"name":"wp","href":"https:\/\/api.w.org\/{rel}","templated":true}]}}