{"id":43836,"date":"2023-05-11T00:05:30","date_gmt":"2023-05-11T06:05:30","guid":{"rendered":"https:\/\/informativoelvalledeaguascalientes.online\/?p=43836"},"modified":"2023-05-11T00:05:30","modified_gmt":"2023-05-11T06:05:30","slug":"aguascalientes-sera-sede-del-evento-internacional-nacam-rally-championship","status":"publish","type":"post","link":"https:\/\/informativoelvalledeaguascalientes.online\/?p=43836","title":{"rendered":"AGUASCALIENTES SER\u00c1 SEDE DEL EVENTO INTERNACIONAL \u201cNACAM RALLY CHAMPIONSHIP\u201d"},"content":{"rendered":"<p><strong><a href=\"https:\/\/www.facebook.com\/hashtag\/informativoelvalledeaguascalientes\">#informativoelvalledeaguascalientes<\/a><\/strong><\/p>\n<p><strong><a href=\"https:\/\/www.facebook.com\/hashtag\/novaradioaguascalientes\">#novaradioaguascalientes<\/a><\/strong><\/p>\n<p><strong><a href=\"https:\/\/www.facebook.com\/GobiernodeAguascalientes\">#ElGiganteDeMexico<\/a><\/strong><\/p>\n<p>&nbsp;<\/p>\n<p><img data-recalc-dims=\"1\" loading=\"lazy\" decoding=\"async\" class=\"alignnone size-medium wp-image-43837\" src=\"https:\/\/i0.wp.com\/informativoelvalledeaguascalientes.online\/wp-content\/uploads\/2023\/05\/GOB-EDO-RALLY-1-240x300.jpeg?resize=240%2C300\" alt=\"\" width=\"240\" height=\"300\" srcset=\"https:\/\/i0.wp.com\/informativoelvalledeaguascalientes.online\/wp-content\/uploads\/2023\/05\/GOB-EDO-RALLY-1.jpeg?resize=240%2C300&amp;ssl=1 240w, https:\/\/i0.wp.com\/informativoelvalledeaguascalientes.online\/wp-content\/uploads\/2023\/05\/GOB-EDO-RALLY-1.jpeg?resize=819%2C1024&amp;ssl=1 819w, https:\/\/i0.wp.com\/informativoelvalledeaguascalientes.online\/wp-content\/uploads\/2023\/05\/GOB-EDO-RALLY-1.jpeg?resize=768%2C960&amp;ssl=1 768w, https:\/\/i0.wp.com\/informativoelvalledeaguascalientes.online\/wp-content\/uploads\/2023\/05\/GOB-EDO-RALLY-1.jpeg?w=1024&amp;ssl=1 1024w\" sizes=\"auto, (max-width: 240px) 100vw, 240px\" \/> <img data-recalc-dims=\"1\" loading=\"lazy\" decoding=\"async\" class=\"alignnone size-medium wp-image-43838\" src=\"https:\/\/i0.wp.com\/informativoelvalledeaguascalientes.online\/wp-content\/uploads\/2023\/05\/GOB-EDO-RALLY-2-240x300.jpeg?resize=240%2C300\" alt=\"\" width=\"240\" height=\"300\" srcset=\"https:\/\/i0.wp.com\/informativoelvalledeaguascalientes.online\/wp-content\/uploads\/2023\/05\/GOB-EDO-RALLY-2.jpeg?resize=240%2C300&amp;ssl=1 240w, https:\/\/i0.wp.com\/informativoelvalledeaguascalientes.online\/wp-content\/uploads\/2023\/05\/GOB-EDO-RALLY-2.jpeg?resize=819%2C1024&amp;ssl=1 819w, https:\/\/i0.wp.com\/informativoelvalledeaguascalientes.online\/wp-content\/uploads\/2023\/05\/GOB-EDO-RALLY-2.jpeg?resize=768%2C960&amp;ssl=1 768w, https:\/\/i0.wp.com\/informativoelvalledeaguascalientes.online\/wp-content\/uploads\/2023\/05\/GOB-EDO-RALLY-2.jpeg?w=1080&amp;ssl=1 1080w\" sizes=\"auto, (max-width: 240px) 100vw, 240px\" \/><\/p>\n<p>&nbsp;<\/p>\n<p id=\"viewer-foo\" class=\"mm8Nw _1j-51 _1FoOD _78FBa public-DraftStyleDefault-block-depth0 fixed-tab-size public-DraftStyleDefault-text-ltr\"><span class=\"_2PHJq public-DraftStyleDefault-ltr\">Aguascalientes vibrar\u00e1 de emoci\u00f3n, adrenalina y entusiasmo, pues por primera vez ser\u00e1 sede del \u201cNacam Rally Championship\u201d, un campeonato de automovilismo deportivo donde participan corredores nacionales y extranjeros de Norteam\u00e9rica, Centroam\u00e9rica, el Caribe y el norte de Sudam\u00e9rica.<\/span><\/p>\n<div id=\"viewer-mhrm05627\" class=\"mm8Nw _1j-51 _1FoOD _78FBa public-DraftStyleDefault-block-depth0 fixed-tab-size public-DraftStyleDefault-text-ltr\"><span class=\"_2PHJq public-DraftStyleDefault-ltr\">\u00a0<\/span><\/div>\n<p id=\"viewer-auevo5613\" class=\"mm8Nw _1j-51 _1FoOD _78FBa public-DraftStyleDefault-block-depth0 fixed-tab-size public-DraftStyleDefault-text-ltr\"><span class=\"_2PHJq public-DraftStyleDefault-ltr\">As\u00ed lo inform\u00f3 la gobernadora de Aguascalientes, Tere Jim\u00e9nez, quien dijo sentirse contenta porque este tipo de eventos llegan al estado, pues se espera la asistencia de 10 mil visitantes extranjeros.<\/span><\/p>\n<div id=\"viewer-lpwf65657\" class=\"mm8Nw _1j-51 _1FoOD _78FBa public-DraftStyleDefault-block-depth0 fixed-tab-size public-DraftStyleDefault-text-ltr\"><span class=\"_2PHJq public-DraftStyleDefault-ltr\">\u00a0<\/span><\/div>\n<p id=\"viewer-mpaxb5615\" class=\"mm8Nw _1j-51 _1FoOD _78FBa public-DraftStyleDefault-block-depth0 fixed-tab-size public-DraftStyleDefault-text-ltr\"><span class=\"_2PHJq public-DraftStyleDefault-ltr\">\u201cEstamos listos para recibir a los participantes del rally y a los espectadores, haremos que vivan una gran experiencia en su paso por aqu\u00ed. Como siempre lo he dicho, en Aguascalientes haremos eventos, convenciones y torneos deportivos para detonar el turismo y que m\u00e1s personas conozcan al Gigante de M\u00e9xico\u201d, resalt\u00f3 la gobernadora.<\/span><\/p>\n<div id=\"viewer-eilv35639\" class=\"mm8Nw _1j-51 _1FoOD _78FBa public-DraftStyleDefault-block-depth0 fixed-tab-size public-DraftStyleDefault-text-ltr\"><span class=\"_2PHJq public-DraftStyleDefault-ltr\">\u00a0<\/span><\/div>\n<p id=\"viewer-jagbg5617\" class=\"mm8Nw _1j-51 _1FoOD _78FBa public-DraftStyleDefault-block-depth0 fixed-tab-size public-DraftStyleDefault-text-ltr\"><span class=\"_2PHJq public-DraftStyleDefault-ltr\">Detall\u00f3 que el viernes 12\u00a0 de mayo se llevar\u00e1 a cabo la presentaci\u00f3n de los participantes y equipos en Plaza Patria y el s\u00e1bado 13, se llevar\u00e1n a cabo las competencias de velocidad en los municipios de San Jos\u00e9 de Gracia, Jes\u00fas Mar\u00eda, Calvillo y Aguascalientes.<\/span><\/p>\n<div id=\"viewer-fnbqd5621\" class=\"mm8Nw _1j-51 _1FoOD _78FBa public-DraftStyleDefault-block-depth0 fixed-tab-size public-DraftStyleDefault-text-ltr\"><\/div>\n","protected":false},"excerpt":{"rendered":"<p>#informativoelvalledeaguascalientes #novaradioaguascalientes #ElGiganteDeMexico &nbsp; &nbsp; Aguascalientes vibrar\u00e1 de emoci\u00f3n, adrenalina y entusiasmo, pues por primera vez ser\u00e1 sede del \u201cNacam Rally Championship\u201d, un campeonato de automovilismo deportivo donde participan corredores nacionales y extranjeros de Norteam\u00e9rica, Centroam\u00e9rica, el Caribe y el norte de Sudam\u00e9rica. \u00a0 As\u00ed lo inform\u00f3 la gobernadora de Aguascalientes, Tere Jim\u00e9nez, quien dijo [&hellip;]<\/p>\n","protected":false},"author":1,"featured_media":43837,"comment_status":"closed","ping_status":"open","sticky":false,"template":"","format":"standard","meta":{"advanced_seo_description":"","jetpack_seo_html_title":"","jetpack_seo_noindex":false,"_jetpack_memberships_contains_paid_content":false,"footnotes":"","jetpack_publicize_message":"","jetpack_publicize_feature_enabled":true,"jetpack_social_post_already_shared":true,"jetpack_social_options":{"image_generator_settings":{"template":"highway","default_image_id":0,"font":"","enabled":false},"version":2}},"categories":[21,4],"tags":[22,161],"class_list":["post-43836","post","type-post","status-publish","format-standard","has-post-thumbnail","hentry","category-aguascalientes","category-gobierno-del-estado-aguascalientes","tag-aguascalientes","tag-gobierno-del-estado-aguascalientes"],"jetpack_publicize_connections":[],"jetpack_featured_media_url":"https:\/\/i0.wp.com\/informativoelvalledeaguascalientes.online\/wp-content\/uploads\/2023\/05\/GOB-EDO-RALLY-1.jpeg?fit=1024%2C1280&ssl=1","jetpack-related-posts":[],"jetpack_sharing_enabled":true,"jetpack_likes_enabled":true,"_links":{"self":[{"href":"https:\/\/informativoelvalledeaguascalientes.online\/index.php?rest_route=\/wp\/v2\/posts\/43836","targetHints":{"allow":["GET"]}}],"collection":[{"href":"https:\/\/informativoelvalledeaguascalientes.online\/index.php?rest_route=\/wp\/v2\/posts"}],"about":[{"href":"https:\/\/informativoelvalledeaguascalientes.online\/index.php?rest_route=\/wp\/v2\/types\/post"}],"author":[{"embeddable":true,"href":"https:\/\/informativoelvalledeaguascalientes.online\/index.php?rest_route=\/wp\/v2\/users\/1"}],"replies":[{"embeddable":true,"href":"https:\/\/informativoelvalledeaguascalientes.online\/index.php?rest_route=%2Fwp%2Fv2%2Fcomments&post=43836"}],"version-history":[{"count":1,"href":"https:\/\/informativoelvalledeaguascalientes.online\/index.php?rest_route=\/wp\/v2\/posts\/43836\/revisions"}],"predecessor-version":[{"id":43839,"href":"https:\/\/informativoelvalledeaguascalientes.online\/index.php?rest_route=\/wp\/v2\/posts\/43836\/revisions\/43839"}],"wp:featuredmedia":[{"embeddable":true,"href":"https:\/\/informativoelvalledeaguascalientes.online\/index.php?rest_route=\/wp\/v2\/media\/43837"}],"wp:attachment":[{"href":"https:\/\/informativoelvalledeaguascalientes.online\/index.php?rest_route=%2Fwp%2Fv2%2Fmedia&parent=43836"}],"wp:term":[{"taxonomy":"category","embeddable":true,"href":"https:\/\/informativoelvalledeaguascalientes.online\/index.php?rest_route=%2Fwp%2Fv2%2Fcategories&post=43836"},{"taxonomy":"post_tag","embeddable":true,"href":"https:\/\/informativoelvalledeaguascalientes.online\/index.php?rest_route=%2Fwp%2Fv2%2Ftags&post=43836"}],"curies":[{"name":"wp","href":"https:\/\/api.w.org\/{rel}","templated":true}]}}