{"id":43830,"date":"2023-05-10T23:57:44","date_gmt":"2023-05-11T05:57:44","guid":{"rendered":"https:\/\/informativoelvalledeaguascalientes.online\/?p=43830"},"modified":"2023-05-10T23:57:44","modified_gmt":"2023-05-11T05:57:44","slug":"en-marcha-el-programa-de-salud-y-bienestar-comunitario-del-dif-estatal-ags","status":"publish","type":"post","link":"https:\/\/informativoelvalledeaguascalientes.online\/?p=43830","title":{"rendered":"EN MARCHA EL PROGRAMA DE SALUD Y BIENESTAR COMUNITARIO DEL DIF ESTATAL AGS."},"content":{"rendered":"<p><strong><a href=\"https:\/\/www.facebook.com\/hashtag\/informativoelvalledeaguascalientes\">#informativoelvalledeaguascalientes<\/a><\/strong><\/p>\n<p><strong><a href=\"https:\/\/www.facebook.com\/hashtag\/novaradioaguascalientes\">#novaradioaguascalientes<\/a><\/strong><\/p>\n<p><strong><a href=\"https:\/\/www.facebook.com\/GobiernodeAguascalientes\">#ElGiganteDeMexico<\/a><\/strong><\/p>\n<p>&nbsp;<\/p>\n<ul class=\"public-DraftStyleDefault-ul\">\n<li id=\"viewer-foo\" class=\"_3Kjjs _78FBa public-DraftStyleDefault-unorderedListItem public-DraftStyleDefault-depth0 public-DraftStyleDefault-list-ltr fixed-tab-size public-DraftStyleDefault-reset _1FoOD _78FBa\">\n<p class=\"_1j-51 _1FoOD _78FBa undefined\">Uno de los principales objetivos de la gobernadora Tere Jim\u00e9nez es mejorar las condiciones de vida de la poblaci\u00f3n necesitada<\/p>\n<\/li>\n<li id=\"viewer-y6z1s241\" class=\"_3Kjjs _78FBa public-DraftStyleDefault-unorderedListItem public-DraftStyleDefault-depth0 public-DraftStyleDefault-list-ltr fixed-tab-size _1FoOD _78FBa\">\n<p class=\"_1j-51 _1FoOD _78FBa undefined\">Con ese fin se brinda capacitaci\u00f3n y apoyos alimenticios a m\u00e1s de 8 mil personas de 32 comunidades del estado<\/p>\n<\/li>\n<li id=\"viewer-dysin262\" class=\"_3Kjjs _78FBa public-DraftStyleDefault-unorderedListItem public-DraftStyleDefault-depth0 public-DraftStyleDefault-list-ltr fixed-tab-size _1FoOD _78FBa\">\n<p class=\"_1j-51 _1FoOD _78FBa undefined\">A trav\u00e9s de este programa tambi\u00e9n se ofrecen talleres de capacitaci\u00f3n laboral y personal a quienes viven en las localidades de mayor marginaci\u00f3n<\/p>\n<\/li>\n<\/ul>\n<div id=\"viewer-t4k86345\" class=\"mm8Nw _1j-51 _1FoOD _78FBa public-DraftStyleDefault-block-depth0 fixed-tab-size public-DraftStyleDefault-text-ltr\"><span class=\"_2PHJq public-DraftStyleDefault-ltr\">\u00a0<\/span><\/div>\n<p id=\"viewer-wm3w5115\" class=\"mm8Nw _1j-51 _1FoOD _78FBa public-DraftStyleDefault-block-depth0 fixed-tab-size public-DraftStyleDefault-text-ltr\"><span class=\"_2PHJq public-DraftStyleDefault-ltr\">Uno de los objetivos fundamentales de la administraci\u00f3n que encabeza la gobernadora Tere Jim\u00e9nez, es mejorar las condiciones de vida de la poblaci\u00f3n necesitada, y con ese objetivo, el Sistema DIF Estatal impulsa el programa \u201cSalud y Bienestar&#8221;. <\/span><\/p>\n<div id=\"viewer-k028x283\" class=\"mm8Nw _1j-51 _1FoOD _78FBa public-DraftStyleDefault-block-depth0 fixed-tab-size public-DraftStyleDefault-text-ltr\"><span class=\"_2PHJq public-DraftStyleDefault-ltr\">\u00a0<\/span><\/div>\n<p id=\"viewer-ycg51117\" class=\"mm8Nw _1j-51 _1FoOD _78FBa public-DraftStyleDefault-block-depth0 fixed-tab-size public-DraftStyleDefault-text-ltr\"><span class=\"_2PHJq public-DraftStyleDefault-ltr\">Al respecto, la presidenta de dicha instituci\u00f3n, Aurora Jim\u00e9nez Esquivel, inform\u00f3 que a trav\u00e9s de esta estrategia se beneficia con capacitaci\u00f3n y apoyos alimenticios a m\u00e1s de 8 mil personas de 32 comunidades rurales de todo el estado.<\/span><\/p>\n<div id=\"viewer-4v1m7294\" class=\"mm8Nw _1j-51 _1FoOD _78FBa public-DraftStyleDefault-block-depth0 fixed-tab-size public-DraftStyleDefault-text-ltr\"><span class=\"_2PHJq public-DraftStyleDefault-ltr\">\u00a0<\/span><\/div>\n<p id=\"viewer-6d9vk119\" class=\"mm8Nw _1j-51 _1FoOD _78FBa public-DraftStyleDefault-block-depth0 fixed-tab-size public-DraftStyleDefault-text-ltr\"><span class=\"_2PHJq public-DraftStyleDefault-ltr\">Al visitar la comunidad El Duraznillo del municipio de Aguascalientes, la primera voluntaria de este organismo asistencial explic\u00f3 que a trav\u00e9s de este programa se conforman grupos de mujeres en localidades de alta marginaci\u00f3n, quienes participan en talleres de capacitaci\u00f3n laboral y personal, adem\u00e1s de que se les otorgan aparatos electrodom\u00e9sticos para facilitar las labores del hogar y tengan mejores condiciones de vida; actualmente participan 693 mujeres en estos Grupos de Desarrollo.<\/span><\/p>\n<div id=\"viewer-95rat305\" class=\"mm8Nw _1j-51 _1FoOD _78FBa public-DraftStyleDefault-block-depth0 fixed-tab-size public-DraftStyleDefault-text-ltr\"><span class=\"_2PHJq public-DraftStyleDefault-ltr\">\u00a0<\/span><\/div>\n<p id=\"viewer-bciak121\" class=\"mm8Nw _1j-51 _1FoOD _78FBa public-DraftStyleDefault-block-depth0 fixed-tab-size public-DraftStyleDefault-text-ltr\"><span class=\"_2PHJq public-DraftStyleDefault-ltr\">Por su parte, Rita Ver\u00f3nica Cruz Medina, directora general del DIF Estatal, subray\u00f3 que a trav\u00e9s de este programa se busca otorgar algunos apoyos y acercar los servicios del DIF Estatal a los habitantes de las comunidades m\u00e1s necesitadas.<\/span><\/p>\n<div id=\"viewer-4diza316\" class=\"mm8Nw _1j-51 _1FoOD _78FBa public-DraftStyleDefault-block-depth0 fixed-tab-size public-DraftStyleDefault-text-ltr\"><span class=\"_2PHJq public-DraftStyleDefault-ltr\">\u00a0<\/span><\/div>\n<p id=\"viewer-9i882123\" class=\"mm8Nw _1j-51 _1FoOD _78FBa public-DraftStyleDefault-block-depth0 fixed-tab-size public-DraftStyleDefault-text-ltr\"><span class=\"_2PHJq public-DraftStyleDefault-ltr\">De igual forma, indic\u00f3, se les brindan herramientas a trav\u00e9s de la capacitaci\u00f3n en temas como: Organizaci\u00f3n para la Autogesti\u00f3n, Econom\u00eda Solidaria, Espacios Habitables Sustentables, entre otros.<\/span><\/p>\n<div id=\"viewer-jcjaf386\" class=\"mm8Nw _1j-51 _1FoOD _78FBa public-DraftStyleDefault-block-depth0 fixed-tab-size public-DraftStyleDefault-text-ltr\"><span class=\"_2PHJq public-DraftStyleDefault-ltr\">\u00a0<\/span><\/div>\n<p id=\"viewer-87cq8125\" class=\"mm8Nw _1j-51 _1FoOD _78FBa public-DraftStyleDefault-block-depth0 fixed-tab-size public-DraftStyleDefault-text-ltr\"><span class=\"_2PHJq public-DraftStyleDefault-ltr\">Por \u00faltimo, Aurora Jim\u00e9nez Esquivel reconoci\u00f3 y agradeci\u00f3 el trabajo coordinado entre las mujeres de los Grupos de Desarrollo y la Direcci\u00f3n de Desarrollo Comunitario del DIF Estatal, ya que gracias a ello es posible llegar a las zonas m\u00e1s alejadas y necesitadas del estado.<\/span><\/p>\n","protected":false},"excerpt":{"rendered":"<p>#informativoelvalledeaguascalientes #novaradioaguascalientes #ElGiganteDeMexico &nbsp; Uno de los principales objetivos de la gobernadora Tere Jim\u00e9nez es mejorar las condiciones de vida de la poblaci\u00f3n necesitada Con ese fin se brinda capacitaci\u00f3n y apoyos alimenticios a m\u00e1s de 8 mil personas de 32 comunidades del estado A trav\u00e9s de este programa tambi\u00e9n se ofrecen talleres de capacitaci\u00f3n [&hellip;]<\/p>\n","protected":false},"author":1,"featured_media":43831,"comment_status":"closed","ping_status":"open","sticky":false,"template":"","format":"standard","meta":{"advanced_seo_description":"","jetpack_seo_html_title":"","jetpack_seo_noindex":false,"_jetpack_memberships_contains_paid_content":false,"footnotes":"","jetpack_publicize_message":"","jetpack_publicize_feature_enabled":true,"jetpack_social_post_already_shared":true,"jetpack_social_options":{"image_generator_settings":{"template":"highway","default_image_id":0,"font":"","enabled":false},"version":2}},"categories":[21,4],"tags":[22,65,615],"class_list":["post-43830","post","type-post","status-publish","format-standard","has-post-thumbnail","hentry","category-aguascalientes","category-gobierno-del-estado-aguascalientes","tag-aguascalientes","tag-dif-estatal-aguascalientes","tag-gobierno-del-estado-de-aguascalientes"],"jetpack_publicize_connections":[],"jetpack_featured_media_url":"https:\/\/i0.wp.com\/informativoelvalledeaguascalientes.online\/wp-content\/uploads\/2023\/05\/gob-edo-coord-deleg.webp?fit=630%2C420&ssl=1","jetpack-related-posts":[],"jetpack_sharing_enabled":true,"jetpack_likes_enabled":true,"_links":{"self":[{"href":"https:\/\/informativoelvalledeaguascalientes.online\/index.php?rest_route=\/wp\/v2\/posts\/43830","targetHints":{"allow":["GET"]}}],"collection":[{"href":"https:\/\/informativoelvalledeaguascalientes.online\/index.php?rest_route=\/wp\/v2\/posts"}],"about":[{"href":"https:\/\/informativoelvalledeaguascalientes.online\/index.php?rest_route=\/wp\/v2\/types\/post"}],"author":[{"embeddable":true,"href":"https:\/\/informativoelvalledeaguascalientes.online\/index.php?rest_route=\/wp\/v2\/users\/1"}],"replies":[{"embeddable":true,"href":"https:\/\/informativoelvalledeaguascalientes.online\/index.php?rest_route=%2Fwp%2Fv2%2Fcomments&post=43830"}],"version-history":[{"count":1,"href":"https:\/\/informativoelvalledeaguascalientes.online\/index.php?rest_route=\/wp\/v2\/posts\/43830\/revisions"}],"predecessor-version":[{"id":43832,"href":"https:\/\/informativoelvalledeaguascalientes.online\/index.php?rest_route=\/wp\/v2\/posts\/43830\/revisions\/43832"}],"wp:featuredmedia":[{"embeddable":true,"href":"https:\/\/informativoelvalledeaguascalientes.online\/index.php?rest_route=\/wp\/v2\/media\/43831"}],"wp:attachment":[{"href":"https:\/\/informativoelvalledeaguascalientes.online\/index.php?rest_route=%2Fwp%2Fv2%2Fmedia&parent=43830"}],"wp:term":[{"taxonomy":"category","embeddable":true,"href":"https:\/\/informativoelvalledeaguascalientes.online\/index.php?rest_route=%2Fwp%2Fv2%2Fcategories&post=43830"},{"taxonomy":"post_tag","embeddable":true,"href":"https:\/\/informativoelvalledeaguascalientes.online\/index.php?rest_route=%2Fwp%2Fv2%2Ftags&post=43830"}],"curies":[{"name":"wp","href":"https:\/\/api.w.org\/{rel}","templated":true}]}}