{"id":43821,"date":"2023-05-10T23:27:07","date_gmt":"2023-05-11T05:27:07","guid":{"rendered":"https:\/\/informativoelvalledeaguascalientes.online\/?p=43821"},"modified":"2023-05-10T23:27:07","modified_gmt":"2023-05-11T05:27:07","slug":"imjuva-lanza-convocatoria-dirigida-a-jovenes-emprendedores-para-sumarse-a-la-gira-de-imjuvarap","status":"publish","type":"post","link":"https:\/\/informativoelvalledeaguascalientes.online\/?p=43821","title":{"rendered":"IMJUVA LANZA CONVOCATORIA DIRIGIDA A J\u00d3VENES EMPRENDEDORES PARA SUMARSE A LA GIRA DE IMJUVARAP"},"content":{"rendered":"<p><strong><a href=\"https:\/\/www.facebook.com\/hashtag\/informativoelvalledeaguascalientes\">#informativoelvalledeaguascalientes<\/a><\/strong><\/p>\n<p><strong><a href=\"https:\/\/www.facebook.com\/hashtag\/novaradioaguascalientes\">#novaradioaguascalientes<\/a><\/strong><\/p>\n<p><strong><a class=\"x1i10hfl xjbqb8w x6umtig x1b1mbwd xaqea5y xav7gou x9f619 x1ypdohk xt0psk2 xe8uvvx xdj266r x11i5rnm xat24cr x1mh8g0r xexx8yu x4uap5 x18d9i69 xkhd6sd x16tdsg8 x1hl2dhg xggy1nq x1a2a7pz xt0b8zv x1qq9wsj xo1l8bm\" tabindex=\"0\" role=\"link\" href=\"https:\/\/www.facebook.com\/hashtag\/laciudaddetuvida?__eep__=6&amp;__cft__[0]=AZVUzG-uzEgkHBxlWi4clX4-qXx_nfGicugdShvx3oYxvDeUIl1My5bfFXiXTmVU7O9FCNwHdVuQiVqIjO99-u7dxeUq1S3CqcB1PNpBXLQtm-Q1JLiRFFX8c4SEMe3VqRRgSs9kS8-Ajp6HnW6ebLd3GeB3j-SCsEGrTUVXz1WdbDeQs8bs0Dry33nLaV6fVU4&amp;__tn__=*NK-R\">#LaCiudadDeTuVida<\/a><\/strong><\/p>\n<p>&nbsp;<\/p>\n<ul>\n<li><strong>Podr\u00e1n comercializar comida, botana, ropa o accesorios del \u00e1mbito urbano<\/strong><\/li>\n<\/ul>\n<p>El Instituto Municipal de la Juventud de Aguascalientes (IMJUVA), invita a j\u00f3venes emprendedores, de 12 a 29 a\u00f1os de edad, que est\u00e9n interesados en participar como expositores en la gira de IMJUVARAP para contar con un espacio de venta de comida, botana, ropa o accesorios relacionados al \u00e1mbito urbano.<\/p>\n<p><strong>Karla Ortega Gonz\u00e1lez<\/strong>, titular del IMJUVA dio a conocer que el IMJUVARAP es una gira de conciertos que se tiene prevista para realizarse a lo largo del a\u00f1o 2023, la cual convoca a artistas locales que representan la cultura hip hop, asimismo se convierte en un espacio para que los j\u00f3venes puedan participar con sus emprendimientos.<\/p>\n<p>La funcionaria municipal estableci\u00f3 que desde el Instituto se trabaja para impulsar a las juventudes en los distintos \u00f3rdenes donde desean desarrollarse, ya sea el \u00e1rea cultural o de negocios.<\/p>\n<p>Los requisitos son:<\/p>\n<ul>\n<li>Asistir a las oficinas del IMJUVA con identificaci\u00f3n oficial y comprobante de domicilio, en caso de ser un menor de edad, presentar un permiso paternal y la identificaci\u00f3n del padre o tutor<\/li>\n<li>Llenar la solicitud para participar<\/li>\n<li>Contar con equipo y utensilios propios<\/li>\n<li>Tener disponibilidad de transportarse a diferentes puntos de la ciudad<\/li>\n<\/ul>\n<p>Los interesados pueden acudir a las oficinas del IMJUVA, ubicadas en avenida Francisco I. Madero #114, zona Centro, en un horario de atenci\u00f3n de 8:00 a 15:30 horas, de lunes a viernes, para mayores informes se puede comunicar al tel\u00e9fono 4499782846 o en redes sociales\u00a0<a href=\"http:\/\/www.fb.com\/imjuva\">www.fb.com\/imjuva<\/a><\/p>\n","protected":false},"excerpt":{"rendered":"<p>#informativoelvalledeaguascalientes #novaradioaguascalientes #LaCiudadDeTuVida &nbsp; Podr\u00e1n comercializar comida, botana, ropa o accesorios del \u00e1mbito urbano El Instituto Municipal de la Juventud de Aguascalientes (IMJUVA), invita a j\u00f3venes emprendedores, de 12 a 29 a\u00f1os de edad, que est\u00e9n interesados en participar como expositores en la gira de IMJUVARAP para contar con un espacio de venta de comida, [&hellip;]<\/p>\n","protected":false},"author":1,"featured_media":43822,"comment_status":"closed","ping_status":"open","sticky":false,"template":"","format":"standard","meta":{"advanced_seo_description":"","jetpack_seo_html_title":"","jetpack_seo_noindex":false,"_jetpack_memberships_contains_paid_content":false,"footnotes":"","jetpack_publicize_message":"","jetpack_publicize_feature_enabled":true,"jetpack_social_post_already_shared":true,"jetpack_social_options":{"image_generator_settings":{"template":"highway","default_image_id":0,"font":"","enabled":false},"version":2}},"categories":[21,3],"tags":[22,134],"class_list":["post-43821","post","type-post","status-publish","format-standard","has-post-thumbnail","hentry","category-aguascalientes","category-municipio-aguascalientes","tag-aguascalientes","tag-mpio-aguascalientes-imjuva"],"jetpack_publicize_connections":[],"jetpack_featured_media_url":"https:\/\/i0.wp.com\/informativoelvalledeaguascalientes.online\/wp-content\/uploads\/2023\/05\/Emprendedores_IMJUVARAP.jpeg?fit=1600%2C1600&ssl=1","jetpack-related-posts":[],"jetpack_sharing_enabled":true,"jetpack_likes_enabled":true,"_links":{"self":[{"href":"https:\/\/informativoelvalledeaguascalientes.online\/index.php?rest_route=\/wp\/v2\/posts\/43821","targetHints":{"allow":["GET"]}}],"collection":[{"href":"https:\/\/informativoelvalledeaguascalientes.online\/index.php?rest_route=\/wp\/v2\/posts"}],"about":[{"href":"https:\/\/informativoelvalledeaguascalientes.online\/index.php?rest_route=\/wp\/v2\/types\/post"}],"author":[{"embeddable":true,"href":"https:\/\/informativoelvalledeaguascalientes.online\/index.php?rest_route=\/wp\/v2\/users\/1"}],"replies":[{"embeddable":true,"href":"https:\/\/informativoelvalledeaguascalientes.online\/index.php?rest_route=%2Fwp%2Fv2%2Fcomments&post=43821"}],"version-history":[{"count":1,"href":"https:\/\/informativoelvalledeaguascalientes.online\/index.php?rest_route=\/wp\/v2\/posts\/43821\/revisions"}],"predecessor-version":[{"id":43823,"href":"https:\/\/informativoelvalledeaguascalientes.online\/index.php?rest_route=\/wp\/v2\/posts\/43821\/revisions\/43823"}],"wp:featuredmedia":[{"embeddable":true,"href":"https:\/\/informativoelvalledeaguascalientes.online\/index.php?rest_route=\/wp\/v2\/media\/43822"}],"wp:attachment":[{"href":"https:\/\/informativoelvalledeaguascalientes.online\/index.php?rest_route=%2Fwp%2Fv2%2Fmedia&parent=43821"}],"wp:term":[{"taxonomy":"category","embeddable":true,"href":"https:\/\/informativoelvalledeaguascalientes.online\/index.php?rest_route=%2Fwp%2Fv2%2Fcategories&post=43821"},{"taxonomy":"post_tag","embeddable":true,"href":"https:\/\/informativoelvalledeaguascalientes.online\/index.php?rest_route=%2Fwp%2Fv2%2Ftags&post=43821"}],"curies":[{"name":"wp","href":"https:\/\/api.w.org\/{rel}","templated":true}]}}