{"id":43789,"date":"2023-05-09T22:02:16","date_gmt":"2023-05-10T04:02:16","guid":{"rendered":"https:\/\/informativoelvalledeaguascalientes.online\/?p=43789"},"modified":"2023-05-09T22:02:16","modified_gmt":"2023-05-10T04:02:16","slug":"veronica-esqueda-de-la-torre-rinde-protesta-como-encargada-del-despacho-de-la-vocalia-ejecutiva-del-ine","status":"publish","type":"post","link":"https:\/\/informativoelvalledeaguascalientes.online\/?p=43789","title":{"rendered":"Ver\u00f3nica Esqueda de la Torre rinde protesta como Encargada del Despacho de la Vocal\u00eda Ejecutiva del INE"},"content":{"rendered":"<p><strong><a href=\"https:\/\/www.facebook.com\/hashtag\/informativoelvalledeaguascalientes\">#informativoelvalledeaguascalientes<\/a><\/strong><\/p>\n<p><strong><a href=\"https:\/\/www.facebook.com\/hashtag\/novaradioaguascalientes\">#novaradioaguascalientes<\/a><\/strong><\/p>\n<p>&nbsp;<\/p>\n<p>En Sesi\u00f3n Extraordinaria de la Junta Local Ejecutiva (JLE) del <strong>Instituto Nacional Electoral (INE)<\/strong> en Aguascalientes, Ver\u00f3nica Esqueda de la Torre rindi\u00f3 protesta como Vocal Ejecutiva.<\/p>\n<p>La designaci\u00f3n fue emitida por la Secretaria Ejecutiva del Instituto, con fundamento en los art\u00edculos 190, 191, 192 y 193 del Estatuto del Servicio Profesional Electoral Nacional, en los que se establecen las directrices y requisitos necesarios para la ocupaci\u00f3n de cargos o puestos del Servicio cuando exista una justificaci\u00f3n institucional que la haga indispensable.<\/p>\n<p>Ver\u00f3nica Esqueda se desempe\u00f1aba como Vocal Secretaria de la Junta Local en la entidad y sustituye a Ignacio Ruelas Olvera, quien dej\u00f3 el cargo el 8 de mayo para incorporarse como Encargado del Despacho de la Direcci\u00f3n Ejecutiva de Administraci\u00f3n del INE.<\/p>\n","protected":false},"excerpt":{"rendered":"<p>#informativoelvalledeaguascalientes #novaradioaguascalientes &nbsp; En Sesi\u00f3n Extraordinaria de la Junta Local Ejecutiva (JLE) del Instituto Nacional Electoral (INE) en Aguascalientes, Ver\u00f3nica Esqueda de la Torre rindi\u00f3 protesta como Vocal Ejecutiva. La designaci\u00f3n fue emitida por la Secretaria Ejecutiva del Instituto, con fundamento en los art\u00edculos 190, 191, 192 y 193 del Estatuto del Servicio Profesional Electoral [&hellip;]<\/p>\n","protected":false},"author":1,"featured_media":43790,"comment_status":"closed","ping_status":"open","sticky":false,"template":"","format":"standard","meta":{"advanced_seo_description":"","jetpack_seo_html_title":"","jetpack_seo_noindex":false,"_jetpack_memberships_contains_paid_content":false,"footnotes":"","jetpack_publicize_message":"","jetpack_publicize_feature_enabled":true,"jetpack_social_post_already_shared":true,"jetpack_social_options":{"image_generator_settings":{"template":"highway","default_image_id":0,"font":"","enabled":false},"version":2}},"categories":[21,19],"tags":[],"class_list":["post-43789","post","type-post","status-publish","format-standard","has-post-thumbnail","hentry","category-aguascalientes","category-informacion-general"],"jetpack_publicize_connections":[],"jetpack_featured_media_url":"https:\/\/i0.wp.com\/informativoelvalledeaguascalientes.online\/wp-content\/uploads\/2023\/05\/ine-ags-scaled.jpg?fit=2560%2C1707&ssl=1","jetpack-related-posts":[],"jetpack_sharing_enabled":true,"jetpack_likes_enabled":true,"_links":{"self":[{"href":"https:\/\/informativoelvalledeaguascalientes.online\/index.php?rest_route=\/wp\/v2\/posts\/43789","targetHints":{"allow":["GET"]}}],"collection":[{"href":"https:\/\/informativoelvalledeaguascalientes.online\/index.php?rest_route=\/wp\/v2\/posts"}],"about":[{"href":"https:\/\/informativoelvalledeaguascalientes.online\/index.php?rest_route=\/wp\/v2\/types\/post"}],"author":[{"embeddable":true,"href":"https:\/\/informativoelvalledeaguascalientes.online\/index.php?rest_route=\/wp\/v2\/users\/1"}],"replies":[{"embeddable":true,"href":"https:\/\/informativoelvalledeaguascalientes.online\/index.php?rest_route=%2Fwp%2Fv2%2Fcomments&post=43789"}],"version-history":[{"count":1,"href":"https:\/\/informativoelvalledeaguascalientes.online\/index.php?rest_route=\/wp\/v2\/posts\/43789\/revisions"}],"predecessor-version":[{"id":43791,"href":"https:\/\/informativoelvalledeaguascalientes.online\/index.php?rest_route=\/wp\/v2\/posts\/43789\/revisions\/43791"}],"wp:featuredmedia":[{"embeddable":true,"href":"https:\/\/informativoelvalledeaguascalientes.online\/index.php?rest_route=\/wp\/v2\/media\/43790"}],"wp:attachment":[{"href":"https:\/\/informativoelvalledeaguascalientes.online\/index.php?rest_route=%2Fwp%2Fv2%2Fmedia&parent=43789"}],"wp:term":[{"taxonomy":"category","embeddable":true,"href":"https:\/\/informativoelvalledeaguascalientes.online\/index.php?rest_route=%2Fwp%2Fv2%2Fcategories&post=43789"},{"taxonomy":"post_tag","embeddable":true,"href":"https:\/\/informativoelvalledeaguascalientes.online\/index.php?rest_route=%2Fwp%2Fv2%2Ftags&post=43789"}],"curies":[{"name":"wp","href":"https:\/\/api.w.org\/{rel}","templated":true}]}}