{"id":43783,"date":"2023-05-09T21:50:31","date_gmt":"2023-05-10T03:50:31","guid":{"rendered":"https:\/\/informativoelvalledeaguascalientes.online\/?p=43783"},"modified":"2023-05-09T21:50:31","modified_gmt":"2023-05-10T03:50:31","slug":"carlos-monsivais-seleccionado-nacional-de-patinaje-de-velocidad-participa-en-competencias-en-europa","status":"publish","type":"post","link":"https:\/\/informativoelvalledeaguascalientes.online\/?p=43783","title":{"rendered":"CARLOS MONSIV\u00c1IS, SELECCIONADO NACIONAL DE PATINAJE DE VELOCIDAD, PARTICIPA EN COMPETENCIAS EN EUROPA"},"content":{"rendered":"<p><strong><a href=\"https:\/\/www.facebook.com\/hashtag\/informativoelvalledeaguascalientes\">#informativoelvalledeaguascalientes<\/a><\/strong><\/p>\n<p><strong><a href=\"https:\/\/www.facebook.com\/hashtag\/novaradioaguascalientes\">#novaradioaguascalientes<\/a><\/strong><\/p>\n<p><strong><a href=\"https:\/\/www.facebook.com\/GobiernodeAguascalientes\">#ElGiganteDeMexico<\/a><\/strong><\/p>\n<div id=\"bgLayers_comp-l7sh9ubr2\" class=\"MW5IWV\" data-hook=\"bgLayers\"><\/div>\n<div class=\"\" data-mesh-id=\"comp-l7sh9ubr2inlineContent\" data-testid=\"inline-content\">\n<div data-mesh-id=\"comp-l7sh9ubr2inlineContent-gridContainer\" data-testid=\"mesh-container-content\">\n<div id=\"comp-l7yvxqo2\" class=\"MazNVa comp-l7yvxqo2 wixui-image\">\n<div class=\"j7pOnl\" data-testid=\"linkElement\"><\/div>\n<\/div>\n<div id=\"comp-l7sh9ubx\" class=\"TWFxr5\">\n<div class=\"comp-l7sh9ubx\">\n<div class=\"s1IW4bz comp-l7sh9ubx\" data-hook=\"ricosviewer-wrapper\">\n<div class=\"kvdbP _1O7aH\" dir=\"ltr\" data-id=\"rich-content-viewer\">\n<div class=\"_1hN1O _3EPBy\">\n<p id=\"viewer-foo\" class=\"mm8Nw _1j-51 _1FoOD _78FBa public-DraftStyleDefault-block-depth0 fixed-tab-size public-DraftStyleDefault-text-ltr\"><span class=\"_2PHJq public-DraftStyleDefault-ltr\">Uno de los compromisos de la gobernadora de Aguascalientes, Tere Jim\u00e9nez, es impulsar el deporte, as\u00ed como apoyar a deportistas de alto rendimiento para que puedan cumplir sus sue\u00f1os y logren participar en competencias a nivel nacional e internacional.\u00a0<\/span><\/p>\n<div id=\"viewer-pr8a1119\" class=\"mm8Nw _1j-51 _1FoOD _78FBa public-DraftStyleDefault-block-depth0 fixed-tab-size public-DraftStyleDefault-text-ltr\"><span class=\"_2PHJq public-DraftStyleDefault-ltr\">\u00a0<\/span><\/div>\n<p id=\"viewer-vot88120\" class=\"mm8Nw _1j-51 _1FoOD _78FBa public-DraftStyleDefault-block-depth0 fixed-tab-size public-DraftStyleDefault-text-ltr\"><span class=\"_2PHJq public-DraftStyleDefault-ltr\">Muestra de ello es el patinador Carlos Alberto Monsiv\u00e1is Villalobos, orgullosamente aguascalentense, de tan s\u00f3lo 21 a\u00f1os de edad, quien inici\u00f3 su formaci\u00f3n en la pista de patinaje sobre ruedas del Instituto del Deporte del Estado de Aguascalientes (IDEA). Desde el 2007 el patinador se ha formado en este lugar a lo largo de su carrera y ha recibido apoyo para participar en competencias de patinaje de velocidad.<\/span><\/p>\n<div id=\"viewer-v4x1y122\" class=\"mm8Nw _1j-51 _1FoOD _78FBa public-DraftStyleDefault-block-depth0 fixed-tab-size public-DraftStyleDefault-text-ltr\"><span class=\"_2PHJq public-DraftStyleDefault-ltr\">\u00a0<\/span><\/div>\n<p id=\"viewer-0ee5z123\" class=\"mm8Nw _1j-51 _1FoOD _78FBa public-DraftStyleDefault-block-depth0 fixed-tab-size public-DraftStyleDefault-text-ltr\"><span class=\"_2PHJq public-DraftStyleDefault-ltr\">Actualmente es un digno representante de la Selecci\u00f3n Nacional de Patinaje de Velocidad y se encuentra realizando una gira por Europa que concluir\u00e1 el pr\u00f3ximo 22 de mayo; durante su estancia en aquel continente, competir\u00e1 en la European Cup en las ciudades de Geisingen y Gross Gerau, en Alemania; posteriormente, se concentrar\u00e1 en Italia para entrenar.\u00a0<\/span><\/p>\n<div id=\"viewer-tr7l2125\" class=\"mm8Nw _1j-51 _1FoOD _78FBa public-DraftStyleDefault-block-depth0 fixed-tab-size public-DraftStyleDefault-text-ltr\"><span class=\"_2PHJq public-DraftStyleDefault-ltr\">\u00a0<\/span><\/div>\n<p id=\"viewer-0fds5126\" class=\"mm8Nw _1j-51 _1FoOD _78FBa public-DraftStyleDefault-block-depth0 fixed-tab-size public-DraftStyleDefault-text-ltr\"><span class=\"_2PHJq public-DraftStyleDefault-ltr\">El patinaje ha sido una de las pasiones de Carlos Monsiv\u00e1is, quien logr\u00f3 su ingreso a la Selecci\u00f3n Nacional Mexicana en el 2019, debutando ese mismo a\u00f1o en los World Roller Games, en Barcelona, Espa\u00f1a; donde obtuvo el d\u00e9cimo lugar del mundo.\u00a0<\/span><\/p>\n<div id=\"viewer-uhwnf128\" class=\"mm8Nw _1j-51 _1FoOD _78FBa public-DraftStyleDefault-block-depth0 fixed-tab-size public-DraftStyleDefault-text-ltr\"><span class=\"_2PHJq public-DraftStyleDefault-ltr\">\u00a0<\/span><\/div>\n<p id=\"viewer-jlv5o129\" class=\"mm8Nw _1j-51 _1FoOD _78FBa public-DraftStyleDefault-block-depth0 fixed-tab-size public-DraftStyleDefault-text-ltr\"><span class=\"_2PHJq public-DraftStyleDefault-ltr\">Otra de sus participaciones destacadas fue en el Campeonato Panamericano de Clubes y Naciones de Patinaje de Velocidad 2022 en Ibagu\u00e9, Colombia; en el que logr\u00f3 posicionarse dentro del top 5 en cuatro de las cinco pruebas que contempl\u00f3 la competencia.\u00a0<\/span><\/p>\n<div id=\"viewer-ny0ck131\" class=\"mm8Nw _1j-51 _1FoOD _78FBa public-DraftStyleDefault-block-depth0 fixed-tab-size public-DraftStyleDefault-text-ltr\"><span class=\"_2PHJq public-DraftStyleDefault-ltr\">\u00a0<\/span><\/div>\n<p id=\"viewer-fbvby132\" class=\"mm8Nw _1j-51 _1FoOD _78FBa public-DraftStyleDefault-block-depth0 fixed-tab-size public-DraftStyleDefault-text-ltr\"><span class=\"_2PHJq public-DraftStyleDefault-ltr\">Su relevante desempe\u00f1o lo llev\u00f3 a los Juegos Mundiales de Patinaje 2022, conocidos tambi\u00e9n como la 3.\u00aa edici\u00f3n de los World Skate Games, que se llevaron a cabo en Argentina, y en donde Carlos Monsiv\u00e1is logr\u00f3 colocarse en el lugar n\u00famero 14. Este evento reuni\u00f3 a los principales campeones mundiales en disciplinas del patinaje sobre ruedas.<\/span><\/p>\n<div id=\"viewer-f032f134\" class=\"mm8Nw _1j-51 _1FoOD _78FBa public-DraftStyleDefault-block-depth0 fixed-tab-size public-DraftStyleDefault-text-ltr\"><span class=\"_2PHJq public-DraftStyleDefault-ltr\">\u00a0<\/span><\/div>\n<p id=\"viewer-2mh2t135\" class=\"mm8Nw _1j-51 _1FoOD _78FBa public-DraftStyleDefault-block-depth0 fixed-tab-size public-DraftStyleDefault-text-ltr\"><span class=\"_2PHJq public-DraftStyleDefault-ltr\">Sin duda, el respaldo de su familia ha sido fundamental, as\u00ed como la constancia y tenacidad que lo impulsan a diario para continuar con su entrenamiento y enfrentarse a los mejores patinadores del mundo.\u00a0<\/span><\/p>\n<div id=\"viewer-0pev4137\" class=\"mm8Nw _1j-51 _1FoOD _78FBa public-DraftStyleDefault-block-depth0 fixed-tab-size public-DraftStyleDefault-text-ltr\"><span class=\"_2PHJq public-DraftStyleDefault-ltr\">\u00a0<\/span><\/div>\n<p id=\"viewer-amu8i138\" class=\"mm8Nw _1j-51 _1FoOD _78FBa public-DraftStyleDefault-block-depth0 fixed-tab-size public-DraftStyleDefault-text-ltr\"><span class=\"_2PHJq public-DraftStyleDefault-ltr\">A su regreso, Carlos Monsiv\u00e1is seguir\u00e1 practicando en las instalaciones IDEA, adem\u00e1s de continuar con su preparaci\u00f3n acad\u00e9mica, ya que actualmente cursa el sexto semestre de la Licenciatura en Urbanismo en la Universidad Aut\u00f3noma de Aguascalientes (UAA).<\/span><\/p>\n<div id=\"viewer-kundd140\" class=\"mm8Nw _1j-51 _1FoOD _78FBa public-DraftStyleDefault-block-depth0 fixed-tab-size public-DraftStyleDefault-text-ltr\"><span class=\"_2PHJq public-DraftStyleDefault-ltr\">\u00a0<\/span><\/div>\n<p id=\"viewer-2nmnq141\" class=\"mm8Nw _1j-51 _1FoOD _78FBa public-DraftStyleDefault-block-depth0 fixed-tab-size public-DraftStyleDefault-text-ltr\"><span class=\"_2PHJq public-DraftStyleDefault-ltr\">Carlos aprovech\u00f3 para enviar un mensaje a otros j\u00f3venes e invitarlos a formar parte de alguna disciplina que les permita destacar en el \u00e1mbito deportivo.<\/span><\/p>\n<\/div>\n<\/div>\n<\/div>\n<\/div>\n<\/div>\n<\/div>\n<\/div>\n","protected":false},"excerpt":{"rendered":"<p>#informativoelvalledeaguascalientes #novaradioaguascalientes #ElGiganteDeMexico Uno de los compromisos de la gobernadora de Aguascalientes, Tere Jim\u00e9nez, es impulsar el deporte, as\u00ed como apoyar a deportistas de alto rendimiento para que puedan cumplir sus sue\u00f1os y logren participar en competencias a nivel nacional e internacional.\u00a0 \u00a0 Muestra de ello es el patinador Carlos Alberto Monsiv\u00e1is Villalobos, orgullosamente aguascalentense, [&hellip;]<\/p>\n","protected":false},"author":1,"featured_media":43784,"comment_status":"closed","ping_status":"open","sticky":false,"template":"","format":"standard","meta":{"advanced_seo_description":"","jetpack_seo_html_title":"","jetpack_seo_noindex":false,"_jetpack_memberships_contains_paid_content":false,"footnotes":"","jetpack_publicize_message":"","jetpack_publicize_feature_enabled":true,"jetpack_social_post_already_shared":true,"jetpack_social_options":{"image_generator_settings":{"template":"highway","default_image_id":0,"font":"","enabled":false},"version":2}},"categories":[21,4],"tags":[22,615,113],"class_list":["post-43783","post","type-post","status-publish","format-standard","has-post-thumbnail","hentry","category-aguascalientes","category-gobierno-del-estado-aguascalientes","tag-aguascalientes","tag-gobierno-del-estado-de-aguascalientes","tag-idea"],"jetpack_publicize_connections":[],"jetpack_featured_media_url":"https:\/\/i0.wp.com\/informativoelvalledeaguascalientes.online\/wp-content\/uploads\/2023\/05\/gob-edo-idea-carlos-patinador.webp?fit=629%2C420&ssl=1","jetpack-related-posts":[],"jetpack_sharing_enabled":true,"jetpack_likes_enabled":true,"_links":{"self":[{"href":"https:\/\/informativoelvalledeaguascalientes.online\/index.php?rest_route=\/wp\/v2\/posts\/43783","targetHints":{"allow":["GET"]}}],"collection":[{"href":"https:\/\/informativoelvalledeaguascalientes.online\/index.php?rest_route=\/wp\/v2\/posts"}],"about":[{"href":"https:\/\/informativoelvalledeaguascalientes.online\/index.php?rest_route=\/wp\/v2\/types\/post"}],"author":[{"embeddable":true,"href":"https:\/\/informativoelvalledeaguascalientes.online\/index.php?rest_route=\/wp\/v2\/users\/1"}],"replies":[{"embeddable":true,"href":"https:\/\/informativoelvalledeaguascalientes.online\/index.php?rest_route=%2Fwp%2Fv2%2Fcomments&post=43783"}],"version-history":[{"count":1,"href":"https:\/\/informativoelvalledeaguascalientes.online\/index.php?rest_route=\/wp\/v2\/posts\/43783\/revisions"}],"predecessor-version":[{"id":43785,"href":"https:\/\/informativoelvalledeaguascalientes.online\/index.php?rest_route=\/wp\/v2\/posts\/43783\/revisions\/43785"}],"wp:featuredmedia":[{"embeddable":true,"href":"https:\/\/informativoelvalledeaguascalientes.online\/index.php?rest_route=\/wp\/v2\/media\/43784"}],"wp:attachment":[{"href":"https:\/\/informativoelvalledeaguascalientes.online\/index.php?rest_route=%2Fwp%2Fv2%2Fmedia&parent=43783"}],"wp:term":[{"taxonomy":"category","embeddable":true,"href":"https:\/\/informativoelvalledeaguascalientes.online\/index.php?rest_route=%2Fwp%2Fv2%2Fcategories&post=43783"},{"taxonomy":"post_tag","embeddable":true,"href":"https:\/\/informativoelvalledeaguascalientes.online\/index.php?rest_route=%2Fwp%2Fv2%2Ftags&post=43783"}],"curies":[{"name":"wp","href":"https:\/\/api.w.org\/{rel}","templated":true}]}}