{"id":43758,"date":"2023-05-09T20:55:58","date_gmt":"2023-05-10T02:55:58","guid":{"rendered":"https:\/\/informativoelvalledeaguascalientes.online\/?p=43758"},"modified":"2023-05-09T20:55:58","modified_gmt":"2023-05-10T02:55:58","slug":"continua-municipio-aguascalientes-con-trabajos-de-recoleccion-de-estructuras-y-desechos-en-el-area-ferial","status":"publish","type":"post","link":"https:\/\/informativoelvalledeaguascalientes.online\/?p=43758","title":{"rendered":"CONTIN\u00daA MUNICIPIO AGUASCALIENTES CON TRABAJOS DE RECOLECCI\u00d3N DE ESTRUCTURAS Y DESECHOS EN EL \u00c1REA FERIAL"},"content":{"rendered":"<p><strong><a href=\"https:\/\/www.facebook.com\/hashtag\/informativoelvalledeaguascalientes\">#informativoelvalledeaguascalientes<\/a><\/strong><\/p>\n<p><strong><a href=\"https:\/\/www.facebook.com\/hashtag\/novaradioaguascalientes\">#novaradioaguascalientes<\/a><\/strong><\/p>\n<p><strong><a class=\"x1i10hfl xjbqb8w x6umtig x1b1mbwd xaqea5y xav7gou x9f619 x1ypdohk xt0psk2 xe8uvvx xdj266r x11i5rnm xat24cr x1mh8g0r xexx8yu x4uap5 x18d9i69 xkhd6sd x16tdsg8 x1hl2dhg xggy1nq x1a2a7pz xt0b8zv x1qq9wsj xo1l8bm\" tabindex=\"0\" role=\"link\" href=\"https:\/\/www.facebook.com\/hashtag\/laciudaddetuvida?__eep__=6&amp;__cft__[0]=AZVUzG-uzEgkHBxlWi4clX4-qXx_nfGicugdShvx3oYxvDeUIl1My5bfFXiXTmVU7O9FCNwHdVuQiVqIjO99-u7dxeUq1S3CqcB1PNpBXLQtm-Q1JLiRFFX8c4SEMe3VqRRgSs9kS8-Ajp6HnW6ebLd3GeB3j-SCsEGrTUVXz1WdbDeQs8bs0Dry33nLaV6fVU4&amp;__tn__=*NK-R\">#LaCiudadDeTuVida<\/a><\/strong><\/p>\n<p>&nbsp;<\/p>\n<ul>\n<li><strong>Se lleva a cabo la recolecci\u00f3n final de los negocios que desmonten locales temporales<\/strong><\/li>\n<\/ul>\n<p>Como parte de los trabajos en la semana posterior a la Feria Nacional de San Marcos 2023, la Direcci\u00f3n de Limpia y Aseo P\u00fablico, lleva a cabo la recolecci\u00f3n final de desechos derivados por el retiro de estructuras temporales de negocios que operaron durante la verbena abrile\u00f1a.<\/p>\n<p>El director de Limpia y Aseo P\u00fablico,\u00a0<strong>Cristian Hern\u00e1ndez Mac\u00edas<\/strong>, coment\u00f3 que en estos d\u00edas posteriores a la feria, aquellas personas que quitan sus negocios generan desechos diferentes a los que normalmente se recogen durante los d\u00edas de feria, ya que se pueden encontrar desde material para construcci\u00f3n ligera hasta muebles.<\/p>\n<p>Por este motivo se realizan visitas de inspecci\u00f3n para recordarles que se tiene la obligaci\u00f3n de depositar estos desechos en los cajones dispuestos para este fin, uno se encuentra en la calle Laureles, y otro en la esquina de Nieto y Ray\u00f3n.<\/p>\n<p>Reiter\u00f3 la atenta invitaci\u00f3n a todos los comerciantes de la zona a ponerse en contacto con la Direcci\u00f3n de Limpia a trav\u00e9s del 449 915 4438 en caso de tener dudas sobre los desechos que pueden depositar en estos cajones, y sobre el programa de recolecci\u00f3n de muebles de desecho.<\/p>\n","protected":false},"excerpt":{"rendered":"<p>#informativoelvalledeaguascalientes #novaradioaguascalientes #LaCiudadDeTuVida &nbsp; Se lleva a cabo la recolecci\u00f3n final de los negocios que desmonten locales temporales Como parte de los trabajos en la semana posterior a la Feria Nacional de San Marcos 2023, la Direcci\u00f3n de Limpia y Aseo P\u00fablico, lleva a cabo la recolecci\u00f3n final de desechos derivados por el retiro de [&hellip;]<\/p>\n","protected":false},"author":1,"featured_media":43759,"comment_status":"closed","ping_status":"open","sticky":false,"template":"","format":"standard","meta":{"advanced_seo_description":"","jetpack_seo_html_title":"","jetpack_seo_noindex":false,"_jetpack_memberships_contains_paid_content":false,"footnotes":"","jetpack_publicize_message":"","jetpack_publicize_feature_enabled":true,"jetpack_social_post_already_shared":true,"jetpack_social_options":{"image_generator_settings":{"template":"highway","default_image_id":0,"font":"","enabled":false},"version":2}},"categories":[21,3],"tags":[22,25,677],"class_list":["post-43758","post","type-post","status-publish","format-standard","has-post-thumbnail","hentry","category-aguascalientes","category-municipio-aguascalientes","tag-aguascalientes","tag-mpio-aguascalientes","tag-mpio-aguascalientes-direccion-de-limpia-y-aseo-publico"],"jetpack_publicize_connections":[],"jetpack_featured_media_url":"https:\/\/i0.wp.com\/informativoelvalledeaguascalientes.online\/wp-content\/uploads\/2023\/05\/Mpio-Ags-Direccion-de-Limpia-y-Aseo-Pco.jpeg?fit=1600%2C1042&ssl=1","jetpack-related-posts":[],"jetpack_sharing_enabled":true,"jetpack_likes_enabled":true,"_links":{"self":[{"href":"https:\/\/informativoelvalledeaguascalientes.online\/index.php?rest_route=\/wp\/v2\/posts\/43758","targetHints":{"allow":["GET"]}}],"collection":[{"href":"https:\/\/informativoelvalledeaguascalientes.online\/index.php?rest_route=\/wp\/v2\/posts"}],"about":[{"href":"https:\/\/informativoelvalledeaguascalientes.online\/index.php?rest_route=\/wp\/v2\/types\/post"}],"author":[{"embeddable":true,"href":"https:\/\/informativoelvalledeaguascalientes.online\/index.php?rest_route=\/wp\/v2\/users\/1"}],"replies":[{"embeddable":true,"href":"https:\/\/informativoelvalledeaguascalientes.online\/index.php?rest_route=%2Fwp%2Fv2%2Fcomments&post=43758"}],"version-history":[{"count":1,"href":"https:\/\/informativoelvalledeaguascalientes.online\/index.php?rest_route=\/wp\/v2\/posts\/43758\/revisions"}],"predecessor-version":[{"id":43760,"href":"https:\/\/informativoelvalledeaguascalientes.online\/index.php?rest_route=\/wp\/v2\/posts\/43758\/revisions\/43760"}],"wp:featuredmedia":[{"embeddable":true,"href":"https:\/\/informativoelvalledeaguascalientes.online\/index.php?rest_route=\/wp\/v2\/media\/43759"}],"wp:attachment":[{"href":"https:\/\/informativoelvalledeaguascalientes.online\/index.php?rest_route=%2Fwp%2Fv2%2Fmedia&parent=43758"}],"wp:term":[{"taxonomy":"category","embeddable":true,"href":"https:\/\/informativoelvalledeaguascalientes.online\/index.php?rest_route=%2Fwp%2Fv2%2Fcategories&post=43758"},{"taxonomy":"post_tag","embeddable":true,"href":"https:\/\/informativoelvalledeaguascalientes.online\/index.php?rest_route=%2Fwp%2Fv2%2Ftags&post=43758"}],"curies":[{"name":"wp","href":"https:\/\/api.w.org\/{rel}","templated":true}]}}