{"id":43713,"date":"2023-05-08T22:10:15","date_gmt":"2023-05-09T04:10:15","guid":{"rendered":"https:\/\/informativoelvalledeaguascalientes.online\/?p=43713"},"modified":"2023-05-08T22:10:15","modified_gmt":"2023-05-09T04:10:15","slug":"tere-jimenez-encabeza-honores-a-la-bandera-en-la-escuela-primaria-temachtiani","status":"publish","type":"post","link":"https:\/\/informativoelvalledeaguascalientes.online\/?p=43713","title":{"rendered":"TERE JIM\u00c9NEZ ENCABEZA HONORES A LA BANDERA EN LA ESCUELA PRIMARIA TEMACHTIANI"},"content":{"rendered":"<p><strong><a href=\"https:\/\/www.facebook.com\/hashtag\/informativoelvalledeaguascalientes\">#informativoelvalledeaguascalientes<\/a> <\/strong><\/p>\n<p><strong><a href=\"https:\/\/www.facebook.com\/hashtag\/novaradioaguascalientes\">#novaradioaguascalientes<\/a><\/strong><\/p>\n<p><strong><a href=\"https:\/\/www.facebook.com\/GobiernodeAguascalientes\">#ElGiganteDeMexico<\/a><\/strong><\/p>\n<p>&nbsp;<\/p>\n<div class=\"\" data-mesh-id=\"comp-l7sh9ubr2inlineContent\" data-testid=\"inline-content\">\n<div data-mesh-id=\"comp-l7sh9ubr2inlineContent-gridContainer\" data-testid=\"mesh-container-content\">\n<div id=\"comp-l7sh9ubx\" class=\"TWFxr5\">\n<div class=\"comp-l7sh9ubx\">\n<div class=\"s1IW4bz comp-l7sh9ubx\" data-hook=\"ricosviewer-wrapper\">\n<div class=\"kvdbP _1O7aH\" dir=\"ltr\" data-id=\"rich-content-viewer\">\n<div class=\"_1hN1O _3EPBy\">\n<p id=\"viewer-foo\" class=\"mm8Nw _1j-51 _1FoOD _78FBa public-DraftStyleDefault-block-depth0 fixed-tab-size public-DraftStyleDefault-text-ltr\"><span class=\"_2PHJq public-DraftStyleDefault-ltr\">Al rendir honores a la bandera en la Escuela Primaria Temachtiani de la colonia Lomas del Mirador 1.\u00aa secci\u00f3n, la gobernadora de Aguascalientes, Tere Jim\u00e9nez, inaugur\u00f3 una biblioteca en el plantel y reconoci\u00f3 el esfuerzo de los alumnos, docentes y padres de familia por seguir impulsando el sistema educativo.\u00a0<\/span><\/p>\n<div id=\"viewer-zi7nt132\" class=\"mm8Nw _1j-51 _1FoOD _78FBa public-DraftStyleDefault-block-depth0 fixed-tab-size public-DraftStyleDefault-text-ltr\"><span class=\"_2PHJq public-DraftStyleDefault-ltr\">\u00a0<\/span><\/div>\n<p id=\"viewer-xcyxi133\" class=\"mm8Nw _1j-51 _1FoOD _78FBa public-DraftStyleDefault-block-depth0 fixed-tab-size public-DraftStyleDefault-text-ltr\"><span class=\"_2PHJq public-DraftStyleDefault-ltr\">\u201cVoy a estar muy atenta a sus necesidades, cuenten siempre con nosotros para salir adelante; estudien mucho para que cumplan cada uno de sus sue\u00f1os\u201d, dijo la gobernadora.\u00a0<\/span><\/p>\n<div id=\"viewer-62wgc135\" class=\"mm8Nw _1j-51 _1FoOD _78FBa public-DraftStyleDefault-block-depth0 fixed-tab-size public-DraftStyleDefault-text-ltr\"><span class=\"_2PHJq public-DraftStyleDefault-ltr\">\u00a0<\/span><\/div>\n<p id=\"viewer-or86f136\" class=\"mm8Nw _1j-51 _1FoOD _78FBa public-DraftStyleDefault-block-depth0 fixed-tab-size public-DraftStyleDefault-text-ltr\"><span class=\"_2PHJq public-DraftStyleDefault-ltr\">Tere Jim\u00e9nez invit\u00f3 a las ni\u00f1as y ni\u00f1os a participar en la Copa Aguascalientes en diferentes disciplinas deportivas y a formar parte de la Comunidad de Orquestas Municipales de Aguascalientes Comp\u00e1z, ambas, iniciativas que impulsa la gobernadora para favorecer el desarrollo f\u00edsico y emocional de los m\u00e1s peque\u00f1os.\u00a0<\/span><\/p>\n<div id=\"viewer-1ftzc138\" class=\"mm8Nw _1j-51 _1FoOD _78FBa public-DraftStyleDefault-block-depth0 fixed-tab-size public-DraftStyleDefault-text-ltr\"><span class=\"_2PHJq public-DraftStyleDefault-ltr\">\u00a0<\/span><\/div>\n<p id=\"viewer-oy2yc139\" class=\"mm8Nw _1j-51 _1FoOD _78FBa public-DraftStyleDefault-block-depth0 fixed-tab-size public-DraftStyleDefault-text-ltr\"><span class=\"_2PHJq public-DraftStyleDefault-ltr\">Por su parte, el director del plantel, Celerino Luis Mor\u00e1n Castillo, agradeci\u00f3 la visita de Tere Jim\u00e9nez y reconoci\u00f3 el trabajo que su administraci\u00f3n hace a favor del desarrollo acad\u00e9mico; asegur\u00f3 que seguir\u00e1 colaborando para que los estudiantes se superen d\u00eda con d\u00eda.<\/span><\/p>\n<div id=\"viewer-ykxc0141\" class=\"mm8Nw _1j-51 _1FoOD _78FBa public-DraftStyleDefault-block-depth0 fixed-tab-size public-DraftStyleDefault-text-ltr\"><span class=\"_2PHJq public-DraftStyleDefault-ltr\">\u00a0<\/span><\/div>\n<p id=\"viewer-2pm5a142\" class=\"mm8Nw _1j-51 _1FoOD _78FBa public-DraftStyleDefault-block-depth0 fixed-tab-size public-DraftStyleDefault-text-ltr\"><span class=\"_2PHJq public-DraftStyleDefault-ltr\">En el marco del acto c\u00edvico, la gobernadora entreg\u00f3 reconocimientos, tabletas y bicicletas a las y los alumnos con mejores promedios.\u00a0<\/span><\/p>\n<div id=\"viewer-p9om6144\" class=\"mm8Nw _1j-51 _1FoOD _78FBa public-DraftStyleDefault-block-depth0 fixed-tab-size public-DraftStyleDefault-text-ltr\"><span class=\"_2PHJq public-DraftStyleDefault-ltr\">\u00a0<\/span><\/div>\n<p id=\"viewer-okciu145\" class=\"mm8Nw _1j-51 _1FoOD _78FBa public-DraftStyleDefault-block-depth0 fixed-tab-size public-DraftStyleDefault-text-ltr\"><span class=\"_2PHJq public-DraftStyleDefault-ltr\">En el evento estuvieron presentes Ra\u00fal Silva Perezchica, presidente de la Comisi\u00f3n de Educaci\u00f3n y Cultura del H. Congreso de Estado; Luz Alejandra Mart\u00ednez Rivera, alumna del plantel; Ana Lilia Esparza \u00c1vila, presidenta del Consejo Escolar de Participaci\u00f3n Social de Padres de Familia; Gustavo D\u00edaz de Le\u00f3n Reyes, presidente de la Mesa Directiva de Padres de Familia, y Mar\u00eda Maldonado Montelongo, titular de la Sistema de Asesor\u00eda y Acompa\u00f1amiento a la Escuela (Sisaae) Morelos.<\/span><\/p>\n<\/div>\n<\/div>\n<\/div>\n<\/div>\n<\/div>\n<\/div>\n<\/div>\n","protected":false},"excerpt":{"rendered":"<p>#informativoelvalledeaguascalientes #novaradioaguascalientes #ElGiganteDeMexico &nbsp; Al rendir honores a la bandera en la Escuela Primaria Temachtiani de la colonia Lomas del Mirador 1.\u00aa secci\u00f3n, la gobernadora de Aguascalientes, Tere Jim\u00e9nez, inaugur\u00f3 una biblioteca en el plantel y reconoci\u00f3 el esfuerzo de los alumnos, docentes y padres de familia por seguir impulsando el sistema educativo.\u00a0 \u00a0 \u201cVoy [&hellip;]<\/p>\n","protected":false},"author":1,"featured_media":43714,"comment_status":"closed","ping_status":"open","sticky":false,"template":"","format":"standard","meta":{"advanced_seo_description":"","jetpack_seo_html_title":"","jetpack_seo_noindex":false,"_jetpack_memberships_contains_paid_content":false,"footnotes":"","jetpack_publicize_message":"","jetpack_publicize_feature_enabled":true,"jetpack_social_post_already_shared":true,"jetpack_social_options":{"image_generator_settings":{"template":"highway","default_image_id":0,"font":"","enabled":false},"version":2}},"categories":[21,4],"tags":[22,161,615,320],"class_list":["post-43713","post","type-post","status-publish","format-standard","has-post-thumbnail","hentry","category-aguascalientes","category-gobierno-del-estado-aguascalientes","tag-aguascalientes","tag-gobierno-del-estado-aguascalientes","tag-gobierno-del-estado-de-aguascalientes","tag-tere-jimenez"],"jetpack_publicize_connections":[],"jetpack_featured_media_url":"https:\/\/i0.wp.com\/informativoelvalledeaguascalientes.online\/wp-content\/uploads\/2023\/05\/8.JPG.jpg?fit=2400%2C1600&ssl=1","jetpack-related-posts":[],"jetpack_sharing_enabled":true,"jetpack_likes_enabled":true,"_links":{"self":[{"href":"https:\/\/informativoelvalledeaguascalientes.online\/index.php?rest_route=\/wp\/v2\/posts\/43713","targetHints":{"allow":["GET"]}}],"collection":[{"href":"https:\/\/informativoelvalledeaguascalientes.online\/index.php?rest_route=\/wp\/v2\/posts"}],"about":[{"href":"https:\/\/informativoelvalledeaguascalientes.online\/index.php?rest_route=\/wp\/v2\/types\/post"}],"author":[{"embeddable":true,"href":"https:\/\/informativoelvalledeaguascalientes.online\/index.php?rest_route=\/wp\/v2\/users\/1"}],"replies":[{"embeddable":true,"href":"https:\/\/informativoelvalledeaguascalientes.online\/index.php?rest_route=%2Fwp%2Fv2%2Fcomments&post=43713"}],"version-history":[{"count":1,"href":"https:\/\/informativoelvalledeaguascalientes.online\/index.php?rest_route=\/wp\/v2\/posts\/43713\/revisions"}],"predecessor-version":[{"id":43715,"href":"https:\/\/informativoelvalledeaguascalientes.online\/index.php?rest_route=\/wp\/v2\/posts\/43713\/revisions\/43715"}],"wp:featuredmedia":[{"embeddable":true,"href":"https:\/\/informativoelvalledeaguascalientes.online\/index.php?rest_route=\/wp\/v2\/media\/43714"}],"wp:attachment":[{"href":"https:\/\/informativoelvalledeaguascalientes.online\/index.php?rest_route=%2Fwp%2Fv2%2Fmedia&parent=43713"}],"wp:term":[{"taxonomy":"category","embeddable":true,"href":"https:\/\/informativoelvalledeaguascalientes.online\/index.php?rest_route=%2Fwp%2Fv2%2Fcategories&post=43713"},{"taxonomy":"post_tag","embeddable":true,"href":"https:\/\/informativoelvalledeaguascalientes.online\/index.php?rest_route=%2Fwp%2Fv2%2Ftags&post=43713"}],"curies":[{"name":"wp","href":"https:\/\/api.w.org\/{rel}","templated":true}]}}