{"id":4328,"date":"2020-03-18T21:35:50","date_gmt":"2020-03-19T03:35:50","guid":{"rendered":"https:\/\/informativoelvalledeaguascalientes.online\/?p=4328"},"modified":"2020-03-18T21:35:50","modified_gmt":"2020-03-19T03:35:50","slug":"exhortan-a-establecimientos-comerciales-a-sumarse-voluntariamente-al-periodo-de-distanciamiento-social-del-20-de-marzo-al-4-de-abril","status":"publish","type":"post","link":"https:\/\/informativoelvalledeaguascalientes.online\/?p=4328","title":{"rendered":"Exhortan a establecimientos comerciales a sumarse voluntariamente al Periodo de Distanciamiento Social del 20 de marzo al 4 de abril"},"content":{"rendered":"<p style=\"font-weight: 400;\">El secretario de Gobierno y del Ayuntamiento, Fernando Figueroa Ortega, hizo un exhorto a los propietarios de diversos establecimientos comerciales a sumarse voluntariamente al Periodo de Distanciamiento Social del 20 de marzo al 4 de abril, para contribuir a las medidas de prevenci\u00f3n implementadas por el gobierno municipal de Calvillo y las autoridades del sector Salud, para enfrentar la contingencia sanitaria provocada por la presencia en el pa\u00eds y en el estado del COVID-19 (Coronavirus).<\/p>\n<p style=\"font-weight: 400;\">Adem\u00e1s, el funcionario municipal inform\u00f3 que durante el periodo referido, el gobierno municipal no otorgar\u00e1 permisos para la realizaci\u00f3n de eventos sociales, como pueden ser bodas, XV a\u00f1os, bautizos, etc.<\/p>\n<p style=\"font-weight: 400;\">La invitaci\u00f3n est\u00e1 dirigida, principalmente, a los siguientes tipos de establecimientos comerciales: jard\u00edn de eventos sociales, sal\u00f3n de eventos sociales, gimnasios, cines, Tianguis Municipal, ferias y\/o verbenas, lugares concurridos y lugares donde asistan m\u00e1s de 50 personas.<\/p>\n<p style=\"font-weight: 400;\">Tambi\u00e9n, el titular de la Secretar\u00eda Ejecutiva, Daniel Romo Urrutia, se reuni\u00f3 con delegados, subdelegados y comisarios municipales, con quienes acord\u00f3 la suspensi\u00f3n hasta nuevo aviso de las fiestas patronales y ferias en las diversas comunidades del municipio.<\/p>\n","protected":false},"excerpt":{"rendered":"<p>El secretario de Gobierno y del Ayuntamiento, Fernando Figueroa Ortega, hizo un exhorto a los propietarios de diversos establecimientos comerciales a sumarse voluntariamente al Periodo de Distanciamiento Social del 20 de marzo al 4 de abril, para contribuir a las medidas de prevenci\u00f3n implementadas por el gobierno municipal de Calvillo y las autoridades del sector [&hellip;]<\/p>\n","protected":false},"author":1,"featured_media":4329,"comment_status":"closed","ping_status":"open","sticky":false,"template":"","format":"standard","meta":{"advanced_seo_description":"","jetpack_seo_html_title":"","jetpack_seo_noindex":false,"_jetpack_memberships_contains_paid_content":false,"footnotes":"","jetpack_publicize_message":"","jetpack_publicize_feature_enabled":true,"jetpack_social_post_already_shared":true,"jetpack_social_options":{"image_generator_settings":{"template":"highway","default_image_id":0,"font":"","enabled":false},"version":2}},"categories":[21,13],"tags":[22,29],"class_list":["post-4328","post","type-post","status-publish","format-standard","has-post-thumbnail","hentry","category-aguascalientes","category-calvillo-aguascalientes","tag-aguascalientes","tag-calvillo-aguascalientes"],"jetpack_publicize_connections":[],"jetpack_featured_media_url":"https:\/\/i0.wp.com\/informativoelvalledeaguascalientes.online\/wp-content\/uploads\/2020\/03\/calvillo_ags_comercios_18032020.jpg?fit=873%2C582&ssl=1","jetpack-related-posts":[],"jetpack_sharing_enabled":true,"jetpack_likes_enabled":true,"_links":{"self":[{"href":"https:\/\/informativoelvalledeaguascalientes.online\/index.php?rest_route=\/wp\/v2\/posts\/4328","targetHints":{"allow":["GET"]}}],"collection":[{"href":"https:\/\/informativoelvalledeaguascalientes.online\/index.php?rest_route=\/wp\/v2\/posts"}],"about":[{"href":"https:\/\/informativoelvalledeaguascalientes.online\/index.php?rest_route=\/wp\/v2\/types\/post"}],"author":[{"embeddable":true,"href":"https:\/\/informativoelvalledeaguascalientes.online\/index.php?rest_route=\/wp\/v2\/users\/1"}],"replies":[{"embeddable":true,"href":"https:\/\/informativoelvalledeaguascalientes.online\/index.php?rest_route=%2Fwp%2Fv2%2Fcomments&post=4328"}],"version-history":[{"count":1,"href":"https:\/\/informativoelvalledeaguascalientes.online\/index.php?rest_route=\/wp\/v2\/posts\/4328\/revisions"}],"predecessor-version":[{"id":4330,"href":"https:\/\/informativoelvalledeaguascalientes.online\/index.php?rest_route=\/wp\/v2\/posts\/4328\/revisions\/4330"}],"wp:featuredmedia":[{"embeddable":true,"href":"https:\/\/informativoelvalledeaguascalientes.online\/index.php?rest_route=\/wp\/v2\/media\/4329"}],"wp:attachment":[{"href":"https:\/\/informativoelvalledeaguascalientes.online\/index.php?rest_route=%2Fwp%2Fv2%2Fmedia&parent=4328"}],"wp:term":[{"taxonomy":"category","embeddable":true,"href":"https:\/\/informativoelvalledeaguascalientes.online\/index.php?rest_route=%2Fwp%2Fv2%2Fcategories&post=4328"},{"taxonomy":"post_tag","embeddable":true,"href":"https:\/\/informativoelvalledeaguascalientes.online\/index.php?rest_route=%2Fwp%2Fv2%2Ftags&post=4328"}],"curies":[{"name":"wp","href":"https:\/\/api.w.org\/{rel}","templated":true}]}}