{"id":4325,"date":"2020-03-18T21:28:30","date_gmt":"2020-03-19T03:28:30","guid":{"rendered":"https:\/\/informativoelvalledeaguascalientes.online\/?p=4325"},"modified":"2020-03-18T21:28:30","modified_gmt":"2020-03-19T03:28:30","slug":"diputada-gladys-ramirez-rechaza-propuesta-para-aumentar-tarifa-del-tp","status":"publish","type":"post","link":"https:\/\/informativoelvalledeaguascalientes.online\/?p=4325","title":{"rendered":"DIPUTADA GLADYS RAM\u00cdREZ RECHAZA PROPUESTA PARA AUMENTAR TARIFA DEL TP"},"content":{"rendered":"<ul>\n<li style=\"font-weight: 400;\"><em>\u201cAumento en la tarifa perjudicar\u00e1 econom\u00eda familiar&#8221;<\/em><\/li>\n<li style=\"font-weight: 400;\"><em>&#8220;Concesionarios no han cumplido con promesas para mejorar el servicio\u201d<\/em><\/li>\n<\/ul>\n<p style=\"font-weight: 400;\">\n<p style=\"font-weight: 400;\">No es viable aumentar de nuevo la tarifa del Transporte P\u00fablico Urbano, extern\u00f3 la diputada Gladys Adriana Ram\u00edrez Aguilar, toda vez que los m\u00e1s perjudicados ser\u00edan las familias.<\/p>\n<p style=\"font-weight: 400;\">La legisladora refiri\u00f3 que durante la sesi\u00f3n del Consejo Consultivo del Transporte P\u00fablico realizada este mi\u00e9rcoles, los representantes de esta modalidad de transporte presentaron y expusieron, ante los presentes, su propuesta para aumentar el costo del pasaje en un 15%, y pasar as\u00ed de 9.50 a 10.93 pesos.<\/p>\n<p style=\"font-weight: 400;\">&#8220;Estamos hablando de que ellos quieren que se aumente casi a 11 pesos por pasaje; yo no lo considero viable, con ese costo las familias sufrir\u00edan un fuerte golpe a su bolsillo&#8221;, puntualiz\u00f3.<\/p>\n<p style=\"font-weight: 400;\">Al hacer uso de la voz durante la sesi\u00f3n del Consejo Consultivo, la presidente de la Comisi\u00f3n de Transporte P\u00fablico en el Congreso del Estado hizo hincapi\u00e9 en el incumplimiento de mejorar el servicio y las unidades por parte de los concesionarios, toda vez que los usuarios siguen reportando retraso de hasta 40 minutos en algunas rutas, unidades en malas condiciones que siguen circulando, mala actitud por parte de los ch\u00f3feres y el cobro del pasaje a 10 pesos.<\/p>\n<p style=\"font-weight: 400;\">&#8220;Estas siguen siendo quejas recurrentes por parte de los usuarios, a mi me llegan reportes de manera seguida donde me dicen que su cami\u00f3n no pas\u00f3, otros dicen que no les dieron su cambio, y otros casos m\u00e1s. Considero que as\u00ed que no se puede dar otro aumento, primero deben mejorar notoriamente el servicio&#8221;, manifest\u00f3 Gladys Ram\u00edrez.<\/p>\n<p style=\"font-weight: 400;\">La legisladora agreg\u00f3 que adem\u00e1s del Transporte P\u00fablico Urbano, las modalidades de Transporte Colectivo For\u00e1neo presentaron una propuesta de aumento de casi el 13% mientras que el gremio de los taxistas busca un aumento del 14% en la tarifa diurna y del 28% en la tarifa nocturna.<\/p>\n","protected":false},"excerpt":{"rendered":"<p>\u201cAumento en la tarifa perjudicar\u00e1 econom\u00eda familiar&#8221; &#8220;Concesionarios no han cumplido con promesas para mejorar el servicio\u201d No es viable aumentar de nuevo la tarifa del Transporte P\u00fablico Urbano, extern\u00f3 la diputada Gladys Adriana Ram\u00edrez Aguilar, toda vez que los m\u00e1s perjudicados ser\u00edan las familias. La legisladora refiri\u00f3 que durante la sesi\u00f3n del Consejo Consultivo [&hellip;]<\/p>\n","protected":false},"author":1,"featured_media":4326,"comment_status":"closed","ping_status":"open","sticky":false,"template":"","format":"standard","meta":{"advanced_seo_description":"","jetpack_seo_html_title":"","jetpack_seo_noindex":false,"_jetpack_memberships_contains_paid_content":false,"footnotes":"","jetpack_publicize_message":"","jetpack_publicize_feature_enabled":true,"jetpack_social_post_already_shared":true,"jetpack_social_options":{"image_generator_settings":{"template":"highway","default_image_id":0,"font":"","enabled":false},"version":2}},"categories":[21,5],"tags":[22,44],"class_list":["post-4325","post","type-post","status-publish","format-standard","has-post-thumbnail","hentry","category-aguascalientes","category-h-congreso-del-estado-aguascalientes","tag-aguascalientes","tag-lxiv-legislatura-aguascalientes"],"jetpack_publicize_connections":[],"jetpack_featured_media_url":"https:\/\/i0.wp.com\/informativoelvalledeaguascalientes.online\/wp-content\/uploads\/2020\/03\/gladys_ramirez_1832020.jpg?fit=704%2C582&ssl=1","jetpack-related-posts":[],"jetpack_sharing_enabled":true,"jetpack_likes_enabled":true,"_links":{"self":[{"href":"https:\/\/informativoelvalledeaguascalientes.online\/index.php?rest_route=\/wp\/v2\/posts\/4325","targetHints":{"allow":["GET"]}}],"collection":[{"href":"https:\/\/informativoelvalledeaguascalientes.online\/index.php?rest_route=\/wp\/v2\/posts"}],"about":[{"href":"https:\/\/informativoelvalledeaguascalientes.online\/index.php?rest_route=\/wp\/v2\/types\/post"}],"author":[{"embeddable":true,"href":"https:\/\/informativoelvalledeaguascalientes.online\/index.php?rest_route=\/wp\/v2\/users\/1"}],"replies":[{"embeddable":true,"href":"https:\/\/informativoelvalledeaguascalientes.online\/index.php?rest_route=%2Fwp%2Fv2%2Fcomments&post=4325"}],"version-history":[{"count":1,"href":"https:\/\/informativoelvalledeaguascalientes.online\/index.php?rest_route=\/wp\/v2\/posts\/4325\/revisions"}],"predecessor-version":[{"id":4327,"href":"https:\/\/informativoelvalledeaguascalientes.online\/index.php?rest_route=\/wp\/v2\/posts\/4325\/revisions\/4327"}],"wp:featuredmedia":[{"embeddable":true,"href":"https:\/\/informativoelvalledeaguascalientes.online\/index.php?rest_route=\/wp\/v2\/media\/4326"}],"wp:attachment":[{"href":"https:\/\/informativoelvalledeaguascalientes.online\/index.php?rest_route=%2Fwp%2Fv2%2Fmedia&parent=4325"}],"wp:term":[{"taxonomy":"category","embeddable":true,"href":"https:\/\/informativoelvalledeaguascalientes.online\/index.php?rest_route=%2Fwp%2Fv2%2Fcategories&post=4325"},{"taxonomy":"post_tag","embeddable":true,"href":"https:\/\/informativoelvalledeaguascalientes.online\/index.php?rest_route=%2Fwp%2Fv2%2Ftags&post=4325"}],"curies":[{"name":"wp","href":"https:\/\/api.w.org\/{rel}","templated":true}]}}