{"id":4319,"date":"2020-03-18T21:16:54","date_gmt":"2020-03-19T03:16:54","guid":{"rendered":"https:\/\/informativoelvalledeaguascalientes.online\/?p=4319"},"modified":"2020-03-18T21:16:54","modified_gmt":"2020-03-19T03:16:54","slug":"gobierno-municipal-de-calvillo-y-sector-salud-elaboraron-plan-integral-de-acciones-de-prevencion","status":"publish","type":"post","link":"https:\/\/informativoelvalledeaguascalientes.online\/?p=4319","title":{"rendered":"Gobierno municipal de Calvillo y Sector Salud elaboraron plan integral de acciones de prevenci\u00f3n"},"content":{"rendered":"<p style=\"font-weight: 400;\">Desde el lunes 16 de marzo, en que se reuni\u00f3 con el gobernador de Aguascalientes, Mart\u00edn Orozco Sandoval, el presidente municipal, Ad\u00e1n Valdivia L\u00f3pez, ha encabezado una serie de reuniones de trabajo para determinar las acciones y medidas de prevenci\u00f3n que se implementar\u00e1n debido a la contingencia sanitaria provocada por la presencia del COVID-19 (Coronavirus) en el pa\u00eds y en el estado.<\/p>\n<p style=\"font-weight: 400;\">Con el Comit\u00e9 Municipal de Salud, autoridades de la Jurisdicci\u00f3n Sanitaria 3, regidores e integrantes del Gabinete Municipal se trabaj\u00f3 en la elaboraci\u00f3n de un plan integral de acci\u00f3n para enfrentar la emergencia sanitaria y reducir los riesgos de contagio para la poblaci\u00f3n, mismo que incluye las siguientes acciones:<\/p>\n<p style=\"font-weight: 400;\">-Realizar reuniones extraordinarios de los Consejos Municipales.<\/p>\n<p style=\"font-weight: 400;\">&#8211; Propuesta de Periodo de Distanciamiento Social.<\/p>\n<p style=\"font-weight: 400;\">&#8211; Continuar con las medidas de prevenci\u00f3n establecidas.<\/p>\n<p style=\"font-weight: 400;\">&#8211; Instalaci\u00f3n de l\u00ednea telef\u00f3nica local, para mayor capacidad de respuesta.<\/p>\n<p style=\"font-weight: 400;\">&#8211; Instalaci\u00f3n de filtros para personas que venga de otros estados, en zonas por determinar.<\/p>\n<p style=\"font-weight: 400;\">&#8211; Campa\u00f1a permanente de prevenci\u00f3n en medios digitales por parte del gobierno municipal.<\/p>\n<p style=\"font-weight: 400;\">&#8211; Instalaci\u00f3n de espectaculares con informaci\u00f3n referente al tema en diferentes puntos del municipio.<\/p>\n<p style=\"font-weight: 400;\">&#8211; En lo que respecta al Municipio de\u00a0 Calvillo internamente recomendar que los adultos mayores de 65 a\u00f1os y las mujeres embarazadas no asistan a laborar ni a lugares concurridos.<\/p>\n<p style=\"font-weight: 400;\">&#8211; Continuar con los protocolos de prevenci\u00f3n y seguridad que se han indicado por parte del Gobierno del Estado de Aguascalientes hasta que se tenga otra informaci\u00f3n<\/p>\n<p style=\"font-weight: 400;\">El alcalde tambi\u00e9n instruy\u00f3 a los titulares de las dependencias municipales para que coordinen reuniones sectoriales, de forma que toda la sociedad est\u00e9 enterada de las medidas de prevenci\u00f3n y de las acciones extraordinarias que se est\u00e1n implementando.<\/p>\n","protected":false},"excerpt":{"rendered":"<p>Desde el lunes 16 de marzo, en que se reuni\u00f3 con el gobernador de Aguascalientes, Mart\u00edn Orozco Sandoval, el presidente municipal, Ad\u00e1n Valdivia L\u00f3pez, ha encabezado una serie de reuniones de trabajo para determinar las acciones y medidas de prevenci\u00f3n que se implementar\u00e1n debido a la contingencia sanitaria provocada por la presencia del COVID-19 (Coronavirus) [&hellip;]<\/p>\n","protected":false},"author":1,"featured_media":4320,"comment_status":"closed","ping_status":"open","sticky":false,"template":"","format":"standard","meta":{"advanced_seo_description":"","jetpack_seo_html_title":"","jetpack_seo_noindex":false,"_jetpack_memberships_contains_paid_content":false,"footnotes":"","jetpack_publicize_message":"","jetpack_publicize_feature_enabled":true,"jetpack_social_post_already_shared":true,"jetpack_social_options":{"image_generator_settings":{"template":"highway","default_image_id":0,"font":"","enabled":false},"version":2}},"categories":[21,13],"tags":[22],"class_list":["post-4319","post","type-post","status-publish","format-standard","has-post-thumbnail","hentry","category-aguascalientes","category-calvillo-aguascalientes","tag-aguascalientes"],"jetpack_publicize_connections":[],"jetpack_featured_media_url":"https:\/\/i0.wp.com\/informativoelvalledeaguascalientes.online\/wp-content\/uploads\/2020\/03\/calvillo_ags_18032020.jpg?fit=873%2C582&ssl=1","jetpack-related-posts":[],"jetpack_sharing_enabled":true,"jetpack_likes_enabled":true,"_links":{"self":[{"href":"https:\/\/informativoelvalledeaguascalientes.online\/index.php?rest_route=\/wp\/v2\/posts\/4319","targetHints":{"allow":["GET"]}}],"collection":[{"href":"https:\/\/informativoelvalledeaguascalientes.online\/index.php?rest_route=\/wp\/v2\/posts"}],"about":[{"href":"https:\/\/informativoelvalledeaguascalientes.online\/index.php?rest_route=\/wp\/v2\/types\/post"}],"author":[{"embeddable":true,"href":"https:\/\/informativoelvalledeaguascalientes.online\/index.php?rest_route=\/wp\/v2\/users\/1"}],"replies":[{"embeddable":true,"href":"https:\/\/informativoelvalledeaguascalientes.online\/index.php?rest_route=%2Fwp%2Fv2%2Fcomments&post=4319"}],"version-history":[{"count":1,"href":"https:\/\/informativoelvalledeaguascalientes.online\/index.php?rest_route=\/wp\/v2\/posts\/4319\/revisions"}],"predecessor-version":[{"id":4321,"href":"https:\/\/informativoelvalledeaguascalientes.online\/index.php?rest_route=\/wp\/v2\/posts\/4319\/revisions\/4321"}],"wp:featuredmedia":[{"embeddable":true,"href":"https:\/\/informativoelvalledeaguascalientes.online\/index.php?rest_route=\/wp\/v2\/media\/4320"}],"wp:attachment":[{"href":"https:\/\/informativoelvalledeaguascalientes.online\/index.php?rest_route=%2Fwp%2Fv2%2Fmedia&parent=4319"}],"wp:term":[{"taxonomy":"category","embeddable":true,"href":"https:\/\/informativoelvalledeaguascalientes.online\/index.php?rest_route=%2Fwp%2Fv2%2Fcategories&post=4319"},{"taxonomy":"post_tag","embeddable":true,"href":"https:\/\/informativoelvalledeaguascalientes.online\/index.php?rest_route=%2Fwp%2Fv2%2Ftags&post=4319"}],"curies":[{"name":"wp","href":"https:\/\/api.w.org\/{rel}","templated":true}]}}