{"id":4316,"date":"2020-03-18T21:12:00","date_gmt":"2020-03-19T03:12:00","guid":{"rendered":"https:\/\/informativoelvalledeaguascalientes.online\/?p=4316"},"modified":"2020-03-18T21:12:00","modified_gmt":"2020-03-19T03:12:00","slug":"se-fortalecen-labores-de-limpieza-en-urbanos-ante-covid-19","status":"publish","type":"post","link":"https:\/\/informativoelvalledeaguascalientes.online\/?p=4316","title":{"rendered":"SE FORTALECEN LABORES DE LIMPIEZA EN URBANOS ANTE COVID-19"},"content":{"rendered":"<ul>\n<li style=\"font-weight: 400;\"><strong><em>Las unidades se higienizan al finalizar cada ciclo de servicio al llegar a terminal<\/em><\/strong><\/li>\n<li style=\"font-weight: 400;\"><strong><em>Entre las medidas es importante el aseo personal de operadores y usuarios<\/em><\/strong><\/li>\n<\/ul>\n<p style=\"font-weight: 400;\"><strong><em>\u00a0<\/em><\/strong><\/p>\n<p style=\"font-weight: 400;\">El encargado de despacho de la Coordinaci\u00f3n General de Movilidad (Cmov), Gustavo Guti\u00e9rrez de la Torre, inform\u00f3 que se inici\u00f3 el fortalecimiento de los trabajos de limpieza en todas las unidades de transporte p\u00fablico urbano.<\/p>\n<p style=\"font-weight: 400;\">\n<p style=\"font-weight: 400;\">\u201cSe arranc\u00f3 en la modalidad de urbanos, continuaremos en las modalidades de taxis y combis con limpieza al final de cada ciclo de servicio. Se est\u00e1n limpiando con agua y cloro para garantizar que las unidades est\u00e9n siempre limpias\u201d, coment\u00f3.<\/p>\n<p style=\"font-weight: 400;\">\n<p style=\"font-weight: 400;\">Explic\u00f3 que tanto personal de la Cmov, como de las empresas que prestan el servicio de transporte, ser\u00e1n los encargados de llevar a cabo estas labores, las cuales forman parte del protocolo de actuaci\u00f3n para evitar los contagios del COVID-19.<\/p>\n<p style=\"font-weight: 400;\">\n<p style=\"font-weight: 400;\">Guti\u00e9rrez de la Torre subray\u00f3 que hay tres elementos considerados para la limpieza en el transporte p\u00fablico. El primero es el cuidado personal e higiene de todos los operadores, ya que son quienes mantienen contacto directo y constante con los usuarios.<\/p>\n<p style=\"font-weight: 400;\">\n<p style=\"font-weight: 400;\">El segundo es la limpieza de todas las \u00e1reas con las que tienen contacto las personas que viajan en el transporte urbano, es decir los pasamanos, asientos, timbres y tubos para ascenso y descenso.<\/p>\n<p style=\"font-weight: 400;\">\n<p style=\"font-weight: 400;\">Mientras que el tercero, es el uso constante de gel antibacterial tanto de prestadores del servicio como de los usuarios.<\/p>\n<p style=\"font-weight: 400;\">\n<p style=\"font-weight: 400;\">\u201cEstamos solicitando a permisionarios y concesionarios a cubrir las tres \u00e1reas donde puede haber formas de contacto. Se comenz\u00f3 a trabajar en conjunto desde el inicio de la semana con limpieza general y se va a ir avanzando paulatinamente en beneficio de todos los usuarios\u201d, puntualiz\u00f3 el funcionario.<\/p>\n","protected":false},"excerpt":{"rendered":"<p>Las unidades se higienizan al finalizar cada ciclo de servicio al llegar a terminal Entre las medidas es importante el aseo personal de operadores y usuarios \u00a0 El encargado de despacho de la Coordinaci\u00f3n General de Movilidad (Cmov), Gustavo Guti\u00e9rrez de la Torre, inform\u00f3 que se inici\u00f3 el fortalecimiento de los trabajos de limpieza en [&hellip;]<\/p>\n","protected":false},"author":1,"featured_media":4317,"comment_status":"closed","ping_status":"open","sticky":false,"template":"","format":"standard","meta":{"advanced_seo_description":"","jetpack_seo_html_title":"","jetpack_seo_noindex":false,"_jetpack_memberships_contains_paid_content":false,"footnotes":"","jetpack_publicize_message":"","jetpack_publicize_feature_enabled":true,"jetpack_social_post_already_shared":true,"jetpack_social_options":{"image_generator_settings":{"template":"highway","default_image_id":0,"font":"","enabled":false},"version":2}},"categories":[21,4],"tags":[22,53],"class_list":["post-4316","post","type-post","status-publish","format-standard","has-post-thumbnail","hentry","category-aguascalientes","category-gobierno-del-estado-aguascalientes","tag-aguascalientes","tag-cmov"],"jetpack_publicize_connections":[],"jetpack_featured_media_url":"https:\/\/i0.wp.com\/informativoelvalledeaguascalientes.online\/wp-content\/uploads\/2020\/03\/cmov_18032020.jpg?fit=776%2C582&ssl=1","jetpack-related-posts":[],"jetpack_sharing_enabled":true,"jetpack_likes_enabled":true,"_links":{"self":[{"href":"https:\/\/informativoelvalledeaguascalientes.online\/index.php?rest_route=\/wp\/v2\/posts\/4316","targetHints":{"allow":["GET"]}}],"collection":[{"href":"https:\/\/informativoelvalledeaguascalientes.online\/index.php?rest_route=\/wp\/v2\/posts"}],"about":[{"href":"https:\/\/informativoelvalledeaguascalientes.online\/index.php?rest_route=\/wp\/v2\/types\/post"}],"author":[{"embeddable":true,"href":"https:\/\/informativoelvalledeaguascalientes.online\/index.php?rest_route=\/wp\/v2\/users\/1"}],"replies":[{"embeddable":true,"href":"https:\/\/informativoelvalledeaguascalientes.online\/index.php?rest_route=%2Fwp%2Fv2%2Fcomments&post=4316"}],"version-history":[{"count":1,"href":"https:\/\/informativoelvalledeaguascalientes.online\/index.php?rest_route=\/wp\/v2\/posts\/4316\/revisions"}],"predecessor-version":[{"id":4318,"href":"https:\/\/informativoelvalledeaguascalientes.online\/index.php?rest_route=\/wp\/v2\/posts\/4316\/revisions\/4318"}],"wp:featuredmedia":[{"embeddable":true,"href":"https:\/\/informativoelvalledeaguascalientes.online\/index.php?rest_route=\/wp\/v2\/media\/4317"}],"wp:attachment":[{"href":"https:\/\/informativoelvalledeaguascalientes.online\/index.php?rest_route=%2Fwp%2Fv2%2Fmedia&parent=4316"}],"wp:term":[{"taxonomy":"category","embeddable":true,"href":"https:\/\/informativoelvalledeaguascalientes.online\/index.php?rest_route=%2Fwp%2Fv2%2Fcategories&post=4316"},{"taxonomy":"post_tag","embeddable":true,"href":"https:\/\/informativoelvalledeaguascalientes.online\/index.php?rest_route=%2Fwp%2Fv2%2Ftags&post=4316"}],"curies":[{"name":"wp","href":"https:\/\/api.w.org\/{rel}","templated":true}]}}