{"id":4310,"date":"2020-03-18T21:06:10","date_gmt":"2020-03-19T03:06:10","guid":{"rendered":"https:\/\/informativoelvalledeaguascalientes.online\/?p=4310"},"modified":"2020-03-18T21:06:10","modified_gmt":"2020-03-19T03:06:10","slug":"exhorta-martha-marquez-al-gobierno-federal-a-implementar-medidas-urgentes-ante-coronavirus","status":"publish","type":"post","link":"https:\/\/informativoelvalledeaguascalientes.online\/?p=4310","title":{"rendered":"EXHORTA MARTHA M\u00c1RQUEZ AL GOBIERNO FEDERAL A IMPLEMENTAR MEDIDAS URGENTES ANTE CORONAVIRUS"},"content":{"rendered":"<p><b><i>\u00b7 Se deben asignar m\u00e1s recurso a campa\u00f1as de prevenci\u00f3n, as\u00ed como fortalecer los protocolos de revisi\u00f3n en los principales puertos de entrada<\/i><\/b><\/p>\n<p><b><i>\u00b7 Exhorta al Gobierno Federal a impulsar acciones que garanticen certidumbre en el sector econ\u00f3mico ante los estragos causados por el coronavirus.<\/i><\/b><\/p>\n<p>En medio de la contingencia por el coronavirus (COVID-19), la Senadora Martha M\u00e1rquez Alvarado present\u00f3 un punto de acuerdo en el que exhorta al Gobierno Federal a tomar medidas sanitarias pertinentes para garantizar la salud y la econom\u00eda de las familias de M\u00e9xico.<\/p>\n<p>\u201cLas personas con alguna enfermedad cr\u00f3nica degenerativa y las personas de la tercera edad son las m\u00e1s vulnerables, hasta el momento no hay una cura para controlar la pandemia, por ello exhorto al Gobierno Federal a fortalecer los protocolos en los principales puertos de entrada del pa\u00eds\u201d expres\u00f3.<\/p>\n<p>Aunado a esto, M\u00e1rquez Alvarado solicit\u00f3 que se destinen los recursos p\u00fablicos suficientes para atender los casos de COVID-19, as\u00ed como realizar de manera urgente campa\u00f1as de prevenci\u00f3n y contenci\u00f3n de la misma.<\/p>\n<p>Recalc\u00f3 la urgencia de que la Secretar\u00eda de Salud y sus hom\u00f3logos en los estados garanticen los insumos necesarios para el personal m\u00e9dico de todos los hospitales p\u00fablicos, y que emitan un informe a la C\u00e1mara Alta sobre el abasto de medicamentos con el que cuentan las Instituciones de salud.<\/p>\n<p>Por otra parte, indic\u00f3 que debido al n\u00famero de enfermos y la rapidez con la que se puede propagar el virus, se han generado afectaciones econ\u00f3micas que ponen en riesgo el desarrollo de todos los pa\u00edses, por lo que urge a que se impulsen acciones que garanticen certidumbre en el sector econ\u00f3mico ante los estragos causados, en beneficio de las y los mexicanos.<\/p>\n<p>Finalmente se\u00f1al\u00f3 que se debe emitir un Decreto para ampliar a un mayor plazo las declaraciones fiscales anuales, cuya fecha l\u00edmite para presentarse es el mes de abril, esto derivado al cambio en el ritmo de vida de la poblaci\u00f3n.<\/p>\n","protected":false},"excerpt":{"rendered":"<p>\u00b7 Se deben asignar m\u00e1s recurso a campa\u00f1as de prevenci\u00f3n, as\u00ed como fortalecer los protocolos de revisi\u00f3n en los principales puertos de entrada \u00b7 Exhorta al Gobierno Federal a impulsar acciones que garanticen certidumbre en el sector econ\u00f3mico ante los estragos causados por el coronavirus. En medio de la contingencia por el coronavirus (COVID-19), la [&hellip;]<\/p>\n","protected":false},"author":1,"featured_media":4311,"comment_status":"closed","ping_status":"open","sticky":false,"template":"","format":"standard","meta":{"advanced_seo_description":"","jetpack_seo_html_title":"","jetpack_seo_noindex":false,"_jetpack_memberships_contains_paid_content":false,"footnotes":"","jetpack_publicize_message":"","jetpack_publicize_feature_enabled":true,"jetpack_social_post_already_shared":true,"jetpack_social_options":{"image_generator_settings":{"template":"highway","default_image_id":0,"font":"","enabled":false},"version":2}},"categories":[21,19,7,6],"tags":[22,23],"class_list":["post-4310","post","type-post","status-publish","format-standard","has-post-thumbnail","hentry","category-aguascalientes","category-informacion-general","category-pan-aguascalientes","category-partidos-politicos","tag-aguascalientes","tag-pan-aguascalientes"],"jetpack_publicize_connections":[],"jetpack_featured_media_url":"https:\/\/i0.wp.com\/informativoelvalledeaguascalientes.online\/wp-content\/uploads\/2020\/03\/mm_18032020.jpg?fit=873%2C582&ssl=1","jetpack-related-posts":[],"jetpack_sharing_enabled":true,"jetpack_likes_enabled":true,"_links":{"self":[{"href":"https:\/\/informativoelvalledeaguascalientes.online\/index.php?rest_route=\/wp\/v2\/posts\/4310","targetHints":{"allow":["GET"]}}],"collection":[{"href":"https:\/\/informativoelvalledeaguascalientes.online\/index.php?rest_route=\/wp\/v2\/posts"}],"about":[{"href":"https:\/\/informativoelvalledeaguascalientes.online\/index.php?rest_route=\/wp\/v2\/types\/post"}],"author":[{"embeddable":true,"href":"https:\/\/informativoelvalledeaguascalientes.online\/index.php?rest_route=\/wp\/v2\/users\/1"}],"replies":[{"embeddable":true,"href":"https:\/\/informativoelvalledeaguascalientes.online\/index.php?rest_route=%2Fwp%2Fv2%2Fcomments&post=4310"}],"version-history":[{"count":1,"href":"https:\/\/informativoelvalledeaguascalientes.online\/index.php?rest_route=\/wp\/v2\/posts\/4310\/revisions"}],"predecessor-version":[{"id":4312,"href":"https:\/\/informativoelvalledeaguascalientes.online\/index.php?rest_route=\/wp\/v2\/posts\/4310\/revisions\/4312"}],"wp:featuredmedia":[{"embeddable":true,"href":"https:\/\/informativoelvalledeaguascalientes.online\/index.php?rest_route=\/wp\/v2\/media\/4311"}],"wp:attachment":[{"href":"https:\/\/informativoelvalledeaguascalientes.online\/index.php?rest_route=%2Fwp%2Fv2%2Fmedia&parent=4310"}],"wp:term":[{"taxonomy":"category","embeddable":true,"href":"https:\/\/informativoelvalledeaguascalientes.online\/index.php?rest_route=%2Fwp%2Fv2%2Fcategories&post=4310"},{"taxonomy":"post_tag","embeddable":true,"href":"https:\/\/informativoelvalledeaguascalientes.online\/index.php?rest_route=%2Fwp%2Fv2%2Ftags&post=4310"}],"curies":[{"name":"wp","href":"https:\/\/api.w.org\/{rel}","templated":true}]}}