{"id":4307,"date":"2020-03-18T21:03:46","date_gmt":"2020-03-19T03:03:46","guid":{"rendered":"https:\/\/informativoelvalledeaguascalientes.online\/?p=4307"},"modified":"2020-03-18T21:03:46","modified_gmt":"2020-03-19T03:03:46","slug":"se-activo-protocolo-de-vigilancia-epidemiologica-ante-segundo-caso-confirmado-de-coronavirus-en-aguascalientes","status":"publish","type":"post","link":"https:\/\/informativoelvalledeaguascalientes.online\/?p=4307","title":{"rendered":"SE ACTIV\u00d3 PROTOCOLO DE VIGILANCIA EPIDEMIOL\u00d3GICA ANTE SEGUNDO CASO CONFIRMADO DE CORONAVIRUS EN AGUASCALIENTES\u00a0"},"content":{"rendered":"<ul>\n<li dir=\"ltr\">\n<p dir=\"ltr\">Segundo caso confirmado de Coronavirus est\u00e1 en contenci\u00f3n y aislamiento sanitario en su domicilio con medidas preventivas implementadas por ISSEA.<\/p>\n<\/li>\n<li dir=\"ltr\">\n<p dir=\"ltr\">Presenta ISSSEA informe diario de la situaci\u00f3n y pide a la poblaci\u00f3n guiarse por informaci\u00f3n oficial y evitar caer en mitos.<\/p>\n<\/li>\n<\/ul>\n<p>&nbsp;<\/p>\n<p dir=\"ltr\">Atendiendo las instrucciones giradas por el gobernador Mart\u00edn Orozco Sandoval para implementar acciones necesarias para contener y prevenir los casos de Coronavirus, el Instituto de Servicios de Salud del Estado de Aguascalientes ha implementado un protocolo de vigilancia epidemiol\u00f3gica ante un segundo caso confirmado de Coronavirus (COVID-19) en la entidad.<\/p>\n<p>&nbsp;<\/p>\n<p dir=\"ltr\">Mar\u00eda Eugenia Velasco Mar\u00edn, directora de Control y Prevenci\u00f3n de Enfermedades del ISSEA, el confirm\u00f3 la existencia de un segundo caso positivo de Coronavirus, el cual se trata de un paciente de 71 a\u00f1os proveniente de la ciudad de Nueva York, quien al llegar al aeropuerto de Aguascalientes no present\u00f3 sintomatolog\u00eda, sin embargo, el d\u00eda de ayer comenz\u00f3 a presentar s\u00edntomas, por lo que se comunic\u00f3 a la autoridad sanitaria para la realizaci\u00f3n de la prueba r\u00e1pida, confirm\u00e1ndose como positiva.<\/p>\n<p>&nbsp;<\/p>\n<p dir=\"ltr\">Ante la confirmaci\u00f3n del segundo caso positivo de Coronavirus, el ISSEA activ\u00f3 la vigilancia epidemiol\u00f3gica, la cual consiste en la contenci\u00f3n y aislamiento sanitario del paciente en su domicilio con medidas preventivas de higiene, un periodo\u00a0 de 14 d\u00edas es resguardo domiciliario al igual que dos personas que han tenido contacto directo, as\u00ed como visitas peri\u00f3dicas por parte de personal sanitario para evaluar las condiciones de salud de los involucrados.<\/p>\n<p>&nbsp;<\/p>\n<p dir=\"ltr\">Asimismo, Velasco Mar\u00edn inform\u00f3 que este paciente permanecer\u00e1 en aislamiento domiciliario pues\u00a0 presenta s\u00edntomatolog\u00eda leve, sin embargo, si estos se incrementan, el protocolo de vigilancia epidemiol\u00f3gica se fortalece traslad\u00e1ndolo a un hospital en una ambulancia para evitar la diseminaci\u00f3n.<\/p>\n<p>&nbsp;<\/p>\n<p dir=\"ltr\">Por otro lado, coment\u00f3 que aquellas personas provenientes del vuelo del 12 de marzo originario de la Ciudad de M\u00e9xico, se les han localizado, se les ha solicitado aislamiento domiciliario y se les han aplicado las pruebas r\u00e1pidas para la detecci\u00f3n de Coronavirus, las cuales han salido negativas.<\/p>\n<p>&nbsp;<\/p>\n<p dir=\"ltr\">La directora de Control y Prevenci\u00f3n de Enfermedades del ISSEA agreg\u00f3 que en pr\u00f3ximos d\u00edas llegar\u00e1n a la entidad m\u00e1s pruebas para la detecci\u00f3n de Coronavirus, las cuales se realizan en el Laboratorio Estatal de Salud, el cual est\u00e1 certificado por el Instituto de Diagn\u00f3stico y Referencia Epidemiol\u00f3gicos (INDRE) y facultado para realizar esta prueba gracias a la utilizaci\u00f3n de la t\u00e9cnica PCR (Reacci\u00f3n en Cadena de la Polimerasa).<\/p>\n<p>&nbsp;<\/p>\n<p dir=\"ltr\">Velasco Mar\u00edn reiter\u00f3 que en espacios p\u00fablicos de alto flujo como el Aeropuerto Internacional Jes\u00fas Ter\u00e1n Peredo y la Central Camionera se est\u00e1n acatando las instrucciones giradas por el gobernador Mart\u00edn Orozco Sandoval para prevenir e identificar pacientes sospechosos de Coronavirus, principalmente de aquellos provenientes de pa\u00edses y entidades federativas en donde se han presentado mayor n\u00famero de casos, con acciones como la toma de temperatura y la contenci\u00f3n de aquellos que hayan estado en contacto con alg\u00fan caso que est\u00e9 en investigaci\u00f3n o presente alg\u00fan tipo de sintomatolog\u00eda.<\/p>\n<p>&nbsp;<\/p>\n<p dir=\"ltr\">Asimismo, agreg\u00f3 que aquellos pacientes que padezcan s\u00edntomas similares al resfriado pero que no hayan salido del estado, no son candidatos para la realizaci\u00f3n de la prueba del Coronavirus.<\/p>\n<p>&nbsp;<\/p>\n<p dir=\"ltr\">Por ello, hizo un llamado a la poblaci\u00f3n a mantener la calma e implementar medidas de higiene y prevenci\u00f3n en sus hogares, como evitar el contacto f\u00edsico, lavado de manos peri\u00f3dico y limpieza de superficies.<\/p>\n","protected":false},"excerpt":{"rendered":"<p>Segundo caso confirmado de Coronavirus est\u00e1 en contenci\u00f3n y aislamiento sanitario en su domicilio con medidas preventivas implementadas por ISSEA. Presenta ISSSEA informe diario de la situaci\u00f3n y pide a la poblaci\u00f3n guiarse por informaci\u00f3n oficial y evitar caer en mitos. &nbsp; Atendiendo las instrucciones giradas por el gobernador Mart\u00edn Orozco Sandoval para implementar acciones [&hellip;]<\/p>\n","protected":false},"author":1,"featured_media":4308,"comment_status":"closed","ping_status":"open","sticky":false,"template":"","format":"standard","meta":{"advanced_seo_description":"","jetpack_seo_html_title":"","jetpack_seo_noindex":false,"_jetpack_memberships_contains_paid_content":false,"footnotes":"","jetpack_publicize_message":"","jetpack_publicize_feature_enabled":true,"jetpack_social_post_already_shared":true,"jetpack_social_options":{"image_generator_settings":{"template":"highway","default_image_id":0,"font":"","enabled":false},"version":2}},"categories":[21,4],"tags":[22,30],"class_list":["post-4307","post","type-post","status-publish","format-standard","has-post-thumbnail","hentry","category-aguascalientes","category-gobierno-del-estado-aguascalientes","tag-aguascalientes","tag-issea"],"jetpack_publicize_connections":[],"jetpack_featured_media_url":"https:\/\/i0.wp.com\/informativoelvalledeaguascalientes.online\/wp-content\/uploads\/2020\/03\/issea_ma_eugenia_velasco_18032020.jpg?fit=624%2C582&ssl=1","jetpack-related-posts":[],"jetpack_sharing_enabled":true,"jetpack_likes_enabled":true,"_links":{"self":[{"href":"https:\/\/informativoelvalledeaguascalientes.online\/index.php?rest_route=\/wp\/v2\/posts\/4307","targetHints":{"allow":["GET"]}}],"collection":[{"href":"https:\/\/informativoelvalledeaguascalientes.online\/index.php?rest_route=\/wp\/v2\/posts"}],"about":[{"href":"https:\/\/informativoelvalledeaguascalientes.online\/index.php?rest_route=\/wp\/v2\/types\/post"}],"author":[{"embeddable":true,"href":"https:\/\/informativoelvalledeaguascalientes.online\/index.php?rest_route=\/wp\/v2\/users\/1"}],"replies":[{"embeddable":true,"href":"https:\/\/informativoelvalledeaguascalientes.online\/index.php?rest_route=%2Fwp%2Fv2%2Fcomments&post=4307"}],"version-history":[{"count":1,"href":"https:\/\/informativoelvalledeaguascalientes.online\/index.php?rest_route=\/wp\/v2\/posts\/4307\/revisions"}],"predecessor-version":[{"id":4309,"href":"https:\/\/informativoelvalledeaguascalientes.online\/index.php?rest_route=\/wp\/v2\/posts\/4307\/revisions\/4309"}],"wp:featuredmedia":[{"embeddable":true,"href":"https:\/\/informativoelvalledeaguascalientes.online\/index.php?rest_route=\/wp\/v2\/media\/4308"}],"wp:attachment":[{"href":"https:\/\/informativoelvalledeaguascalientes.online\/index.php?rest_route=%2Fwp%2Fv2%2Fmedia&parent=4307"}],"wp:term":[{"taxonomy":"category","embeddable":true,"href":"https:\/\/informativoelvalledeaguascalientes.online\/index.php?rest_route=%2Fwp%2Fv2%2Fcategories&post=4307"},{"taxonomy":"post_tag","embeddable":true,"href":"https:\/\/informativoelvalledeaguascalientes.online\/index.php?rest_route=%2Fwp%2Fv2%2Ftags&post=4307"}],"curies":[{"name":"wp","href":"https:\/\/api.w.org\/{rel}","templated":true}]}}