{"id":43052,"date":"2023-04-29T02:19:45","date_gmt":"2023-04-29T08:19:45","guid":{"rendered":"https:\/\/informativoelvalledeaguascalientes.online\/?p=43052"},"modified":"2023-04-29T02:19:45","modified_gmt":"2023-04-29T08:19:45","slug":"en-aguascalientes-los-ganaderos-cuentan-con-todo-mi-apoyo-tere-jimenez","status":"publish","type":"post","link":"https:\/\/informativoelvalledeaguascalientes.online\/?p=43052","title":{"rendered":"EN AGUASCALIENTES, LOS GANADEROS CUENTAN CON TODO MI APOYO: TERE JIM\u00c9NEZ"},"content":{"rendered":"<div id=\"bgLayers_comp-l7sh9ubr2\" class=\"MW5IWV\" data-hook=\"bgLayers\">\n<div id=\"bgMedia_comp-l7sh9ubr2\" class=\"VgO9Yg\">\n<p>#informativoelvalledeaguascalientes<\/p>\n<p>#novaradioaguascalientes<\/p>\n<p>#ElGiganteDeMexico<\/p>\n<\/div>\n<\/div>\n<div class=\"\" data-mesh-id=\"comp-l7sh9ubr2inlineContent\" data-testid=\"inline-content\">\n<div data-mesh-id=\"comp-l7sh9ubr2inlineContent-gridContainer\" data-testid=\"mesh-container-content\">\n<div id=\"comp-l7sh9ubx\" class=\"TWFxr5\">\n<div class=\"comp-l7sh9ubx\">\n<div class=\"s1IW4bz comp-l7sh9ubx\" data-hook=\"ricosviewer-wrapper\">\n<div class=\"kvdbP _1O7aH\" dir=\"ltr\" data-id=\"rich-content-viewer\">\n<div class=\"_1hN1O _3EPBy\">\n<p id=\"viewer-foo\" class=\"mm8Nw _1j-51 _1FoOD _78FBa public-DraftStyleDefault-block-depth0 fixed-tab-size public-DraftStyleDefault-text-ltr\"><span class=\"_2PHJq public-DraftStyleDefault-ltr\">La gobernadora de Aguascalientes, Tere Jim\u00e9nez, reiter\u00f3 su apoyo al sector ganadero y le hizo un reconocimiento por el importante papel que juega en la econom\u00eda local y nacional, pero sobre todo, en la producci\u00f3n de alimentos para las familias del pa\u00eds.<\/span><\/p>\n<div id=\"viewer-hhxd695\" class=\"mm8Nw _1j-51 _1FoOD _78FBa public-DraftStyleDefault-block-depth0 fixed-tab-size public-DraftStyleDefault-text-ltr\"><span class=\"_2PHJq public-DraftStyleDefault-ltr\">\u00a0<\/span><\/div>\n<p id=\"viewer-gxhu896\" class=\"mm8Nw _1j-51 _1FoOD _78FBa public-DraftStyleDefault-block-depth0 fixed-tab-size public-DraftStyleDefault-text-ltr\"><span class=\"_2PHJq public-DraftStyleDefault-ltr\">En el marco de la Asamblea de la Uni\u00f3n Ganadera Regional de Aguascalientes (UGRA) y la Junta del Consejo de la Confederaci\u00f3n Nacional de Organizaciones Ganaderas (CNOG) que se celebr\u00f3 en esta entidad, Tere Jim\u00e9nez se\u00f1al\u00f3 que desde la Secretar\u00eda de Desarrollo Rural y Agroempresarial (Sedrae) se continuar\u00e1 impulsando al sector pecuario a trav\u00e9s de los diferentes programas de apoyo al campo.<\/span><\/p>\n<div id=\"viewer-awhm2112\" class=\"mm8Nw _1j-51 _1FoOD _78FBa public-DraftStyleDefault-block-depth0 fixed-tab-size public-DraftStyleDefault-text-ltr\"><span class=\"_2PHJq public-DraftStyleDefault-ltr\">\u00a0<\/span><\/div>\n<p id=\"viewer-g1z4598\" class=\"mm8Nw _1j-51 _1FoOD _78FBa public-DraftStyleDefault-block-depth0 fixed-tab-size public-DraftStyleDefault-text-ltr\"><span class=\"_2PHJq public-DraftStyleDefault-ltr\">En ese sentido, la gobernadora adelant\u00f3 que en los pr\u00f3ximos d\u00edas presentar\u00e1 un proyecto integral para combatir los da\u00f1os por la sequ\u00eda y exhort\u00f3 a los ganaderos a trabajar de la mano con el Gobierno estatal para continuar siendo un sector fuerte y reconocido a nivel nacional e internacional por la calidad de los productos pecuarios que se generan en Aguascalientes.<\/span><\/p>\n<div id=\"viewer-uxuhc119\" class=\"mm8Nw _1j-51 _1FoOD _78FBa public-DraftStyleDefault-block-depth0 fixed-tab-size public-DraftStyleDefault-text-ltr\"><span class=\"_2PHJq public-DraftStyleDefault-ltr\">\u00a0<\/span><\/div>\n<p id=\"viewer-mrgi2100\" class=\"mm8Nw _1j-51 _1FoOD _78FBa public-DraftStyleDefault-block-depth0 fixed-tab-size public-DraftStyleDefault-text-ltr\"><span class=\"_2PHJq public-DraftStyleDefault-ltr\">Por su parte, Homero Garc\u00eda de la Llata, presidente del Consejo Directivo de la CNOG, agradeci\u00f3 el apoyo de la gobernadora a los ganadores de Aguascalientes y manifest\u00f3 la disposici\u00f3n de la organizaci\u00f3n que encabeza para trabajar de la mano con el Gobierno del Estado a favor del sector.<\/span><\/p>\n<div id=\"viewer-nsf39126\" class=\"mm8Nw _1j-51 _1FoOD _78FBa public-DraftStyleDefault-block-depth0 fixed-tab-size public-DraftStyleDefault-text-ltr\"><span class=\"_2PHJq public-DraftStyleDefault-ltr\">\u00a0<\/span><\/div>\n<p id=\"viewer-pejlf102\" class=\"mm8Nw _1j-51 _1FoOD _78FBa public-DraftStyleDefault-block-depth0 fixed-tab-size public-DraftStyleDefault-text-ltr\"><span class=\"_2PHJq public-DraftStyleDefault-ltr\">Tambi\u00e9n estuvieron presentes Juan Pablo Franco D\u00edaz, presidente de la UGRA; los diputados federales Paulo Gonzalo Mart\u00ednez L\u00f3pez, Noel Mata Atilano y Roberto Valenzuela Corral; Isidoro Armend\u00e1riz Garc\u00eda, titular de la Sedrae; Manuel Alejandro Gonz\u00e1lez Mart\u00ednez, secretario de Desarrollo Econ\u00f3mico, Ciencia y Tecnolog\u00eda del Estado; Heriberto Hern\u00e1ndez C\u00e1rdenas, presidente de la Organizaci\u00f3n de Porcicultores de M\u00e9xico; entre otras autoridades.<\/span><\/p>\n<\/div>\n<\/div>\n<\/div>\n<\/div>\n<\/div>\n<\/div>\n<\/div>\n","protected":false},"excerpt":{"rendered":"<p>#informativoelvalledeaguascalientes #novaradioaguascalientes #ElGiganteDeMexico La gobernadora de Aguascalientes, Tere Jim\u00e9nez, reiter\u00f3 su apoyo al sector ganadero y le hizo un reconocimiento por el importante papel que juega en la econom\u00eda local y nacional, pero sobre todo, en la producci\u00f3n de alimentos para las familias del pa\u00eds. \u00a0 En el marco de la Asamblea de la Uni\u00f3n [&hellip;]<\/p>\n","protected":false},"author":1,"featured_media":43053,"comment_status":"closed","ping_status":"open","sticky":false,"template":"","format":"standard","meta":{"_monsterinsights_skip_tracking":false,"advanced_seo_description":"","jetpack_seo_html_title":"","jetpack_seo_noindex":false,"jetpack_seo_schema_type":"","_jetpack_newsletter_access":"","_jetpack_dont_email_post_to_subs":false,"_jetpack_newsletter_tier_id":0,"_jetpack_memberships_contains_paywalled_content":false,"_jetpack_feature_clip_id":0,"_jetpack_memberships_contains_paid_content":false,"footnotes":"","jetpack_publicize_message":"","jetpack_publicize_feature_enabled":true,"jetpack_social_post_already_shared":true,"jetpack_social_options":{"image_generator_settings":{"template":"highway","default_image_id":0,"font":"","enabled":false},"version":2},"jetpack_post_was_ever_published":false},"categories":[21,4],"tags":[22,161,106,320],"class_list":["post-43052","post","type-post","status-publish","format-standard","has-post-thumbnail","hentry","category-aguascalientes","category-gobierno-del-estado-aguascalientes","tag-aguascalientes","tag-gobierno-del-estado-aguascalientes","tag-sedrae","tag-tere-jimenez"],"jetpack_publicize_connections":[],"jetpack_featured_media_url":"https:\/\/i0.wp.com\/informativoelvalledeaguascalientes.online\/wp-content\/uploads\/2023\/04\/ASAMBLEA-UGRA-4.jpg?fit=2400%2C1600&ssl=1","jetpack-related-posts":[],"jetpack_sharing_enabled":true,"jetpack_likes_enabled":true,"_links":{"self":[{"href":"https:\/\/informativoelvalledeaguascalientes.online\/index.php?rest_route=\/wp\/v2\/posts\/43052","targetHints":{"allow":["GET"]}}],"collection":[{"href":"https:\/\/informativoelvalledeaguascalientes.online\/index.php?rest_route=\/wp\/v2\/posts"}],"about":[{"href":"https:\/\/informativoelvalledeaguascalientes.online\/index.php?rest_route=\/wp\/v2\/types\/post"}],"author":[{"embeddable":true,"href":"https:\/\/informativoelvalledeaguascalientes.online\/index.php?rest_route=\/wp\/v2\/users\/1"}],"replies":[{"embeddable":true,"href":"https:\/\/informativoelvalledeaguascalientes.online\/index.php?rest_route=%2Fwp%2Fv2%2Fcomments&post=43052"}],"version-history":[{"count":1,"href":"https:\/\/informativoelvalledeaguascalientes.online\/index.php?rest_route=\/wp\/v2\/posts\/43052\/revisions"}],"predecessor-version":[{"id":43054,"href":"https:\/\/informativoelvalledeaguascalientes.online\/index.php?rest_route=\/wp\/v2\/posts\/43052\/revisions\/43054"}],"wp:featuredmedia":[{"embeddable":true,"href":"https:\/\/informativoelvalledeaguascalientes.online\/index.php?rest_route=\/wp\/v2\/media\/43053"}],"wp:attachment":[{"href":"https:\/\/informativoelvalledeaguascalientes.online\/index.php?rest_route=%2Fwp%2Fv2%2Fmedia&parent=43052"}],"wp:term":[{"taxonomy":"category","embeddable":true,"href":"https:\/\/informativoelvalledeaguascalientes.online\/index.php?rest_route=%2Fwp%2Fv2%2Fcategories&post=43052"},{"taxonomy":"post_tag","embeddable":true,"href":"https:\/\/informativoelvalledeaguascalientes.online\/index.php?rest_route=%2Fwp%2Fv2%2Ftags&post=43052"}],"curies":[{"name":"wp","href":"https:\/\/api.w.org\/{rel}","templated":true}]}}