{"id":43045,"date":"2023-04-29T02:06:02","date_gmt":"2023-04-29T08:06:02","guid":{"rendered":"https:\/\/informativoelvalledeaguascalientes.online\/?p=43045"},"modified":"2023-04-29T02:06:02","modified_gmt":"2023-04-29T08:06:02","slug":"reune-aguascalientes-a-secretarios-de-finanzas-de-todo-el-pais","status":"publish","type":"post","link":"https:\/\/informativoelvalledeaguascalientes.online\/?p=43045","title":{"rendered":"RE\u00daNE AGUASCALIENTES A SECRETARIOS DE FINANZAS DE TODO EL PA\u00cdS"},"content":{"rendered":"<p><strong><a href=\"https:\/\/www.facebook.com\/hashtag\/informativoelvalledeaguascalientes\">#informativoelvalledeaguascalientes<\/a><\/strong><\/p>\n<p><strong><a href=\"https:\/\/www.facebook.com\/hashtag\/novaradioaguascalientes\">#novaradioaguascalientes<\/a><\/strong><\/p>\n<div id=\"bgLayers_comp-l7sh9ubr2\" class=\"MW5IWV\" data-hook=\"bgLayers\">\n<div id=\"bgMedia_comp-l7sh9ubr2\" class=\"VgO9Yg\"><\/div>\n<\/div>\n<div class=\"\" data-mesh-id=\"comp-l7sh9ubr2inlineContent\" data-testid=\"inline-content\">\n<div data-mesh-id=\"comp-l7sh9ubr2inlineContent-gridContainer\" data-testid=\"mesh-container-content\">\n<div id=\"comp-l7yvxqnz\" class=\"MazNVa comp-l7yvxqnz wixui-image rYiAuL\"><\/div>\n<div id=\"comp-l7sh9ubx\" class=\"TWFxr5\">\n<div class=\"comp-l7sh9ubx\">\n<div class=\"s1IW4bz comp-l7sh9ubx\" data-hook=\"ricosviewer-wrapper\">\n<div class=\"kvdbP _1O7aH\" dir=\"ltr\" data-id=\"rich-content-viewer\">\n<div class=\"_1hN1O _3EPBy\">\n<ul class=\"public-DraftStyleDefault-ul\">\n<li id=\"viewer-foo\" class=\"_3Kjjs _78FBa public-DraftStyleDefault-unorderedListItem public-DraftStyleDefault-depth0 public-DraftStyleDefault-list-ltr fixed-tab-size public-DraftStyleDefault-reset _1FoOD _78FBa\">\n<p class=\"_1j-51 _1FoOD _78FBa undefined\"><strong><em>Unidos tomaremos acciones contundentes en beneficio de M\u00e9xico: Tere Jim\u00e9nez\u00a0<\/em><\/strong><\/p>\n<\/li>\n<li id=\"viewer-axmhu122\" class=\"_3Kjjs _78FBa public-DraftStyleDefault-unorderedListItem public-DraftStyleDefault-depth0 public-DraftStyleDefault-list-ltr fixed-tab-size _1FoOD _78FBa\">\n<p class=\"_1j-51 _1FoOD _78FBa undefined\"><strong><em>La gobernadora inaugur\u00f3 la CCCLI Reuni\u00f3n Nacional de Funcionarios Fiscales<\/em><\/strong><\/p>\n<\/li>\n<li id=\"viewer-72zyg125\" class=\"_3Kjjs _78FBa public-DraftStyleDefault-unorderedListItem public-DraftStyleDefault-depth0 public-DraftStyleDefault-list-ltr fixed-tab-size _1FoOD _78FBa\">\n<p class=\"_1j-51 _1FoOD _78FBa undefined\"><strong><em>En Aguascalientes, las finanzas p\u00fablicas se ejercen bajo los criterios de transparencia, disciplina, racionalidad y eficiencia<\/em><\/strong><\/p>\n<\/li>\n<\/ul>\n<div id=\"viewer-dml0a127\" class=\"mm8Nw _1j-51 _1FoOD _78FBa public-DraftStyleDefault-block-depth0 fixed-tab-size public-DraftStyleDefault-text-ltr\"><span class=\"_2PHJq public-DraftStyleDefault-ltr\">\u00a0<\/span><\/div>\n<p id=\"viewer-yguc7128\" class=\"mm8Nw _1j-51 _1FoOD _78FBa public-DraftStyleDefault-block-depth0 fixed-tab-size public-DraftStyleDefault-text-ltr\"><span class=\"_2PHJq public-DraftStyleDefault-ltr\">La gobernadora de Aguascalientes, Tere Jim\u00e9nez, inaugur\u00f3 la CCCLI Reuni\u00f3n Nacional de Funcionarios Fiscales que se desarrolla en esta entidad con la participaci\u00f3n de representantes de todos los estados del pa\u00eds.<\/span><\/p>\n<div id=\"viewer-jh9bf130\" class=\"mm8Nw _1j-51 _1FoOD _78FBa public-DraftStyleDefault-block-depth0 fixed-tab-size public-DraftStyleDefault-text-ltr\"><span class=\"_2PHJq public-DraftStyleDefault-ltr\">\u00a0<\/span><\/div>\n<p id=\"viewer-kevec131\" class=\"mm8Nw _1j-51 _1FoOD _78FBa public-DraftStyleDefault-block-depth0 fixed-tab-size public-DraftStyleDefault-text-ltr\"><span class=\"_2PHJq public-DraftStyleDefault-ltr\">La gobernadora llam\u00f3 a los ah\u00ed reunidos a trabajar por el bien de M\u00e9xico y a transformar las contribuciones de los ciudadanos en acciones que mejoren la calidad de vida de las familias mexicanas, como en salud, educaci\u00f3n, seguridad, obra p\u00fablica, entre otros rubros.<\/span><\/p>\n<div id=\"viewer-xmbhi133\" class=\"mm8Nw _1j-51 _1FoOD _78FBa public-DraftStyleDefault-block-depth0 fixed-tab-size public-DraftStyleDefault-text-ltr\"><span class=\"_2PHJq public-DraftStyleDefault-ltr\">\u00a0<\/span><\/div>\n<p id=\"viewer-mllcf134\" class=\"mm8Nw _1j-51 _1FoOD _78FBa public-DraftStyleDefault-block-depth0 fixed-tab-size public-DraftStyleDefault-text-ltr\"><span class=\"_2PHJq public-DraftStyleDefault-ltr\">\u201cLas autoridades debemos responder a la ciudadan\u00eda con una mejor inversi\u00f3n de los recursos p\u00fablicos; recaudarlos de mejor manera, m\u00e1s efectiva y administrarlos de forma responsable y transparente\u201d, asegur\u00f3.<\/span><\/p>\n<div id=\"viewer-lz9qt136\" class=\"mm8Nw _1j-51 _1FoOD _78FBa public-DraftStyleDefault-block-depth0 fixed-tab-size public-DraftStyleDefault-text-ltr\"><span class=\"_2PHJq public-DraftStyleDefault-ltr\">\u00a0<\/span><\/div>\n<p id=\"viewer-nkogq137\" class=\"mm8Nw _1j-51 _1FoOD _78FBa public-DraftStyleDefault-block-depth0 fixed-tab-size public-DraftStyleDefault-text-ltr\"><span class=\"_2PHJq public-DraftStyleDefault-ltr\">En ese sentido, dijo que en Aguascalientes, las finanzas p\u00fablicas se ejercen bajo los criterios de transparencia, disciplina, racionalidad y eficiencia, gracias a lo cual, subray\u00f3, esta entidad tiene una calificaci\u00f3n de 99 por ciento en el \u00cdndice de Calidad de la Informaci\u00f3n y un 97 por ciento en el Sistema de Evaluaci\u00f3n de la Armonizaci\u00f3n Contable.<\/span><\/p>\n<div id=\"viewer-y0zwy139\" class=\"mm8Nw _1j-51 _1FoOD _78FBa public-DraftStyleDefault-block-depth0 fixed-tab-size public-DraftStyleDefault-text-ltr\"><span class=\"_2PHJq public-DraftStyleDefault-ltr\">\u00a0<\/span><\/div>\n<p id=\"viewer-3cv5o140\" class=\"mm8Nw _1j-51 _1FoOD _78FBa public-DraftStyleDefault-block-depth0 fixed-tab-size public-DraftStyleDefault-text-ltr\"><span class=\"_2PHJq public-DraftStyleDefault-ltr\">\u201cTrabajamos siempre apostando a las necesidades de nuestro estado y de nuestra gente para darles respuestas y soluciones; queremos ser un estado modelo y lograr que Aguascalientes siempre sea un ejemplo a nivel nacional\u201d, subray\u00f3 Tere Jim\u00e9nez.<\/span><\/p>\n<div id=\"viewer-35nmw142\" class=\"mm8Nw _1j-51 _1FoOD _78FBa public-DraftStyleDefault-block-depth0 fixed-tab-size public-DraftStyleDefault-text-ltr\"><span class=\"_2PHJq public-DraftStyleDefault-ltr\">\u00a0<\/span><\/div>\n<p id=\"viewer-afqox143\" class=\"mm8Nw _1j-51 _1FoOD _78FBa public-DraftStyleDefault-block-depth0 fixed-tab-size public-DraftStyleDefault-text-ltr\"><span class=\"_2PHJq public-DraftStyleDefault-ltr\">Por otro lado, refrend\u00f3 su compromiso de trabajar con la Federaci\u00f3n y los estados de la Rep\u00fablica; \u201ccon visi\u00f3n y esfuerzo tendremos finanzas fuertes y sanas que permitir\u00e1n poner a M\u00e9xico en donde siempre so\u00f1amos\u201d, resalt\u00f3.<\/span><\/p>\n<div id=\"viewer-oubvu145\" class=\"mm8Nw _1j-51 _1FoOD _78FBa public-DraftStyleDefault-block-depth0 fixed-tab-size public-DraftStyleDefault-text-ltr\"><span class=\"_2PHJq public-DraftStyleDefault-ltr\">\u00a0<\/span><\/div>\n<p id=\"viewer-tppbg146\" class=\"mm8Nw _1j-51 _1FoOD _78FBa public-DraftStyleDefault-block-depth0 fixed-tab-size public-DraftStyleDefault-text-ltr\"><span class=\"_2PHJq public-DraftStyleDefault-ltr\">Por su parte, Javier Jim\u00e9nez Jim\u00e9nez, secretario de Hacienda del estado de Chiapas y coordinador de la Comisi\u00f3n Permanente de Funcionarios Fiscales, agradeci\u00f3 la anfitrion\u00eda y hospitalidad del estado de Aguascalientes para llevar a cabo dicho encuentro en esta entidad, el cual, indic\u00f3, permitir\u00e1 compartir experiencias que enriquecer\u00e1n el manejo de las finanzas en cada uno de los estados y tomar las mejores decisiones en bien del pa\u00eds.<\/span><\/p>\n<div id=\"viewer-xqlhj148\" class=\"mm8Nw _1j-51 _1FoOD _78FBa public-DraftStyleDefault-block-depth0 fixed-tab-size public-DraftStyleDefault-text-ltr\"><span class=\"_2PHJq public-DraftStyleDefault-ltr\">\u00a0<\/span><\/div>\n<p id=\"viewer-0msqe149\" class=\"mm8Nw _1j-51 _1FoOD _78FBa public-DraftStyleDefault-block-depth0 fixed-tab-size public-DraftStyleDefault-text-ltr\"><span class=\"_2PHJq public-DraftStyleDefault-ltr\">Por \u00faltimo, el secretario de Finanzas del Estado de Aguascalientes, Alfredo Mart\u00edn Cervantes Garc\u00eda, confi\u00f3 en que los acuerdos que se deriven de este encuentro ser\u00e1n en beneficio de todas las familias de M\u00e9xico, y sobre todo para fortalecer el desarrollo econ\u00f3mico del pa\u00eds y de cada una de las entidades federativas.<\/span><\/p>\n<div id=\"viewer-v2ldo151\" class=\"mm8Nw _1j-51 _1FoOD _78FBa public-DraftStyleDefault-block-depth0 fixed-tab-size public-DraftStyleDefault-text-ltr\"><span class=\"_2PHJq public-DraftStyleDefault-ltr\">\u00a0<\/span><\/div>\n<p id=\"viewer-y47hp152\" class=\"mm8Nw _1j-51 _1FoOD _78FBa public-DraftStyleDefault-block-depth0 fixed-tab-size public-DraftStyleDefault-text-ltr\"><span class=\"_2PHJq public-DraftStyleDefault-ltr\">A la CCCLI Reuni\u00f3n Nacional de Funcionarios Fiscales, tambi\u00e9n asistieron Fernando Renoir Baca Rivera, titular de la Unidad de Coordinaci\u00f3n con Entidades Federativas de la Secretar\u00eda de Hacienda y Cr\u00e9dito P\u00fablico (SHCP); Armando Ocampo Zambrano, subprocurador de Asesor\u00eda y Defensa del Contribuyente de la Procuradur\u00eda de la Defensa del Contribuyente; Jos\u00e9 Federico Cota, director general de Legislaci\u00f3n y Consulta de la Procuradur\u00eda Fiscal de la Federaci\u00f3n; Marciano Cruz \u00c1ngeles, director general de Auditor\u00eda de Gasto Federalizado \u201cC\u201d de la Auditor\u00eda Superior de la Federaci\u00f3n; Antonio Garc\u00eda Carre\u00f1o, director general adjunto de Financiamiento y Asistencia T\u00e9cnica a Gobiernos de Banobras; el diputado Salvador Maximiliano Ram\u00edrez Hern\u00e1ndez, presidente de la Mesa Directiva del H. Congreso del Estado de Aguascalientes; Vanessa V\u00e1zquez Meseguer, directora general de Evaluaci\u00f3n y Estrategia Presupuestaria de la SHCP; Mar\u00eda de los \u00c1ngeles S\u00e1nchez Garc\u00eda, administradora de Verificaci\u00f3n y Evaluaci\u00f3n de Entidades Federativas en Materia de Coordinaci\u00f3n Fiscal \u201c2\u201d del SAT; Juan Pablo G\u00f3mez Diosdado, contralor del Estado de Aguascalientes; Alan Carbajal Z\u00fa\u00f1iga, director general de Transferencias Federales de la SHCP; entre otras autoridades<\/span><\/p>\n<\/div>\n<\/div>\n<\/div>\n<\/div>\n<\/div>\n<\/div>\n<\/div>\n<p>&nbsp;<\/p>\n<p><strong><a href=\"https:\/\/www.facebook.com\/GobiernodeAguascalientes\">#ElGiganteDeMexico<\/a><\/strong><\/p>\n<p>&nbsp;<\/p>\n","protected":false},"excerpt":{"rendered":"<p>#informativoelvalledeaguascalientes #novaradioaguascalientes Unidos tomaremos acciones contundentes en beneficio de M\u00e9xico: Tere Jim\u00e9nez\u00a0 La gobernadora inaugur\u00f3 la CCCLI Reuni\u00f3n Nacional de Funcionarios Fiscales En Aguascalientes, las finanzas p\u00fablicas se ejercen bajo los criterios de transparencia, disciplina, racionalidad y eficiencia \u00a0 La gobernadora de Aguascalientes, Tere Jim\u00e9nez, inaugur\u00f3 la CCCLI Reuni\u00f3n Nacional de Funcionarios Fiscales que se [&hellip;]<\/p>\n","protected":false},"author":1,"featured_media":43046,"comment_status":"closed","ping_status":"open","sticky":false,"template":"","format":"standard","meta":{"_monsterinsights_skip_tracking":false,"advanced_seo_description":"","jetpack_seo_html_title":"","jetpack_seo_noindex":false,"jetpack_seo_schema_type":"","_jetpack_newsletter_access":"","_jetpack_dont_email_post_to_subs":false,"_jetpack_newsletter_tier_id":0,"_jetpack_memberships_contains_paywalled_content":false,"_jetpack_feature_clip_id":0,"_jetpack_memberships_contains_paid_content":false,"footnotes":"","jetpack_publicize_message":"","jetpack_publicize_feature_enabled":true,"jetpack_social_post_already_shared":true,"jetpack_social_options":{"image_generator_settings":{"template":"highway","default_image_id":0,"font":"","enabled":false},"version":2},"jetpack_post_was_ever_published":false},"categories":[21,4],"tags":[22,161,320],"class_list":["post-43045","post","type-post","status-publish","format-standard","has-post-thumbnail","hentry","category-aguascalientes","category-gobierno-del-estado-aguascalientes","tag-aguascalientes","tag-gobierno-del-estado-aguascalientes","tag-tere-jimenez"],"jetpack_publicize_connections":[],"jetpack_featured_media_url":"https:\/\/i0.wp.com\/informativoelvalledeaguascalientes.online\/wp-content\/uploads\/2023\/04\/4-2-scaled.jpg?fit=2560%2C1627&ssl=1","jetpack-related-posts":[],"jetpack_sharing_enabled":true,"jetpack_likes_enabled":true,"_links":{"self":[{"href":"https:\/\/informativoelvalledeaguascalientes.online\/index.php?rest_route=\/wp\/v2\/posts\/43045","targetHints":{"allow":["GET"]}}],"collection":[{"href":"https:\/\/informativoelvalledeaguascalientes.online\/index.php?rest_route=\/wp\/v2\/posts"}],"about":[{"href":"https:\/\/informativoelvalledeaguascalientes.online\/index.php?rest_route=\/wp\/v2\/types\/post"}],"author":[{"embeddable":true,"href":"https:\/\/informativoelvalledeaguascalientes.online\/index.php?rest_route=\/wp\/v2\/users\/1"}],"replies":[{"embeddable":true,"href":"https:\/\/informativoelvalledeaguascalientes.online\/index.php?rest_route=%2Fwp%2Fv2%2Fcomments&post=43045"}],"version-history":[{"count":1,"href":"https:\/\/informativoelvalledeaguascalientes.online\/index.php?rest_route=\/wp\/v2\/posts\/43045\/revisions"}],"predecessor-version":[{"id":43047,"href":"https:\/\/informativoelvalledeaguascalientes.online\/index.php?rest_route=\/wp\/v2\/posts\/43045\/revisions\/43047"}],"wp:featuredmedia":[{"embeddable":true,"href":"https:\/\/informativoelvalledeaguascalientes.online\/index.php?rest_route=\/wp\/v2\/media\/43046"}],"wp:attachment":[{"href":"https:\/\/informativoelvalledeaguascalientes.online\/index.php?rest_route=%2Fwp%2Fv2%2Fmedia&parent=43045"}],"wp:term":[{"taxonomy":"category","embeddable":true,"href":"https:\/\/informativoelvalledeaguascalientes.online\/index.php?rest_route=%2Fwp%2Fv2%2Fcategories&post=43045"},{"taxonomy":"post_tag","embeddable":true,"href":"https:\/\/informativoelvalledeaguascalientes.online\/index.php?rest_route=%2Fwp%2Fv2%2Ftags&post=43045"}],"curies":[{"name":"wp","href":"https:\/\/api.w.org\/{rel}","templated":true}]}}