{"id":43042,"date":"2023-04-29T01:53:16","date_gmt":"2023-04-29T07:53:16","guid":{"rendered":"https:\/\/informativoelvalledeaguascalientes.online\/?p=43042"},"modified":"2023-04-29T01:53:16","modified_gmt":"2023-04-29T07:53:16","slug":"de-la-mano-con-uruguay-tere-jimenez-fortalecera-la-tradicion-vitivinicola-de-aguascalientes","status":"publish","type":"post","link":"https:\/\/informativoelvalledeaguascalientes.online\/?p=43042","title":{"rendered":"DE LA MANO CON URUGUAY, TERE JIM\u00c9NEZ FORTALECER\u00c1 LA TRADICI\u00d3N VITIVIN\u00cdCOLA DE AGUASCALIENTES"},"content":{"rendered":"<p><strong><a href=\"https:\/\/www.facebook.com\/hashtag\/informativoelvalledeaguascalientes\">#informativoelvalledeaguascalientes<\/a><\/strong><\/p>\n<p><strong><a href=\"https:\/\/www.facebook.com\/hashtag\/novaradioaguascalientes\">#novaradioaguascalientes<\/a><\/strong><\/p>\n<p><strong><a href=\"https:\/\/www.facebook.com\/GobiernodeAguascalientes\">#ElGiganteDeMexico<\/a><\/strong><\/p>\n<ul class=\"public-DraftStyleDefault-ul\">\n<li id=\"viewer-foo\" class=\"_3Kjjs _78FBa public-DraftStyleDefault-unorderedListItem public-DraftStyleDefault-depth0 public-DraftStyleDefault-list-ltr fixed-tab-size public-DraftStyleDefault-reset _1FoOD _78FBa\">\n<p class=\"_1j-51 _1FoOD _78FBa undefined\"><strong><em>Se acord\u00f3 el trabajo colaborativo entre universidades y empresas locales con especialistas en la producci\u00f3n del vino y enoturismo en Uruguay<\/em><\/strong><\/p>\n<\/li>\n<li id=\"viewer-25duv117\" class=\"_3Kjjs _78FBa public-DraftStyleDefault-unorderedListItem public-DraftStyleDefault-depth0 public-DraftStyleDefault-list-ltr fixed-tab-size _1FoOD _78FBa\">\n<p class=\"_1j-51 _1FoOD _78FBa undefined\"><strong><em>Esta tierra buena y su tradici\u00f3n vitivin\u00edcola dan identidad a los hidroc\u00e1lidos: Tere Jim\u00e9nez<\/em><\/strong><\/p>\n<\/li>\n<\/ul>\n<div id=\"viewer-8yxa2119\" class=\"mm8Nw _1j-51 _1FoOD _78FBa public-DraftStyleDefault-block-depth0 fixed-tab-size public-DraftStyleDefault-text-ltr\"><span class=\"_2PHJq public-DraftStyleDefault-ltr\">\u00a0<\/span><\/div>\n<p id=\"viewer-l48el120\" class=\"mm8Nw _1j-51 _1FoOD _78FBa public-DraftStyleDefault-block-depth0 fixed-tab-size public-DraftStyleDefault-text-ltr\"><span class=\"_2PHJq public-DraftStyleDefault-ltr\">Al reunirse con representantes de la Rep\u00fablica del Uruguay, la gobernadora de Aguascalientes, Tere Jim\u00e9nez, manifest\u00f3 la disposici\u00f3n de trabajar de la mano con este pa\u00eds para impulsar y consolidar proyectos que favorezcan la econom\u00eda del estado, como el cultivo de la vid para elaborar vinos de la m\u00e1s alta calidad.<\/span><\/p>\n<div id=\"viewer-bzczu122\" class=\"mm8Nw _1j-51 _1FoOD _78FBa public-DraftStyleDefault-block-depth0 fixed-tab-size public-DraftStyleDefault-text-ltr\"><span class=\"_2PHJq public-DraftStyleDefault-ltr\">\u00a0<\/span><\/div>\n<p id=\"viewer-7r2fr123\" class=\"mm8Nw _1j-51 _1FoOD _78FBa public-DraftStyleDefault-block-depth0 fixed-tab-size public-DraftStyleDefault-text-ltr\"><span class=\"_2PHJq public-DraftStyleDefault-ltr\">\u201cSomos un estado productivo; trabajamos con la educaci\u00f3n, el deporte y la cultura, aqu\u00ed tenemos todo para salir al mundo y decir \u00a1este es Aguascalientes!, queremos ser un ejemplo nacional e internacional, por ello, queremos aprender de ustedes en el tema de los vinos\u201d, subray\u00f3 la gobernadora.<\/span><\/p>\n<div id=\"viewer-yfc7v125\" class=\"mm8Nw _1j-51 _1FoOD _78FBa public-DraftStyleDefault-block-depth0 fixed-tab-size public-DraftStyleDefault-text-ltr\"><span class=\"_2PHJq public-DraftStyleDefault-ltr\">\u00a0<\/span><\/div>\n<p id=\"viewer-3bb82126\" class=\"mm8Nw _1j-51 _1FoOD _78FBa public-DraftStyleDefault-block-depth0 fixed-tab-size public-DraftStyleDefault-text-ltr\"><span class=\"_2PHJq public-DraftStyleDefault-ltr\">En ese sentido, dijo que la vinculaci\u00f3n entre Aguascalientes y los departamentos uruguayos de Canelones, Colonia, Florida y San Jos\u00e9, contribuir\u00e1 al intercambio de aprendizajes, conocimientos y buenas pr\u00e1cticas para el desarrollo de las cadenas de valor y potenciar as\u00ed las oportunidades de hacer negocios entre ambas partes.<\/span><\/p>\n<div id=\"viewer-0guqb128\" class=\"mm8Nw _1j-51 _1FoOD _78FBa public-DraftStyleDefault-block-depth0 fixed-tab-size public-DraftStyleDefault-text-ltr\"><span class=\"_2PHJq public-DraftStyleDefault-ltr\">\u00a0<\/span><\/div>\n<p id=\"viewer-oqoti129\" class=\"mm8Nw _1j-51 _1FoOD _78FBa public-DraftStyleDefault-block-depth0 fixed-tab-size public-DraftStyleDefault-text-ltr\"><span class=\"_2PHJq public-DraftStyleDefault-ltr\">\u201cEsta tierra buena y su tradici\u00f3n vitivin\u00edcola dan identidad a los hidroc\u00e1lidos; por ello, tambi\u00e9n damos impulso al desarrollo de programas acad\u00e9micos asociados a la vitivinicultura y al enoturismo\u201d, sostuvo Tere Jim\u00e9nez.<\/span><\/p>\n<div id=\"viewer-dn673131\" class=\"mm8Nw _1j-51 _1FoOD _78FBa public-DraftStyleDefault-block-depth0 fixed-tab-size public-DraftStyleDefault-text-ltr\"><span class=\"_2PHJq public-DraftStyleDefault-ltr\">\u00a0<\/span><\/div>\n<p id=\"viewer-add4d132\" class=\"mm8Nw _1j-51 _1FoOD _78FBa public-DraftStyleDefault-block-depth0 fixed-tab-size public-DraftStyleDefault-text-ltr\"><span class=\"_2PHJq public-DraftStyleDefault-ltr\">Asimismo, mencion\u00f3 que se trabaja de la mano con organismos empresariales para fortalecer los emprendimientos locales.<\/span><\/p>\n<div id=\"viewer-2rqm2134\" class=\"mm8Nw _1j-51 _1FoOD _78FBa public-DraftStyleDefault-block-depth0 fixed-tab-size public-DraftStyleDefault-text-ltr\"><span class=\"_2PHJq public-DraftStyleDefault-ltr\">\u00a0<\/span><\/div>\n<p id=\"viewer-1j1p2135\" class=\"mm8Nw _1j-51 _1FoOD _78FBa public-DraftStyleDefault-block-depth0 fixed-tab-size public-DraftStyleDefault-text-ltr\"><span class=\"_2PHJq public-DraftStyleDefault-ltr\">Por su parte, el secretario de Desarrollo Econ\u00f3mico, Ciencia y Tecnolog\u00eda (Sedecyt), Manuel Alejandro Gonz\u00e1lez Mart\u00ednez, explic\u00f3 que los acuerdos de colaboraci\u00f3n entre Aguascalientes y este pa\u00eds sudamericano, se establecieron como parte del Fondo Conjunto de Cooperaci\u00f3n M\u00e9xico-Uruguay, el cual busca profesionalizar los recursos humanos y fortalecer las capacidades instaladas, con el fin de facilitar el comercio entre ambas regiones.<\/span><\/p>\n<div id=\"viewer-s3ak7137\" class=\"mm8Nw _1j-51 _1FoOD _78FBa public-DraftStyleDefault-block-depth0 fixed-tab-size public-DraftStyleDefault-text-ltr\"><span class=\"_2PHJq public-DraftStyleDefault-ltr\">\u00a0<\/span><\/div>\n<p id=\"viewer-qzfsg138\" class=\"mm8Nw _1j-51 _1FoOD _78FBa public-DraftStyleDefault-block-depth0 fixed-tab-size public-DraftStyleDefault-text-ltr\"><span class=\"_2PHJq public-DraftStyleDefault-ltr\">La delegaci\u00f3n extranjera estuvo encabezada por el embajador del Uruguay en M\u00e9xico, An\u00edbal Fernando Cabral Segalerba, y le acompa\u00f1aron funcionarios p\u00fablicos y expertos en\u00f3logos de aquel pa\u00eds, as\u00ed como la secretaria de Turismo del estado de Aguascalientes, Gloria Romo Cuesta; Isidoro Armend\u00e1riz, titular de la Secretar\u00eda de Desarrollo Rural y Agroempresarial; Leonardo Monta\u00f1ez Castro, presidente municipal de Aguascalientes; Margarita Gallegos Soto, alcaldesa de San Francisco de los Romo; Eusebio Delgado Esparza, alcalde de Cos\u00edo; Cezar Pedroza Ortega, presidente municipal de El Llano; Humberto Ambriz Delgadillo, presidente municipal de Pabell\u00f3n de Arteaga, y Jos\u00e9 Manuel Gonz\u00e1lez Mota, presidente municipal de Asientos.\u00a0<\/span><\/p>\n<div id=\"viewer-9aurj140\" class=\"mm8Nw _1j-51 _1FoOD _3M0Fe public-DraftStyleDefault-block-depth0 fixed-tab-size public-DraftStyleDefault-text-ltr\"><\/div>\n","protected":false},"excerpt":{"rendered":"<p>#informativoelvalledeaguascalientes #novaradioaguascalientes #ElGiganteDeMexico Se acord\u00f3 el trabajo colaborativo entre universidades y empresas locales con especialistas en la producci\u00f3n del vino y enoturismo en Uruguay Esta tierra buena y su tradici\u00f3n vitivin\u00edcola dan identidad a los hidroc\u00e1lidos: Tere Jim\u00e9nez \u00a0 Al reunirse con representantes de la Rep\u00fablica del Uruguay, la gobernadora de Aguascalientes, Tere Jim\u00e9nez, manifest\u00f3 [&hellip;]<\/p>\n","protected":false},"author":1,"featured_media":43043,"comment_status":"closed","ping_status":"open","sticky":false,"template":"","format":"standard","meta":{"_monsterinsights_skip_tracking":false,"advanced_seo_description":"","jetpack_seo_html_title":"","jetpack_seo_noindex":false,"jetpack_seo_schema_type":"","_jetpack_newsletter_access":"","_jetpack_dont_email_post_to_subs":false,"_jetpack_newsletter_tier_id":0,"_jetpack_memberships_contains_paywalled_content":false,"_jetpack_feature_clip_id":0,"_jetpack_memberships_contains_paid_content":false,"footnotes":"","jetpack_publicize_message":"","jetpack_publicize_feature_enabled":true,"jetpack_social_post_already_shared":true,"jetpack_social_options":{"image_generator_settings":{"template":"highway","default_image_id":0,"font":"","enabled":false},"version":2},"jetpack_post_was_ever_published":false},"categories":[21,4],"tags":[22,161],"class_list":["post-43042","post","type-post","status-publish","format-standard","has-post-thumbnail","hentry","category-aguascalientes","category-gobierno-del-estado-aguascalientes","tag-aguascalientes","tag-gobierno-del-estado-aguascalientes"],"jetpack_publicize_connections":[],"jetpack_featured_media_url":"https:\/\/i0.wp.com\/informativoelvalledeaguascalientes.online\/wp-content\/uploads\/2023\/04\/WhatsApp-Image-2023-04-28-at-20.25.48-1.jpeg?fit=1280%2C1042&ssl=1","jetpack-related-posts":[],"jetpack_sharing_enabled":true,"jetpack_likes_enabled":true,"_links":{"self":[{"href":"https:\/\/informativoelvalledeaguascalientes.online\/index.php?rest_route=\/wp\/v2\/posts\/43042","targetHints":{"allow":["GET"]}}],"collection":[{"href":"https:\/\/informativoelvalledeaguascalientes.online\/index.php?rest_route=\/wp\/v2\/posts"}],"about":[{"href":"https:\/\/informativoelvalledeaguascalientes.online\/index.php?rest_route=\/wp\/v2\/types\/post"}],"author":[{"embeddable":true,"href":"https:\/\/informativoelvalledeaguascalientes.online\/index.php?rest_route=\/wp\/v2\/users\/1"}],"replies":[{"embeddable":true,"href":"https:\/\/informativoelvalledeaguascalientes.online\/index.php?rest_route=%2Fwp%2Fv2%2Fcomments&post=43042"}],"version-history":[{"count":1,"href":"https:\/\/informativoelvalledeaguascalientes.online\/index.php?rest_route=\/wp\/v2\/posts\/43042\/revisions"}],"predecessor-version":[{"id":43044,"href":"https:\/\/informativoelvalledeaguascalientes.online\/index.php?rest_route=\/wp\/v2\/posts\/43042\/revisions\/43044"}],"wp:featuredmedia":[{"embeddable":true,"href":"https:\/\/informativoelvalledeaguascalientes.online\/index.php?rest_route=\/wp\/v2\/media\/43043"}],"wp:attachment":[{"href":"https:\/\/informativoelvalledeaguascalientes.online\/index.php?rest_route=%2Fwp%2Fv2%2Fmedia&parent=43042"}],"wp:term":[{"taxonomy":"category","embeddable":true,"href":"https:\/\/informativoelvalledeaguascalientes.online\/index.php?rest_route=%2Fwp%2Fv2%2Fcategories&post=43042"},{"taxonomy":"post_tag","embeddable":true,"href":"https:\/\/informativoelvalledeaguascalientes.online\/index.php?rest_route=%2Fwp%2Fv2%2Ftags&post=43042"}],"curies":[{"name":"wp","href":"https:\/\/api.w.org\/{rel}","templated":true}]}}